{"id":33419,"date":"2014-11-12T15:06:55","date_gmt":"2014-11-12T12:06:55","guid":{"rendered":"https:\/\/www.enerjigazetesi.ist\/?p=33419"},"modified":"2014-11-12T15:06:55","modified_gmt":"2014-11-12T12:06:55","slug":"dar-gelirlinin-elektrik-faturasinin-bir-bolumunu-devlet-ustlenecek","status":"publish","type":"post","link":"https:\/\/www.enerjigazetesi.ist\/en\/dar-gelirlinin-elektrik-faturasinin-bir-bolumunu-devlet-ustlenecek\/","title":{"rendered":"(Turkish) Dar Gelirlinin Elektrik Faturas\u0131n\u0131n Bir B\u00f6l\u00fcm\u00fcn\u00fc Devlet \u00dcstlenecek!"},"content":{"rendered":"<p class=\"qtranxs-available-languages-message qtranxs-available-languages-message-en\">Sorry, this entry is only available in <a href=\"https:\/\/www.enerjigazetesi.ist\/tr\/wp-json\/wp\/v2\/posts\/33419\" class=\"qtranxs-available-language-link qtranxs-available-language-link-tr\" title=\"Turkish\">Turkish<\/a>. For the sake of viewer convenience, the content is shown below in the alternative language. You may click the link to switch the active language.<\/p><p><\/p>\n<p style=\"color: #3c3c3c;\"><strong>Enerji Piyasas\u0131 D\u00fczenleme Kurumu (EPDK) Ba\u015fkan\u0131 Mustafa Y\u0131lmaz\u2019\u0131n, \u00f6n\u00fcm\u00fczdeki d\u00f6nemde desteklenmesi i\u00e7in \u00e7al\u0131\u015fma yap\u0131laca\u011f\u0131n\u0131 a\u00e7\u0131klad\u0131\u011f\u0131 \u2018k\u0131r\u0131lgan t\u00fcketici\u2019 ya da dar gelirlilere y\u00f6nelik elektrikteki te\u015fvik uygulamas\u0131n\u0131n ayr\u0131nt\u0131lar\u0131 ortaya \u00e7\u0131kt\u0131.<a href=\"https:\/\/www.enerjigazetesi.ist\/wp-content\/uploads\/2014\/11\/elektrik-fatura-3890239023.jpg\"><img loading=\"lazy\" class=\"alignleft size-medium wp-image-33420\" src=\"https:\/\/www.enerjigazetesi.ist\/wp-content\/uploads\/2014\/11\/elektrik-fatura-3890239023-300x224.jpg\" alt=\"elektrik-fatura-3890239023\" width=\"300\" height=\"224\" srcset=\"https:\/\/www.enerjigazetesi.ist\/wp-content\/uploads\/2014\/11\/elektrik-fatura-3890239023-300x224.jpg 300w, https:\/\/www.enerjigazetesi.ist\/wp-content\/uploads\/2014\/11\/elektrik-fatura-3890239023-500x374.jpg 500w, https:\/\/www.enerjigazetesi.ist\/wp-content\/uploads\/2014\/11\/elektrik-fatura-3890239023-66x50.jpg 66w, https:\/\/www.enerjigazetesi.ist\/wp-content\/uploads\/2014\/11\/elektrik-fatura-3890239023.jpg 870w\" sizes=\"(max-width: 300px) 100vw, 300px\" \/><\/a><\/strong><\/p>\n<p style=\"color: #3c3c3c;\"><span id=\"more-67931\"><\/span>\u00c7al\u0131\u015fma kapsam\u0131nda \u2018k\u0131r\u0131lgan m\u00fc\u015fterilerin\u2019, ayl\u0131k t\u00fcketti\u011fi elektri\u011fin belli bir b\u00f6l\u00fcm\u00fcn\u00fcn bedelini devlet kar\u015f\u0131layacak. Bu grupta yer alan vatanda\u015f, \u00f6nce faturas\u0131n\u0131 \u00f6deyecek. Devletin g\u00f6revlendirdi\u011fi bir kurum, te\u015fvik kapsam\u0131ndaki tutar\u0131 vatanda\u015fa belli bir s\u00fcre i\u00e7inde iade edecek.<\/p>\n<p style=\"color: #3c3c3c;\">\u2018K\u0131r\u0131lgan m\u00fc\u015fteriler\u2019e elektrik te\u015fvikini, da\u011f\u0131t\u0131m \u015firketlerinin olu\u015fturdu\u011fu \u00e7at\u0131 \u00f6rg\u00fct\u00fc ELDER de destekliyor.<\/p>\n<p style=\"color: #3c3c3c;\">Bu \u00e7er\u00e7evede Enerji ve Tabii Kaynaklar Bakanl\u0131\u011f\u0131 ile Aile ve Sosyal Politikalar Bakanl\u0131\u011f\u0131 koordinasyonunda bir \u00e7al\u0131\u015fma y\u00fcr\u00fct\u00fcl\u00fcyor. \u00c7al\u0131\u015fma kapsam\u0131nda \u2018k\u0131r\u0131lgan m\u00fc\u015fteri\u2019 olarak nitelendirilen alt gelir grubunun, t\u00fcketti\u011fi ayl\u0131k elektri\u011fin belli bir b\u00f6l\u00fcm\u00fcn\u00fc devletin kar\u015f\u0131lamas\u0131 hedefleniyor. Hen\u00fcz, te\u015fvik edilecek tutar ve te\u015fvikten yararlanacak gelir grubu belli olmad\u0131. Uygulaman\u0131n devreye girmesi halinde te\u015fvikten yararlanma hakk\u0131 kazanan vatanda\u015f, \u00f6nce elektrik faturas\u0131n\u0131 \u00f6deyecek. Devletin g\u00f6revlendirdi\u011fi bir kurum, te\u015fvik kapsam\u0131ndaki tutar\u0131 vatanda\u015fa \u00f6ng\u00f6r\u00fclen s\u00fcre i\u00e7inde iade edecek.<\/p>\n<p style=\"color: #3c3c3c;\">Kaynak: Enerji Enstit\u00fcs\u00fc<\/p>\n<p><\/p>","protected":false},"excerpt":{"rendered":"<p>Sorry, this entry is only available in Turkish. For the sake of viewer convenience, the content is shown below in the alternative language. You may click the link to switch the active language. Enerji Piyasas\u0131 D\u00fczenleme Kurumu (EPDK) Ba\u015fkan\u0131 Mustafa Y\u0131lmaz\u2019\u0131n, \u00f6n\u00fcm\u00fczdeki d\u00f6nemde desteklenmesi i\u00e7in \u00e7al\u0131\u015fma yap\u0131laca\u011f\u0131n\u0131 a\u00e7\u0131klad\u0131\u011f\u0131 \u2018k\u0131r\u0131lgan t\u00fcketici\u2019 ya da dar gelirlilere y\u00f6nelik [&hellip;]<\/p>\n","protected":false},"author":1,"featured_media":33420,"comment_status":"open","ping_status":"open","sticky":false,"template":"","format":"standard","meta":[],"categories":[51,53],"tags":[19504,19505,1824,1229,19506,1046,750,19507,12996],"views":739,"_links":{"self":[{"href":"https:\/\/www.enerjigazetesi.ist\/en\/wp-json\/wp\/v2\/posts\/33419"}],"collection":[{"href":"https:\/\/www.enerjigazetesi.ist\/en\/wp-json\/wp\/v2\/posts"}],"about":[{"href":"https:\/\/www.enerjigazetesi.ist\/en\/wp-json\/wp\/v2\/types\/post"}],"author":[{"embeddable":true,"href":"https:\/\/www.enerjigazetesi.ist\/en\/wp-json\/wp\/v2\/users\/1"}],"replies":[{"embeddable":true,"href":"https:\/\/www.enerjigazetesi.ist\/en\/wp-json\/wp\/v2\/comments?post=33419"}],"version-history":[{"count":1,"href":"https:\/\/www.enerjigazetesi.ist\/en\/wp-json\/wp\/v2\/posts\/33419\/revisions"}],"predecessor-version":[{"id":33421,"href":"https:\/\/www.enerjigazetesi.ist\/en\/wp-json\/wp\/v2\/posts\/33419\/revisions\/33421"}],"wp:featuredmedia":[{"embeddable":true,"href":"https:\/\/www.enerjigazetesi.ist\/en\/wp-json\/wp\/v2\/media\/33420"}],"wp:attachment":[{"href":"https:\/\/www.enerjigazetesi.ist\/en\/wp-json\/wp\/v2\/media?parent=33419"}],"wp:term":[{"taxonomy":"category","embeddable":true,"href":"https:\/\/www.enerjigazetesi.ist\/en\/wp-json\/wp\/v2\/categories?post=33419"},{"taxonomy":"post_tag","embeddable":true,"href":"https:\/\/www.enerjigazetesi.ist\/en\/wp-json\/wp\/v2\/tags?post=33419"}],"curies":[{"name":"wp","href":"https:\/\/api.w.org\/{rel}","templated":true}]}}