{"id":33413,"date":"2014-11-12T14:38:17","date_gmt":"2014-11-12T11:38:17","guid":{"rendered":"https:\/\/www.enerjigazetesi.ist\/?p=33413"},"modified":"2014-11-12T15:02:04","modified_gmt":"2014-11-12T12:02:04","slug":"rusya-iranda-2-yeni-nukleer-santral-insa-edecek","status":"publish","type":"post","link":"https:\/\/www.enerjigazetesi.ist\/en\/rusya-iranda-2-yeni-nukleer-santral-insa-edecek\/","title":{"rendered":"(Turkish) Rusya, \u0130ran\u2019da 2 Yeni N\u00fckleer Santral \u0130n\u015fa Edecek!"},"content":{"rendered":"<p class=\"qtranxs-available-languages-message qtranxs-available-languages-message-en\">Sorry, this entry is only available in <a href=\"https:\/\/www.enerjigazetesi.ist\/tr\/wp-json\/wp\/v2\/posts\/33413\" class=\"qtranxs-available-language-link qtranxs-available-language-link-tr\" title=\"Turkish\">Turkish<\/a>. For the sake of viewer convenience, the content is shown below in the alternative language. You may click the link to switch the active language.<\/p><p><\/p>\n<p style=\"color: #3c3c3c;\"><strong>Rusya ve \u0130ran aras\u0131nda Moskova\u2019da imzalanan n\u00fckleer anla\u015fma kapsam\u0131nda, Rusya\u2019n\u0131n, \u0130ran\u2019da 2 yeni n\u00fckleer enerji santrali in\u015fa\u00a0edecek.<\/strong><span id=\"more-67925\"><\/span><\/p>\n<p style=\"color: #3c3c3c;\">\u0130ran resmi haber ajans\u0131 \u0130RNA\u2019n\u0131n haberine g\u00f6re, Moskova\u2019da bulunan \u0130ran Atom Enerjisi Kurumu Ba\u015fkan\u0131 (\u0130AEK) Ali Ekber Salihi ve Rosatom Ba\u015fkan\u0131 Sergey <a href=\"https:\/\/www.enerjigazetesi.ist\/wp-content\/uploads\/2014\/11\/iran-n\u00fckleer-santral-2398323.jpg\"><img loading=\"lazy\" class=\"alignright size-medium wp-image-33414\" src=\"https:\/\/www.enerjigazetesi.ist\/wp-content\/uploads\/2014\/11\/iran-n\u00fckleer-santral-2398323-300x149.jpg\" alt=\"iran-n\u00fckleer-santral-2398323\" width=\"300\" height=\"149\" srcset=\"https:\/\/www.enerjigazetesi.ist\/wp-content\/uploads\/2014\/11\/iran-n\u00fckleer-santral-2398323-300x149.jpg 300w, https:\/\/www.enerjigazetesi.ist\/wp-content\/uploads\/2014\/11\/iran-n\u00fckleer-santral-2398323-500x249.jpg 500w, https:\/\/www.enerjigazetesi.ist\/wp-content\/uploads\/2014\/11\/iran-n\u00fckleer-santral-2398323-80x39.jpg 80w, https:\/\/www.enerjigazetesi.ist\/wp-content\/uploads\/2014\/11\/iran-n\u00fckleer-santral-2398323.jpg 795w\" sizes=\"(max-width: 300px) 100vw, 300px\" \/><\/a>Kiriyenko, iki \u00fclke aras\u0131nda n\u00fckleer i\u015fbirli\u011fini \u00f6ng\u00f6ren bir dizi anla\u015fma imzalad\u0131.<\/p>\n<p style=\"color: #3c3c3c;\">Anla\u015fmaya g\u00f6re Rusya, \u0130ran i\u00e7in Bu\u015fehr\u2019deki n\u00fckleer santralin yak\u0131nlar\u0131nda 2 n\u00fckleer santral daha in\u015fa edecek.<\/p>\n<p style=\"color: #3c3c3c;\">\u0130mzalanan anla\u015fma iki \u00fclke aras\u0131nda n\u00fckleer i\u015fbirli\u011finin art\u0131r\u0131lmas\u0131n\u0131 da \u00f6ng\u00f6r\u00fcyor. \u0130ran Atom Enerjisi Kurumu Ba\u015fkan\u0131 Salihi, anla\u015fma i\u00e7in, \u201ciki \u00fclke ili\u015fkileri a\u00e7\u0131s\u0131ndan d\u00f6n\u00fcm noktas\u0131\u201d ifadesini kulland\u0131.<\/p>\n<p style=\"color: #3c3c3c;\">Anla\u015fma kapsam\u0131nda, gelecekte de yeni n\u00fckleer santrallerin in\u015fas\u0131n\u0131n \u00f6ng\u00f6r\u00fcld\u00fc\u011f\u00fcn\u00fc belirten Salihi, \u201cToplamda, Bu\u015fehr\u2019de 5 n\u00fckleer enerji santrali in\u015fa edilecek ancak bu anla\u015fmada bunlardan ikisinin in\u015fas\u0131 karara ba\u011fland\u0131\u201d dedi.<\/p>\n<p style=\"color: #3c3c3c;\">Rusya resmi haber ajans\u0131 Ria Novosti\u2019nin bildirdi\u011fine g\u00f6re, anla\u015fma kapsam\u0131nda ayr\u0131ca 4\u2019\u00fc Bu\u015fehr\u2019de olmak \u00fczere, 8 birim bas\u0131n\u00e7l\u0131 su reakt\u00f6r\u00fc de in\u015fa edilecek ve santrallerdeki yak\u0131t Rusya taraf\u0131ndan sa\u011flanacak.<\/p>\n<p style=\"color: #3c3c3c;\">\u0130mzalanan anla\u015fman\u0131n tamamiyle Uluslararas\u0131 Atom Enerjisi Kurumunun (UAEK) g\u00fcvencesi alt\u0131nda bulundu\u011fu bildirildi.<\/p>\n<p style=\"color: #3c3c3c;\">Mart ay\u0131nda Rusya\u2019n\u0131n Rosatom Kurumu ve \u0130ran aras\u0131nda Bu\u015fehr\u2019de en az iki yeni n\u00fckleer santralin kurulmas\u0131na ili\u015fkin \u00f6n anla\u015fmaya var\u0131lm\u0131\u015ft\u0131.<\/p>\n<p style=\"color: #3c3c3c;\">Kaynak: Enerji Enstit\u00fcs\u00fc<\/p>\n<p><\/p>","protected":false},"excerpt":{"rendered":"<p>Sorry, this entry is only available in Turkish. For the sake of viewer convenience, the content is shown below in the alternative language. You may click the link to switch the active language. Rusya ve \u0130ran aras\u0131nda Moskova\u2019da imzalanan n\u00fckleer anla\u015fma kapsam\u0131nda, Rusya\u2019n\u0131n, \u0130ran\u2019da 2 yeni n\u00fckleer enerji santrali in\u015fa\u00a0edecek. \u0130ran resmi haber ajans\u0131 \u0130RNA\u2019n\u0131n [&hellip;]<\/p>\n","protected":false},"author":1,"featured_media":33414,"comment_status":"open","ping_status":"open","sticky":false,"template":"","format":"standard","meta":[],"categories":[53,43],"tags":[19501,11679,12224,3767,4286,2587,15276,947,946],"views":703,"_links":{"self":[{"href":"https:\/\/www.enerjigazetesi.ist\/en\/wp-json\/wp\/v2\/posts\/33413"}],"collection":[{"href":"https:\/\/www.enerjigazetesi.ist\/en\/wp-json\/wp\/v2\/posts"}],"about":[{"href":"https:\/\/www.enerjigazetesi.ist\/en\/wp-json\/wp\/v2\/types\/post"}],"author":[{"embeddable":true,"href":"https:\/\/www.enerjigazetesi.ist\/en\/wp-json\/wp\/v2\/users\/1"}],"replies":[{"embeddable":true,"href":"https:\/\/www.enerjigazetesi.ist\/en\/wp-json\/wp\/v2\/comments?post=33413"}],"version-history":[{"count":2,"href":"https:\/\/www.enerjigazetesi.ist\/en\/wp-json\/wp\/v2\/posts\/33413\/revisions"}],"predecessor-version":[{"id":33418,"href":"https:\/\/www.enerjigazetesi.ist\/en\/wp-json\/wp\/v2\/posts\/33413\/revisions\/33418"}],"wp:featuredmedia":[{"embeddable":true,"href":"https:\/\/www.enerjigazetesi.ist\/en\/wp-json\/wp\/v2\/media\/33414"}],"wp:attachment":[{"href":"https:\/\/www.enerjigazetesi.ist\/en\/wp-json\/wp\/v2\/media?parent=33413"}],"wp:term":[{"taxonomy":"category","embeddable":true,"href":"https:\/\/www.enerjigazetesi.ist\/en\/wp-json\/wp\/v2\/categories?post=33413"},{"taxonomy":"post_tag","embeddable":true,"href":"https:\/\/www.enerjigazetesi.ist\/en\/wp-json\/wp\/v2\/tags?post=33413"}],"curies":[{"name":"wp","href":"https:\/\/api.w.org\/{rel}","templated":true}]}}