{"id":334,"date":"2012-06-08T06:56:19","date_gmt":"2012-06-08T06:56:19","guid":{"rendered":"https:\/\/www.enerjigazetesi.ist\/?p=334"},"modified":"2012-06-08T06:59:00","modified_gmt":"2012-06-08T06:59:00","slug":"deponi-gazindan-elektrik-enerjisi-uretim-tesisi-ile-100-bin-nufuslu-bir-kentin-gunluk-ihtiyacini-karsilayacak","status":"publish","type":"post","link":"https:\/\/www.enerjigazetesi.ist\/en\/deponi-gazindan-elektrik-enerjisi-uretim-tesisi-ile-100-bin-nufuslu-bir-kentin-gunluk-ihtiyacini-karsilayacak\/","title":{"rendered":"(Turkish) Deponi Gaz\u0131ndan Elektrik Enerjisi \u00dcretimi ile G\u00fcnl\u00fck \u0130htiya\u00e7 Kar\u015f\u0131lanacak."},"content":{"rendered":"<p class=\"qtranxs-available-languages-message qtranxs-available-languages-message-en\">Sorry, this entry is only available in <a href=\"https:\/\/www.enerjigazetesi.ist\/tr\/wp-json\/wp\/v2\/posts\/334\" class=\"qtranxs-available-language-link qtranxs-available-language-link-tr\" title=\"Turkish\">Turkish<\/a>. For the sake of viewer convenience, the content is shown below in the alternative language. You may click the link to switch the active language.<\/p><p><\/p>\n<h1><img loading=\"lazy\" class=\"alignleft size-full wp-image-335\" title=\"konya\" src=\"https:\/\/www.enerjigazetesi.ist\/wp-content\/uploads\/2012\/06\/konya.jpg\" alt=\"elektrik \u00fcretimi\" width=\"300\" height=\"225\" srcset=\"https:\/\/www.enerjigazetesi.ist\/wp-content\/uploads\/2012\/06\/konya.jpg 300w, https:\/\/www.enerjigazetesi.ist\/wp-content\/uploads\/2012\/06\/konya-66x50.jpg 66w\" sizes=\"(max-width: 300px) 100vw, 300px\" \/>Konya&#8217;daki Asl\u0131m Kat\u0131 At\u0131k Depolama Sahas\u0131&#8217;na yap\u0131lan &#8221;Deponi Gaz\u0131ndan Elektrik Enerjisi \u00dcretim Tesisi&#8221; ile 100 bin n\u00fcfuslu bir kentin g\u00fcnl\u00fck ihtiyac\u0131n\u0131 kar\u015f\u0131layacak kadar elektrik \u00fcretiliyor.<\/h1>\n<p>Konya B\u00fcy\u00fck\u015fehir Belediye Ba\u015fkan\u0131 Tahir Aky\u00fcrek, Asl\u0131m Kat\u0131 At\u0131k Depolama Sahas\u0131&#8217;ndaki \u00fcretim tesisinde yapt\u0131\u011f\u0131 tan\u0131t\u0131m toplant\u0131s\u0131nda, \u015fu an d\u00fcnyada en \u00f6nemli konunun kaliteli ya\u015fam\u0131n s\u00fcrd\u00fcr\u00fclebilmesi i\u00e7in temiz hava, su ve toprak oldu\u011funu s\u00f6yledi.<\/p>\n<p>\u0130leri bir tarihte kent park\u0131 ve g\u00fcne\u015f enerjisi \u00fcretim tesisi olacak olan Konya&#8217;daki \u00e7\u00f6p sahas\u0131n\u0131n \u015fu anda metan gaz\u0131ndan elektrik \u00fcreten bir fabrika konumunda oldu\u011fu vurgulayan Aky\u00fcrek, &#8221;Konya \u00e7\u00f6pl\u00fc\u011f\u00fc \u015fu anda bir maden, \u00fcretim ve istihdam sahas\u0131 konumunda. \u015eu anda bu tesis T\u00fcrkiye&#8217;nin d\u00fcnyaya \u00f6rnek g\u00f6sterebilece\u011fi bir tesis&#8221; dedi.<\/p>\n<p>T\u00fcrkiye&#8217;de bug\u00fcne kadar sadece Ankara&#8217;da bulunan b\u00f6yle bir tesisin \u015fimdi de Konya&#8217;da kuruldu\u011funu anlatan Aky\u00fcrek, &#8221;Bu tesis, sadece Konya ve T\u00fcrkiye a\u00e7\u0131s\u0131ndan de\u011fil, d\u00fcnya insanl\u0131\u011f\u0131 a\u00e7\u0131s\u0131ndan da katk\u0131 yapan \u00f6nemli ve \u00f6nc\u00fc bir tesis. Yenilenebilir enerji, d\u00fcnyan\u0131n g\u00fcndeminde olan bir konu. Burada yenilenebilir enerji tesisi g\u00f6r\u00fcyorsunuz&#8221; diye konu\u015ftu.<\/p>\n<p>-\u00dcretti\u011fi elektrik 19 bin konuta yetiyor-<\/p>\n<p>Aky\u00fcrek, 4 \u00fcniteden olu\u015fan tesisin toplam kapasitesinin saatte 6 megavat oldu\u011funu s\u00f6yledi.<\/p>\n<p>\u015eu anda saatte 4 MW kapasiteyle \u00e7al\u0131\u015fan tesiste yakla\u015f\u0131k 19 bin konuta yetecek kadar elektrik \u00fcretildi\u011fini anlatan Aky\u00fcrek, bunun da 100 bin n\u00fcfuslu bir kentin g\u00fcnl\u00fck elektrik ihtiyac\u0131n\u0131 kar\u015f\u0131layabilmesi anlam\u0131na geldi\u011fini ifade etti.<\/p>\n<p>50 milyon liraya mal olan tesisin yap-i\u015flet modeliyle hayata ge\u00e7irildi\u011fini belirten Aky\u00fcrek, \u015funlar\u0131 kaydetti:<\/p>\n<p>&#8221;Bu tesisle birlikte \u00fclke b\u00fct\u00e7esine de katk\u0131da bulunuyoruz. Enerjide d\u0131\u015fa ba\u011f\u0131ml\u0131y\u0131z. Burada 100 bin ki\u015fiye yetecek enerji \u00fcreterek, ayn\u0131 zamanda do\u011falgaz ithalat\u0131n\u0131n azalmas\u0131na, petrol ithalat\u0131na kar\u0131nca karar\u0131nca Konya olarak bir miktar katk\u0131 yapm\u0131\u015f oluyoruz. Kat\u0131 at\u0131k y\u00f6netim sistemimiz ekolojik belediyecili\u011fimizin en \u00f6nemli aya\u011f\u0131n\u0131 olu\u015fturuyor.&#8221;<\/p>\n<p>Aky\u00fcrek, \u015fehrin d\u0131\u015f\u0131nda tar\u0131ma uygun olmayan bir arazide &#8221;Konya Entegre Kat\u0131 At\u0131k Y\u00f6netim Merkezi&#8221; kurulaca\u011f\u0131n\u0131 ve bu tesisin de yakla\u015f\u0131k 23 milyon avroya mal olaca\u011f\u0131n\u0131 s\u00f6zlerine ekledi.<\/p>\n<p>Kaynak: <a href=\"http:\/\/www.cihan.com.tr\">CHA<\/a><\/p>","protected":false},"excerpt":{"rendered":"<p>Sorry, this entry is only available in Turkish. For the sake of viewer convenience, the content is shown below in the alternative language. You may click the link to switch the active language. Konya&#8217;daki Asl\u0131m Kat\u0131 At\u0131k Depolama Sahas\u0131&#8217;na yap\u0131lan &#8221;Deponi Gaz\u0131ndan Elektrik Enerjisi \u00dcretim Tesisi&#8221; ile 100 bin n\u00fcfuslu bir kentin g\u00fcnl\u00fck ihtiyac\u0131n\u0131 kar\u015f\u0131layacak [&hellip;]<\/p>\n","protected":false},"author":1,"featured_media":335,"comment_status":"open","ping_status":"open","sticky":false,"template":"","format":"standard","meta":[],"categories":[51,53,52],"tags":[],"views":915,"_links":{"self":[{"href":"https:\/\/www.enerjigazetesi.ist\/en\/wp-json\/wp\/v2\/posts\/334"}],"collection":[{"href":"https:\/\/www.enerjigazetesi.ist\/en\/wp-json\/wp\/v2\/posts"}],"about":[{"href":"https:\/\/www.enerjigazetesi.ist\/en\/wp-json\/wp\/v2\/types\/post"}],"author":[{"embeddable":true,"href":"https:\/\/www.enerjigazetesi.ist\/en\/wp-json\/wp\/v2\/users\/1"}],"replies":[{"embeddable":true,"href":"https:\/\/www.enerjigazetesi.ist\/en\/wp-json\/wp\/v2\/comments?post=334"}],"version-history":[{"count":5,"href":"https:\/\/www.enerjigazetesi.ist\/en\/wp-json\/wp\/v2\/posts\/334\/revisions"}],"predecessor-version":[{"id":337,"href":"https:\/\/www.enerjigazetesi.ist\/en\/wp-json\/wp\/v2\/posts\/334\/revisions\/337"}],"wp:featuredmedia":[{"embeddable":true,"href":"https:\/\/www.enerjigazetesi.ist\/en\/wp-json\/wp\/v2\/media\/335"}],"wp:attachment":[{"href":"https:\/\/www.enerjigazetesi.ist\/en\/wp-json\/wp\/v2\/media?parent=334"}],"wp:term":[{"taxonomy":"category","embeddable":true,"href":"https:\/\/www.enerjigazetesi.ist\/en\/wp-json\/wp\/v2\/categories?post=334"},{"taxonomy":"post_tag","embeddable":true,"href":"https:\/\/www.enerjigazetesi.ist\/en\/wp-json\/wp\/v2\/tags?post=334"}],"curies":[{"name":"wp","href":"https:\/\/api.w.org\/{rel}","templated":true}]}}