{"id":33376,"date":"2014-11-11T16:50:21","date_gmt":"2014-11-11T13:50:21","guid":{"rendered":"https:\/\/www.enerjigazetesi.ist\/?p=33376"},"modified":"2014-11-11T16:50:21","modified_gmt":"2014-11-11T13:50:21","slug":"ermenekteki-maden-felaketi-nedeniyle-5-kisi-tutuklandi","status":"publish","type":"post","link":"https:\/\/www.enerjigazetesi.ist\/en\/ermenekteki-maden-felaketi-nedeniyle-5-kisi-tutuklandi\/","title":{"rendered":"(Turkish) Ermenek\u2019teki Maden Felaketi Nedeniyle 5 Ki\u015fi Tutukland\u0131!"},"content":{"rendered":"<p class=\"qtranxs-available-languages-message qtranxs-available-languages-message-en\">Sorry, this entry is only available in <a href=\"https:\/\/www.enerjigazetesi.ist\/tr\/wp-json\/wp\/v2\/posts\/33376\" class=\"qtranxs-available-language-link qtranxs-available-language-link-tr\" title=\"Turkish\">Turkish<\/a>. For the sake of viewer convenience, the content is shown below in the alternative language. You may click the link to switch the active language.<\/p><p><\/p>\n<p style=\"color: #3c3c3c;\"><strong>Ermenek\u2019teki maden felaketi nedeniyle n\u00f6bet\u00e7i hakimli\u011fe sevk edilen 8 ki\u015fiden \u015firket sahibi Saffet Uyar dahil 5 ki\u015fi tutukland\u0131.<\/strong><strong>Ermenek\u2019te su basan ve 2 i\u015f\u00e7inin \u00f6ld\u00fc\u011f\u00fc, 16 i\u015f\u00e7inin de halen yeralt\u0131nda oldu\u011fu maden felaketiyle ilgili g\u00f6zalt\u0131na al\u0131nan 8 ki\u015fi tutuklama talebiyle n\u00f6bet\u00e7i hakimli\u011fe sevk edildi.<br \/>\n<\/strong><\/p>\n<p style=\"color: #3c3c3c;\">Madenin sahibi Has \u015eekerler Madencilik \u015e<img loading=\"lazy\" class=\"alignleft size-medium wp-image-33377\" src=\"https:\/\/www.enerjigazetesi.ist\/wp-content\/uploads\/2014\/11\/ermenek-maden-kazas\u0131-23980323-300x199.jpg\" alt=\"ermenek-maden-kazas\u0131-23980323\" width=\"300\" height=\"199\" srcset=\"https:\/\/www.enerjigazetesi.ist\/wp-content\/uploads\/2014\/11\/ermenek-maden-kazas\u0131-23980323-300x199.jpg 300w, https:\/\/www.enerjigazetesi.ist\/wp-content\/uploads\/2014\/11\/ermenek-maden-kazas\u0131-23980323-500x333.jpg 500w, https:\/\/www.enerjigazetesi.ist\/wp-content\/uploads\/2014\/11\/ermenek-maden-kazas\u0131-23980323-75x50.jpg 75w, https:\/\/www.enerjigazetesi.ist\/wp-content\/uploads\/2014\/11\/ermenek-maden-kazas\u0131-23980323.jpg 800w\" sizes=\"(max-width: 300px) 100vw, 300px\" \/>irketi\u2019nin sahibi Saffet Uyar\u2019\u0131n da aralar\u0131nda oldu\u011fu 5 ki\u015fi tutukland\u0131. Gerek\u00e7e, \u201cbilin\u00e7li taksirle \u00f6l\u00fcme sebebiyet vermek\u201d. Di\u011fer 3 ki\u015fi ise adli kontrol karar\u0131yla serbest b\u0131rak\u0131ld\u0131. Uyar\u2019\u0131n avukat\u0131 \u015eeref Han, tutuklama karar\u0131na itiraz etmeyeceklerini s\u00f6yledi.<\/p>\n<p style=\"color: #3c3c3c;\">Tutuklanan di\u011fer ki\u015filer; maden sahas\u0131n\u0131n ruhsat sahibi Abdullah \u00d6zbey, madenin i\u015fletme m\u00fcd\u00fcr\u00fc Yavuz \u00d6zsoy, maden sahas\u0131n\u0131n ruhsat sahibi \u015firketin i\u015fletme m\u00fcd\u00fcr\u00fc Mehmet Zeybek ve maden m\u00fchendisi Ali Kurt.<\/p>\n<p style=\"color: #3c3c3c;\">Maden m\u00fchendisleri Cemile Karaca ve Nuray Yeti\u015f ile i\u015f g\u00fcvenli\u011fi uzman\u0131 Engin Yeti ise serbest b\u0131rak\u0131lanlar.<\/p>\n<p style=\"color: #3c3c3c;\">Hakk\u0131nda g\u00f6zalt\u0131 karar\u0131 \u00e7\u0131kar\u0131ld\u0131ktan\u00a0bir g\u00fcn sonra teslim olan Saffet Uyar, savc\u0131l\u0131k ifadesinde b\u00f6yle bir kazay\u0131 \u00f6ng\u00f6rmediklerini, k\u00f6m\u00fcr oca\u011f\u0131ndaki tehlikeyle ilgili bakanl\u0131ktan uyar\u0131 almad\u0131klar\u0131n\u0131 s\u00f6ylemi\u015fti. Uyar, mahkemede de savc\u0131l\u0131ktaki ifadesini tekrar etti.<\/p>\n<h4 style=\"color: #232323;\">\u201cTutuklamaya \u0130tiraz Etmeme Talimat\u0131 Ald\u0131m\u201d<\/h4>\n<p style=\"color: #3c3c3c;\">Al Jazeera T\u00fcrk\u2019e konu\u015fan Saffet Uyar\u2019\u0131n avukat\u0131 \u015eeref Han, mahkemenin tutuklama karar\u0131n\u0131n s\u00fcrpriz olmad\u0131\u011f\u0131n\u0131 s\u00f6yledi.<\/p>\n<p style=\"color: #3c3c3c;\">Uyar\u2019\u0131n kendisine tutuklamaya itiraz etmeme talimat\u0131 verdi\u011fini de belirten Han, \u015f\u00f6yle konu\u015ftu:<\/p>\n<p style=\"color: #3c3c3c;\">\u201cBu i\u015fte devletin a\u011f\u0131r kusuru var. Eski madenin haritas\u0131n\u0131 vermedi\u011fi, o b\u00f6lgenin eski halinin durumuyla ilgili uyar\u0131da bulunmad\u0131\u011f\u0131 gibi m\u00fcvekkilimin i\u015fletmesinin harita ve \u00e7al\u0131\u015fma planlar\u0131n\u0131 da onaylam\u0131\u015ft\u0131r. Dolay\u0131s\u0131yla m\u00fcvekkilim ve teknik ekibi oradan su basaca\u011f\u0131n\u0131 nas\u0131l bilecek. Bizim tezimizin do\u011fru oldu\u011funu b\u00fct\u00fcn T\u00fcrk halk\u0131, madencili\u011fi ucundan k\u0131y\u0131s\u0131ndan bilen herkes biliyor.\u201d<\/p>\n<h4 style=\"color: #232323;\">\u201cBirka\u00e7 Ayda Bir Madencilerimiz \u00d6l\u00fcyor\u201d<\/h4>\n<p style=\"color: #3c3c3c;\">\u00d6ne s\u00fcrd\u00fckleri tezin do\u011frulu\u011funu her birka\u00e7 ayda bir ya\u015fanan ve \u00e7ok say\u0131da madencinin \u00f6l\u00fcm\u00fcne yol a\u00e7an maden kazalar\u0131n\u0131n da ispatlad\u0131\u011f\u0131n\u0131 vurgulayan Han, \u201cEn \u00e7ok sevindi\u011fim hususlardan birisi mevcut durumda m\u00fcvekkilimin tavr\u0131d\u0131r. \u015eu anda bu insanlar kendi evlatlar\u0131n\u0131, karde\u015flerini, \u00e7al\u0131\u015fma arkada\u015flar\u0131n\u0131 kendi elleriyle topra\u011fa veriyorlar. B\u00f6yle bir ortamda tutuklama olmu\u015f olmam\u0131\u015f bunun bir \u00f6nemi yok\u201d dedi.<br \/>\nSavc\u0131n\u0131n sevk maddesine mahkemenin uydu\u011funu, bunun da \u015fa\u015f\u0131rt\u0131c\u0131 olmad\u0131\u011f\u0131n\u0131 belirten Han, \u015funlar\u0131 s\u00f6yledi:<\/p>\n<p style=\"color: #3c3c3c;\">\u201cElbette bilin\u00e7li taksirle \u00f6l\u00fcme sebebiyet vermenin i\u00e7inde ihmal var, sorumluluklar var. Mahkemenin karar\u0131n\u0131 \u00e7ok do\u011fru, \u00e7ok ola\u011fan kar\u015f\u0131l\u0131yoruz. Tutuklamalar hi\u00e7 s\u00fcrpriz olmam\u0131\u015ft\u0131r. Bizi \u015fa\u015f\u0131rtmam\u0131\u015ft\u0131r. Bu insanlar\u0131n her birinin sorumlulu\u011fu tutuklamalar\u0131 da beraberinde getirmi\u015ftir. Mahkemeye sayg\u0131 duyuyoruz, bir tavr\u0131m\u0131z yok. Bunlar hayat\u0131n i\u00e7inde var. Sizin de ba\u015f\u0131n\u0131za bir kaza geldi\u011finde, yaralansan\u0131z ya da ba\u015fka t\u00fcrl\u00fc bir\u015fey ba\u015f\u0131n\u0131za gelse bu kaza nedeniyle ortada ihmal ve sorumluluklar do\u011facakt\u0131r. \u0130hmal s\u00f6zkonusu olacakt\u0131r. Ma\u011fdur olanlar var sonu\u00e7ta dolay\u0131s\u0131yla tutuklamalar s\u00fcrpriz bir karar de\u011fil.\u201d<\/p>\n<p style=\"color: #3c3c3c;\">28 Ekim Sal\u0131 g\u00fcn\u00fc \u00f6\u011fle saatlerinde Has \u015eeker Madencilik \u015eirketi taraf\u0131ndan i\u015fletilen maden oca\u011f\u0131n\u0131 su basm\u0131\u015f, 18 i\u015f\u00e7i mahsur kalm\u0131\u015ft\u0131. Madencilerden ikisinin cesedine arama \u00e7al\u0131\u015fmalar\u0131n\u0131n 10\u2019uncu g\u00fcn\u00fcnde, 6 Kas\u0131m Per\u015fembe ak\u015fam\u0131 ula\u015f\u0131lm\u0131\u015ft\u0131. 16 i\u015f\u00e7iyi arama \u00e7al\u0131\u015fmalar\u0131 ise h\u00e2l\u00e2 s\u00fcr\u00fcyor.<\/p>\n<p style=\"color: #3c3c3c;\">Kaynak:\u00a0<a style=\"color: #c75615;\" href=\"http:\/\/www.aljazeera.com.tr\/haber\/ermenekte-5-kisi-tutuklandi\" target=\"_blank\" rel=\"nofollow\">aljazeera<\/a><\/p>\n<p><\/p>","protected":false},"excerpt":{"rendered":"<p>Sorry, this entry is only available in Turkish. For the sake of viewer convenience, the content is shown below in the alternative language. You may click the link to switch the active language. Ermenek\u2019teki maden felaketi nedeniyle n\u00f6bet\u00e7i hakimli\u011fe sevk edilen 8 ki\u015fiden \u015firket sahibi Saffet Uyar dahil 5 ki\u015fi tutukland\u0131.Ermenek\u2019te su basan ve 2 [&hellip;]<\/p>\n","protected":false},"author":1,"featured_media":33377,"comment_status":"open","ping_status":"open","sticky":false,"template":"","format":"standard","meta":[],"categories":[53],"tags":[19470,19471,19472,6638,19473,15061],"views":899,"_links":{"self":[{"href":"https:\/\/www.enerjigazetesi.ist\/en\/wp-json\/wp\/v2\/posts\/33376"}],"collection":[{"href":"https:\/\/www.enerjigazetesi.ist\/en\/wp-json\/wp\/v2\/posts"}],"about":[{"href":"https:\/\/www.enerjigazetesi.ist\/en\/wp-json\/wp\/v2\/types\/post"}],"author":[{"embeddable":true,"href":"https:\/\/www.enerjigazetesi.ist\/en\/wp-json\/wp\/v2\/users\/1"}],"replies":[{"embeddable":true,"href":"https:\/\/www.enerjigazetesi.ist\/en\/wp-json\/wp\/v2\/comments?post=33376"}],"version-history":[{"count":1,"href":"https:\/\/www.enerjigazetesi.ist\/en\/wp-json\/wp\/v2\/posts\/33376\/revisions"}],"predecessor-version":[{"id":33378,"href":"https:\/\/www.enerjigazetesi.ist\/en\/wp-json\/wp\/v2\/posts\/33376\/revisions\/33378"}],"wp:featuredmedia":[{"embeddable":true,"href":"https:\/\/www.enerjigazetesi.ist\/en\/wp-json\/wp\/v2\/media\/33377"}],"wp:attachment":[{"href":"https:\/\/www.enerjigazetesi.ist\/en\/wp-json\/wp\/v2\/media?parent=33376"}],"wp:term":[{"taxonomy":"category","embeddable":true,"href":"https:\/\/www.enerjigazetesi.ist\/en\/wp-json\/wp\/v2\/categories?post=33376"},{"taxonomy":"post_tag","embeddable":true,"href":"https:\/\/www.enerjigazetesi.ist\/en\/wp-json\/wp\/v2\/tags?post=33376"}],"curies":[{"name":"wp","href":"https:\/\/api.w.org\/{rel}","templated":true}]}}