{"id":33341,"date":"2014-11-10T22:50:01","date_gmt":"2014-11-10T19:50:01","guid":{"rendered":"https:\/\/www.enerjigazetesi.ist\/?p=33341"},"modified":"2014-11-10T22:50:01","modified_gmt":"2014-11-10T19:50:01","slug":"surdurulebilir-yasam-film-festivali-basliyor","status":"publish","type":"post","link":"https:\/\/www.enerjigazetesi.ist\/en\/surdurulebilir-yasam-film-festivali-basliyor\/","title":{"rendered":"(Turkish) S\u00fcrd\u00fcr\u00fclebilir Ya\u015fam Film Festivali Ba\u015fl\u0131yor&#8230;"},"content":{"rendered":"<p class=\"qtranxs-available-languages-message qtranxs-available-languages-message-en\">Sorry, this entry is only available in <a href=\"https:\/\/www.enerjigazetesi.ist\/tr\/wp-json\/wp\/v2\/posts\/33341\" class=\"qtranxs-available-language-link qtranxs-available-language-link-tr\" title=\"Turkish\">Turkish<\/a>. For the sake of viewer convenience, the content is shown below in the alternative language. You may click the link to switch the active language.<\/p><p><strong>S\u00fcrd\u00fcr\u00fclebilir Ya\u015fam Film Festivali belgesellerin g\u00fcc\u00fcnden faydalanarak s\u00fcrd\u00fcr\u00fclebilir bir ya\u015fam i\u00e7in k\u00fclt\u00fcrel de\u011fi\u015fime katk\u0131 vermek amac\u0131yla 7-8-9 Kas\u0131m\u2019da izleyicilerle bulu\u015facak.<\/strong><\/p>\n<p>S\u00fcrd\u00fcr\u00fclebilir Ya\u015fam Kolektifi taraf\u0131ndan d\u00fczenlenen S\u00fcrd\u00fcr\u00fclebilir Ya\u015fam Film Festivali 7-8-9 Kas\u0131m\u2019da \u0130stanbul, Adana, Ankara, Antalya, Bal\u0131kesir, B<a href=\"https:\/\/www.enerjigazetesi.ist\/wp-content\/uploads\/2014\/11\/surdurulebilir-yasam-film-festivali-basliyor.jpg\"><img loading=\"lazy\" class=\"alignleft size-medium wp-image-33342\" src=\"https:\/\/www.enerjigazetesi.ist\/wp-content\/uploads\/2014\/11\/surdurulebilir-yasam-film-festivali-basliyor-300x206.jpg\" alt=\"surdurulebilir-yasam-film-festivali-basliyor\" width=\"300\" height=\"206\" srcset=\"https:\/\/www.enerjigazetesi.ist\/wp-content\/uploads\/2014\/11\/surdurulebilir-yasam-film-festivali-basliyor-300x206.jpg 300w, https:\/\/www.enerjigazetesi.ist\/wp-content\/uploads\/2014\/11\/surdurulebilir-yasam-film-festivali-basliyor-72x50.jpg 72w, https:\/\/www.enerjigazetesi.ist\/wp-content\/uploads\/2014\/11\/surdurulebilir-yasam-film-festivali-basliyor.jpg 448w\" sizes=\"(max-width: 300px) 100vw, 300px\" \/><\/a>odrum, \u00c7anakkale, Diyarbak\u0131r, Hopa, \u0130zmir ve Trabzon\u2019da e\u015f zamanl\u0131 olarak ger\u00e7ekle\u015fecek.<\/p>\n<p>Tar\u0131mdan enerjiye, g\u0131dadan ekonomiye, aktivizmden tasar\u0131ma ve \u00fcretimden t\u00fcketime ya\u015fam\u0131n her alan\u0131n\u0131n b\u00fct\u00fcnc\u00fcl bir d\u00fcnya g\u00f6r\u00fc\u015f\u00fcne g\u00f6re yeniden bi\u00e7imlendirilmesine katk\u0131da bulunmak amac\u0131yla d\u00fczenlenen S\u00fcrd\u00fcr\u00fclebilir Ya\u015fam Film Festivali, g\u00fcn\u00fcm\u00fczde bir\u00e7ok birey ve kurum taraf\u0131ndan \u00e7ok\u00e7a kullan\u0131lan s\u00fcrd\u00fcr\u00fclebilirlik kavram\u0131n\u0131n soyut ve yoruma a\u00e7\u0131k boyutlar\u0131na \u0131\u015f\u0131k tutuyor. Festival, ger\u00e7ek hikayelerle ilham vererek, d\u00fcnyada \u2018s\u00fcrd\u00fcr\u00fclebilir bir ya\u015fam\u2019 i\u00e7in yap\u0131lan \u00e7al\u0131\u015fmalar\u0131, eylemleri, d\u00fc\u015f\u00fcnce sistemlerini, uygulamalar\u0131, \u00f6\u011fretileri, yeni bir bilin\u00e7 seviyesini ve vizyonunu seyirciyle payla\u015farak bireyleri umuda ve sa\u011fduyuya davet ediyor.<\/p>\n<p>Festival, i\u00e7inde yarat\u0131c\u0131l\u0131k ve \u00e7\u00f6z\u00fcm bar\u0131nd\u0131ran filmlerle, s\u00fcrd\u00fcr\u00fclebilirlik hassasiyeti bulunan izleyicileri, destek\u00e7ileri ve davetli konu\u015fmac\u0131lar\u0131 ile bir bulu\u015fma zemini olu\u015fturma i\u015flevi \u00fcstleniyor.<\/p>\n<p>Festivalde etkinlikleri <strong>\u00fccretsiz<\/strong> olacak.<\/p>\n<p><strong>SALONLAR VE PROGRAM<\/strong><\/p>\n<p>\u0130stanbul \u2013 Avrupa<br \/>\nPera M\u00fczesi (8-9 Kas\u0131m)<br \/>\nSalt Beyo\u011flu (7 Kas\u0131m)<br \/>\nSalt Galata (7-8-9 Kas\u0131m)<br \/>\n\u0130stanbul \u2013 Anadolu<br \/>\nCaddeboston K\u00fclt\u00fcr Merkezi<br \/>\nProgram ve Salon Bilgileri<br \/>\nAdana<br \/>\nSeyhan Belediyesi K\u00fclt\u00fcr Merkezi<br \/>\nProgram ve Salon Bilgileri<br \/>\nAnkara<br \/>\nTED \u00dcniversitesi Fatma-Semih Akbil K\u00fclt\u00fcr Merkezi<br \/>\nProgram ve Salon Bilgileri<br \/>\nAntalya<br \/>\nMMO Kongre ve Sergi Salonu<br \/>\nProgram ve Salon Bilgileri<br \/>\nBal\u0131kesir<br \/>\nSalih Tozan Toplant\u0131 ve K\u00fclt\u00fcr Merkezi<br \/>\nProgram ve Salon Bilgileri<\/p>\n<p>Kaynak: <a href=\"http:\/\/enerjigunlugu.net\/surdurulebilir-yasam-film-festivali-basliyor_10765.html\" target=\"_blank\" rel=\"nofollow\">Enerji G\u00fcnl\u00fc\u011f\u00fc<\/a><\/p>","protected":false},"excerpt":{"rendered":"<p>Sorry, this entry is only available in Turkish. For the sake of viewer convenience, the content is shown below in the alternative language. You may click the link to switch the active language.S\u00fcrd\u00fcr\u00fclebilir Ya\u015fam Film Festivali belgesellerin g\u00fcc\u00fcnden faydalanarak s\u00fcrd\u00fcr\u00fclebilir bir ya\u015fam i\u00e7in k\u00fclt\u00fcrel de\u011fi\u015fime katk\u0131 vermek amac\u0131yla 7-8-9 Kas\u0131m\u2019da izleyicilerle bulu\u015facak. S\u00fcrd\u00fcr\u00fclebilir Ya\u015fam Kolektifi [&hellip;]<\/p>\n","protected":false},"author":1,"featured_media":33342,"comment_status":"open","ping_status":"open","sticky":false,"template":"","format":"standard","meta":[],"categories":[53],"tags":[63,67,1009,165,4388,19438],"views":740,"_links":{"self":[{"href":"https:\/\/www.enerjigazetesi.ist\/en\/wp-json\/wp\/v2\/posts\/33341"}],"collection":[{"href":"https:\/\/www.enerjigazetesi.ist\/en\/wp-json\/wp\/v2\/posts"}],"about":[{"href":"https:\/\/www.enerjigazetesi.ist\/en\/wp-json\/wp\/v2\/types\/post"}],"author":[{"embeddable":true,"href":"https:\/\/www.enerjigazetesi.ist\/en\/wp-json\/wp\/v2\/users\/1"}],"replies":[{"embeddable":true,"href":"https:\/\/www.enerjigazetesi.ist\/en\/wp-json\/wp\/v2\/comments?post=33341"}],"version-history":[{"count":1,"href":"https:\/\/www.enerjigazetesi.ist\/en\/wp-json\/wp\/v2\/posts\/33341\/revisions"}],"predecessor-version":[{"id":33343,"href":"https:\/\/www.enerjigazetesi.ist\/en\/wp-json\/wp\/v2\/posts\/33341\/revisions\/33343"}],"wp:featuredmedia":[{"embeddable":true,"href":"https:\/\/www.enerjigazetesi.ist\/en\/wp-json\/wp\/v2\/media\/33342"}],"wp:attachment":[{"href":"https:\/\/www.enerjigazetesi.ist\/en\/wp-json\/wp\/v2\/media?parent=33341"}],"wp:term":[{"taxonomy":"category","embeddable":true,"href":"https:\/\/www.enerjigazetesi.ist\/en\/wp-json\/wp\/v2\/categories?post=33341"},{"taxonomy":"post_tag","embeddable":true,"href":"https:\/\/www.enerjigazetesi.ist\/en\/wp-json\/wp\/v2\/tags?post=33341"}],"curies":[{"name":"wp","href":"https:\/\/api.w.org\/{rel}","templated":true}]}}