{"id":33332,"date":"2014-11-10T18:41:42","date_gmt":"2014-11-10T15:41:42","guid":{"rendered":"https:\/\/www.enerjigazetesi.ist\/?p=33332"},"modified":"2014-11-10T18:41:42","modified_gmt":"2014-11-10T15:41:42","slug":"epdk-baskani-yilmaz-enerji-uretimi-son-10-yilda-ikiye-katlandi","status":"publish","type":"post","link":"https:\/\/www.enerjigazetesi.ist\/en\/epdk-baskani-yilmaz-enerji-uretimi-son-10-yilda-ikiye-katlandi\/","title":{"rendered":"(Turkish) EPDK Ba\u015fkan\u0131 Y\u0131lmaz: \u201cEnerji \u00dcretimi Son 10 Y\u0131lda \u0130kiye Katland\u0131!\u201d"},"content":{"rendered":"<p class=\"qtranxs-available-languages-message qtranxs-available-languages-message-en\">Sorry, this entry is only available in <a href=\"https:\/\/www.enerjigazetesi.ist\/tr\/wp-json\/wp\/v2\/posts\/33332\" class=\"qtranxs-available-language-link qtranxs-available-language-link-tr\" title=\"Turkish\">Turkish<\/a>. For the sake of viewer convenience, the content is shown below in the alternative language. You may click the link to switch the active language.<\/p><p><\/p>\n<p style=\"color: #3c3c3c;\"><strong>T\u00fcrkiye\u2019nin enerji piyasas\u0131nda \u00e7ok ciddi bir mesafe kat etti\u011fini belirten EPDK Ba\u015fkan\u0131 Mustafa Y\u0131lmaz, 10 y\u0131l \u00f6ncesiyle k\u0131yasland\u0131\u011f\u0131nda iki kat\u0131ndan fazla bir \u00fcretim g\u00fcc\u00fc kapasitesine ula\u015f\u0131ld\u0131\u011f\u0131n\u0131 ifade etti. D\u00fczenli enerji i\u00e7in n\u00fckleer santralin \u015fart oldu\u011funu s\u00f6yleyen Y\u0131lmaz, TANAP\u2019\u0131n do\u011falgaz s\u0131k\u0131nt\u0131s\u0131n\u0131 minimize edece\u011fini s\u00f6yledi.<\/strong><span id=\"more-67885\"><\/span><\/p>\n<p style=\"color: #3c3c3c;\"><b>T\u00fcrkiye enerji alan\u0131nda d\u00fcnya \u00f6l\u00e7e\u011finde nas\u0131l bir yere sahip?<\/b><\/p>\n<p style=\"color: #3c3c3c;\">\u00dclkemiz enerji kaynaklar\u0131 hususunda, \u00f6zellikle petrol ve do\u011fal gaz rezervleri a\u00e7\u0131s\u0131ndan zay\u0131f bir \u00fclke. A\u00e7\u0131k\u00e7a ifade etmek gerekirse enerjide d\u0131\u015fa ba\u011f\u0131ml\u0131 bir \u00fclkeyiz. Dolay\u0131s\u0131yla d\u0131\u015fa ba\u011f\u0131ml\u0131 oldu\u011fumuz i\u00e7i<a href=\"https:\/\/www.enerjigazetesi.ist\/wp-content\/uploads\/2014\/11\/epdk-baskani-yilmaz-enerji-uretimi-son-10-yilda-ikiye-katlandi.jpg\"><img loading=\"lazy\" class=\"alignright size-medium wp-image-33333\" src=\"https:\/\/www.enerjigazetesi.ist\/wp-content\/uploads\/2014\/11\/epdk-baskani-yilmaz-enerji-uretimi-son-10-yilda-ikiye-katlandi-300x200.jpg\" alt=\"epdk-baskani-yilmaz-enerji-uretimi-son-10-yilda-ikiye-katlandi\" width=\"300\" height=\"200\" srcset=\"https:\/\/www.enerjigazetesi.ist\/wp-content\/uploads\/2014\/11\/epdk-baskani-yilmaz-enerji-uretimi-son-10-yilda-ikiye-katlandi-300x200.jpg 300w, https:\/\/www.enerjigazetesi.ist\/wp-content\/uploads\/2014\/11\/epdk-baskani-yilmaz-enerji-uretimi-son-10-yilda-ikiye-katlandi-500x333.jpg 500w, https:\/\/www.enerjigazetesi.ist\/wp-content\/uploads\/2014\/11\/epdk-baskani-yilmaz-enerji-uretimi-son-10-yilda-ikiye-katlandi-74x50.jpg 74w, https:\/\/www.enerjigazetesi.ist\/wp-content\/uploads\/2014\/11\/epdk-baskani-yilmaz-enerji-uretimi-son-10-yilda-ikiye-katlandi.jpg 587w\" sizes=\"(max-width: 300px) 100vw, 300px\" \/><\/a>n Enerji Bakanl\u0131\u011f\u0131 ile koordineli olarak kendi yerli kaynaklar\u0131m\u0131zdan \u00fcretimi artt\u0131rmak i\u00e7in \u00e7al\u0131\u015f\u0131yoruz. T\u00fcrkiye\u2019de elektrik \u00fcretiminde do\u011fal gaz d\u0131\u015f\u0131nda k\u00f6m\u00fcr, su, r\u00fczgar ve yeni yeni de g\u00fcne\u015f enerjisi kayna\u011f\u0131 kullan\u0131l\u0131yor. G\u00fcne\u015f enerjisiyle ilgili ilk lisanslar\u0131m\u0131z\u0131 da yak\u0131nda verece\u011fiz.<\/p>\n<p style=\"color: #3c3c3c;\"><b>R\u00dcZGAR ENERJ\u0130S\u0130 \u0130VME KAZANDI<\/b><\/p>\n<p style=\"color: #3c3c3c;\"><b>Enerji ihtiyac\u0131n\u0131 a\u011f\u0131rl\u0131kl\u0131 olarak hangi kaynaklar \u00fczerinden elde ediyoruz?<\/b><\/p>\n<p style=\"color: #3c3c3c;\">Bug\u00fcn itibariyle elektrik \u00fcretimimizi a\u011f\u0131rl\u0131kl\u0131 olarak do\u011fal gaz ve k\u00f6m\u00fcre dayal\u0131 termik santrallerle hidroelektrik santrallerinden (HES) elde ediyoruz. R\u00fczgardaki ge\u00e7mi\u015fimiz eski de\u011fil. Neticede EPDK kurulduktan sonra r\u00fczgar enerjisinde ciddi bir ivme kazand\u0131k. 1998 y\u0131l\u0131nda 8,7 MW olarak ba\u015flayan r\u00fczgar enerjisi santrali (RES) kurulu g\u00fcc\u00fcm\u00fcz bug\u00fcn, 3500 MW\u2019a ula\u015ft\u0131. 2015 Nisan ay\u0131 itibariyle 3000 MW kapasiteyi ba\u015fvuruya a\u00e7aca\u011f\u0131z. Son bir y\u0131lda r\u00fczgar enerjisindeki kurulu g\u00fcc\u00fcm\u00fcz y\u00fczde otuz be\u015f artt\u0131. Art\u0131k elektrik \u00fcretimimizin y\u00fczde be\u015fini RES\u2019lerden elde etme noktas\u0131na geldik. 2023 y\u0131l\u0131nda ise r\u00fczgarda 20 bin MW kurulu g\u00fcce ula\u015fmay\u0131 hedefliyoruz.<\/p>\n<p style=\"color: #3c3c3c;\"><b>G\u00dcNE\u015e ENERJ\u0130S\u0130 \u0130\u00c7\u0130N YARI\u015e BA\u015eLIYOR<\/b><\/p>\n<p style=\"color: #3c3c3c;\">\u00d6te yandan, 2013 y\u0131l\u0131n\u0131n Haziran ay\u0131nda ald\u0131\u011f\u0131m\u0131z g\u00fcne\u015f enerjisine ba\u011fl\u0131 600 MW\u2019l\u0131k ba\u015fvurular\u0131n lisanslanma a\u015famas\u0131na geldik. Bu sene sonunda b\u00f6lge baz\u0131nda yar\u0131\u015fma yoluyla ilk lisanslar\u0131 verece\u011fiz. Ayr\u0131ca lisansa tabi olmayan k\u00fc\u00e7\u00fck \u00f6l\u00e7ekli g\u00fcne\u015f santrallerimiz de 2013 y\u0131l\u0131ndan itibaren kurulmaya ba\u015flanm\u0131\u015ft\u0131r. Art\u0131k vatanda\u015f\u0131m\u0131z, lisansa tabi olmadan kendi \u00f6l\u00e7e\u011finde r\u00fczgar ve g\u00fcne\u015ften elektrik elde edip kullanmakta, fazlas\u0131n\u0131 da piyasaya satabilmektedir. Hidroelektrik eskiden bu yana vard\u0131. Ancak EPDK ile orada da ciddi bir hareketlilik elde edildi.<\/p>\n<p style=\"color: #3c3c3c;\"><b>72 \u0130LE DO\u011eALGAZ ULA\u015eIYOR<\/b><\/p>\n<p style=\"color: #3c3c3c;\"><b>T\u00fcrkiye\u2019de son on y\u0131lda bir \u00e7ok alanda \u00f6nemli geli\u015fmeler ya\u015fand\u0131. Peki enerji alan\u0131nda nas\u0131l bir mesafe kat edildi?<\/b><\/p>\n<p style=\"color: #3c3c3c;\">T\u00fcrkiye olarak enerji piyasas\u0131nda son on y\u0131lda \u00e7ok ciddi bir mesafe kat ettik. T\u00fcrkiye on y\u0131l \u00f6ncesiyle k\u0131yasland\u0131\u011f\u0131nda enerjide iki kat\u0131ndan fazla bir \u00fcretim g\u00fcc\u00fc kapasitesine sahip oldu. \u00d6zellikle yenilenebilir enerji a\u00e7\u0131s\u0131ndan b\u00fcy\u00fck bir geli\u015fme ger\u00e7ekle\u015fti. Y\u00fczde ellilere varan bir art\u0131\u015f ya\u015fand\u0131. Art\u0131\u015f oran\u0131ndaki yerli kaynaklar di\u011fer kaynaklara g\u00f6re fevkalade d\u00fczeyde. Do\u011fal gazda da\u011f\u0131t\u0131m sekt\u00f6r\u00fcnde \u00f6zel sekt\u00f6r\u00fcm\u00fcz taraf\u0131ndan, 2014 A\u011fustos itibariyle 11 miyar TL\u2019lik da\u011f\u0131t\u0131m yat\u0131r\u0131m\u0131 yap\u0131ld\u0131. 72 ile do\u011fal gaz ula\u015ft\u0131r\u0131ld\u0131.<\/p>\n<p style=\"color: #3c3c3c;\"><b class=\"baslik\">Kesintisiz enerji i\u00e7in n\u00fckleer santral \u015fart<\/b><\/p>\n<p style=\"color: #3c3c3c;\"><b>T\u00fcrkiye 2018-2019\u2019da yeni bir n\u00fckleer santral kurma haz\u0131rl\u0131\u011f\u0131nda. N\u00fckleer enerjiye neden ihtiya\u00e7 duyuluyor?<\/b><\/p>\n<p style=\"color: #3c3c3c;\">Enerjinin kalitesi ve d\u00fczenli bir enerji olmas\u0131 \u00e7ok \u00f6nemli. Evet, yenilenebilir enerji \u00e7ok \u00f6nemli. Ancak yenilenebilir enerji ile y\u00fczde y\u00fcz g\u00fcvenli ve stabil enerji elde etmek m\u00fcmk\u00fcn de\u011fil. Enerjinin bir paket halinde olmas\u0131nda her zaman b\u00fcy\u00fck fayda var. N\u00fckleer enerji, g\u00fcvenli ve stabil olmas\u0131 bak\u0131m\u0131ndan sanayi i\u00e7in \u00f6nemli bir yere sahip. Sanayi \u00fcretiminde dakikal\u0131k elektrik kesintileri bile o \u00fcretimin kalitesini d\u00fc\u015f\u00fcr\u00fcr. Dolay\u0131s\u0131yla 24 saat kesintisiz ve ayn\u0131 kalitede enerji \u00fcreten santraller n\u00fckleer ve k\u00f6m\u00fcrd\u00fcr. Bu kaynaklarla di\u011fer kaynaklar\u0131 da bir paket haline getirip sundu\u011fumuz takdirde \u00e7ok kaliteli bir enerji politikas\u0131ndan s\u00f6z edebiliriz.<\/p>\n<p style=\"color: #3c3c3c;\"><b>Maden kazalar\u0131yla birlikte \u2018n\u00fckleer enerjinin geli\u015fmesiyle k\u00f6m\u00fcre ihtiya\u00e7 kalmayabilir\u2019 yorumlar\u0131 yap\u0131l\u0131yor. Ne dersiniz bu yakla\u015f\u0131m i\u00e7in?<\/b><\/p>\n<p style=\"color: #3c3c3c;\">N\u00fckleeri ne kadar artt\u0131r\u0131rsan\u0131z, k\u00f6m\u00fcre olan ihtiya\u00e7 da o oranda azalabilir. Ancak bu kaynaktan vazge\u00e7mek m\u00fcmk\u00fcn de\u011fil, her ikisi de \u00e7ok \u00f6nemli enerji kaynaklar\u0131d\u0131r. Amerika da enerji ihtiyac\u0131n\u0131n nerdeyse yar\u0131s\u0131n\u0131 k\u00f6m\u00fcrden kar\u015f\u0131l\u0131yor. Biz \u015fimdiye dek n\u00fckleer olmad\u0131\u011f\u0131 i\u00e7in bu ihtiyac\u0131 k\u00f6m\u00fcrden elde ettik. Ama k\u00f6m\u00fcre duyulan bu ihtiya\u00e7 elbette g\u00fcvensiz maden i\u015fletmecili\u011fi demek de\u011fildir. Bizim enerjimizi g\u00fcvenli \u00fcretmemiz, k\u00f6m\u00fcr i\u015fletmecili\u011fini de g\u00fcvenli yapmam\u0131z gerekir.<\/p>\n<p style=\"color: #3c3c3c;\"><b class=\"baslik\">Alt gelir grubu i\u00e7in destek \u00e7al\u0131\u015fmas\u0131<\/b><\/p>\n<p style=\"color: #3c3c3c;\"><b>Refah d\u00fczeyinin artmas\u0131yla enerji ihtiyac\u0131 aras\u0131nda nas\u0131l bir ili\u015fki var?<\/b><\/p>\n<p style=\"color: #3c3c3c;\">Enerji medeniyetin ve geli\u015fmi\u015fli\u011fin g\u00f6stergesidir. Dolay\u0131s\u0131yla, enerji refahla do\u011frudan ili\u015fkilidir. Bir \u00fclkede refah artt\u0131k\u00e7a enerji t\u00fcketimi de o oranda y\u00fckseliyor. Bizim \u00fclkemizde de ki\u015fi ba\u015f\u0131na elektrik t\u00fcketiminin 10 sene \u00f6nceki d\u00fczeyiyle \u015fimdiki aras\u0131nda b\u00fcy\u00fck fark var. Teknolojik geli\u015fmelerle d\u00fcnyan\u0131n \u00f6b\u00fcr ucundaki insanlarla ayn\u0131 evin i\u00e7indeymi\u015fiz gibi konu\u015fabiliyor, g\u00f6r\u00fc\u015febiliyoruz. D\u00fcnyay\u0131 k\u00fc\u00e7\u00fck bir k\u00f6y haline getiren enerji marifetidir. Ancak en verimli enerji politikas\u0131, enerjinin israf edilmemesidir.<\/p>\n<p style=\"color: #3c3c3c;\"><b>TANAP, dev bir proje. Bu proje tamamland\u0131\u011f\u0131nda T\u00fcrkiye\u2019ye enerji alan\u0131nda nas\u0131l bir katk\u0131 sa\u011flayacak?<\/b><\/p>\n<p style=\"color: #3c3c3c;\">Projenin temelinde Azeri gaz\u0131n\u0131n Avrupa\u2019ya naklinin \u00fclkemiz \u00fczerinde yap\u0131lmas\u0131 yat\u0131yor. Bu do\u011falgaz\u0131n \u00fclkemizden ge\u00e7mesinin arz g\u00fcvenli\u011fi a\u00e7\u0131s\u0131ndan \u00e7ok b\u00fcy\u00fck bir \u00f6nemi var. TANAP projesi devreye girmesi, do\u011fal gaza ili\u015fkin ya\u015fad\u0131\u011f\u0131m\u0131z s\u0131k\u0131nt\u0131lar\u0131 minimize etmek anlam\u0131na geliyor. O kaynak \u00fclkemizden ge\u00e7ecek ve o kaynaktan istedi\u011fimiz zaman belli bir oranda faydalanma hakk\u0131m\u0131z var. Ayr\u0131ca projede T\u00fcrkiye\u2019nin ortakl\u0131\u011f\u0131 da bulunuyor.<\/p>\n<p style=\"color: #3c3c3c;\">Haberin Devam\u0131 i\u00e7in\u00a0<a style=\"color: #c75615;\" href=\"http:\/\/www.yenisafak.com.tr\/roportaj\/enerji-uretimi-ikiye-katlandi-701213\" target=\"_blank\" rel=\"nofollow\">t\u0131klay\u0131n\u0131z&gt;&gt;&gt;<\/a><\/p>\n<p style=\"color: #3c3c3c;\">Kaynak: Yeni \u015eafak<\/p>\n<p><\/p>","protected":false},"excerpt":{"rendered":"<p>Sorry, this entry is only available in Turkish. For the sake of viewer convenience, the content is shown below in the alternative language. You may click the link to switch the active language. T\u00fcrkiye\u2019nin enerji piyasas\u0131nda \u00e7ok ciddi bir mesafe kat etti\u011fini belirten EPDK Ba\u015fkan\u0131 Mustafa Y\u0131lmaz, 10 y\u0131l \u00f6ncesiyle k\u0131yasland\u0131\u011f\u0131nda iki kat\u0131ndan fazla bir [&hellip;]<\/p>\n","protected":false},"author":1,"featured_media":33333,"comment_status":"open","ping_status":"open","sticky":false,"template":"","format":"standard","meta":[],"categories":[46,53,49,43,44,50],"tags":[63,67,1009,1046,165,18,750,13,19429,12996,88,19430,16,2297,19431],"views":560,"_links":{"self":[{"href":"https:\/\/www.enerjigazetesi.ist\/en\/wp-json\/wp\/v2\/posts\/33332"}],"collection":[{"href":"https:\/\/www.enerjigazetesi.ist\/en\/wp-json\/wp\/v2\/posts"}],"about":[{"href":"https:\/\/www.enerjigazetesi.ist\/en\/wp-json\/wp\/v2\/types\/post"}],"author":[{"embeddable":true,"href":"https:\/\/www.enerjigazetesi.ist\/en\/wp-json\/wp\/v2\/users\/1"}],"replies":[{"embeddable":true,"href":"https:\/\/www.enerjigazetesi.ist\/en\/wp-json\/wp\/v2\/comments?post=33332"}],"version-history":[{"count":1,"href":"https:\/\/www.enerjigazetesi.ist\/en\/wp-json\/wp\/v2\/posts\/33332\/revisions"}],"predecessor-version":[{"id":33334,"href":"https:\/\/www.enerjigazetesi.ist\/en\/wp-json\/wp\/v2\/posts\/33332\/revisions\/33334"}],"wp:featuredmedia":[{"embeddable":true,"href":"https:\/\/www.enerjigazetesi.ist\/en\/wp-json\/wp\/v2\/media\/33333"}],"wp:attachment":[{"href":"https:\/\/www.enerjigazetesi.ist\/en\/wp-json\/wp\/v2\/media?parent=33332"}],"wp:term":[{"taxonomy":"category","embeddable":true,"href":"https:\/\/www.enerjigazetesi.ist\/en\/wp-json\/wp\/v2\/categories?post=33332"},{"taxonomy":"post_tag","embeddable":true,"href":"https:\/\/www.enerjigazetesi.ist\/en\/wp-json\/wp\/v2\/tags?post=33332"}],"curies":[{"name":"wp","href":"https:\/\/api.w.org\/{rel}","templated":true}]}}