{"id":33314,"date":"2014-11-09T16:05:48","date_gmt":"2014-11-09T13:05:48","guid":{"rendered":"https:\/\/www.enerjigazetesi.ist\/?p=33314"},"modified":"2014-11-09T16:06:06","modified_gmt":"2014-11-09T13:06:06","slug":"dusen-petrol-fiyatlari-yenilenebilir-enerjiye-yatirimlari-azaltmaz","status":"publish","type":"post","link":"https:\/\/www.enerjigazetesi.ist\/en\/dusen-petrol-fiyatlari-yenilenebilir-enerjiye-yatirimlari-azaltmaz\/","title":{"rendered":"(Turkish) \u201cD\u00fc\u015fen Petrol Fiyatlar\u0131, Yenilenebilir Enerjiye Yat\u0131r\u0131mlar\u0131 Azaltmaz&#8230;\u201d"},"content":{"rendered":"<p class=\"qtranxs-available-languages-message qtranxs-available-languages-message-en\">Sorry, this entry is only available in <a href=\"https:\/\/www.enerjigazetesi.ist\/tr\/wp-json\/wp\/v2\/posts\/33314\" class=\"qtranxs-available-language-link qtranxs-available-language-link-tr\" title=\"Turkish\">Turkish<\/a>. For the sake of viewer convenience, the content is shown below in the alternative language. You may click the link to switch the active language.<\/p><p><strong>Avrupa R\u00fczgar Enerjisi Birli\u011fi Ba\u015fkan\u0131 Thomas Becker, \u201cHazirandan bu yana d\u00fc\u015fen petrol fiyatlar\u0131 yenilenebilir enerjiye yap\u0131lacak yat\u0131r\u0131mlar\u0131 kesinlikle azaltmayacak\u201d dedi. Becker, d\u00fc\u015fen petrol fiyatlar\u0131n\u0131n yenilenebilir enerjiye etkileri ve r\u00fczgar enerjisinin gelece\u011fi hakk\u0131nda de\u011ferlendirmelerde bulundu.<\/strong><\/p>\n<p>Petrol fiyatlar\u0131ndaki d\u00fc\u015f\u00fc\u015f\u00fcn yenilenebilir enerji yat\u0131r\u0131mlar\u0131na olumsuz etki olu\u015fturmayaca\u011f\u0131n\u0131 belirten Becker, \u201cBu de\u011fi\u015fim Ukrayna krizi ile ba\u015flad\u0131, petrol fiyatlar\u0131ndaki d\u00fc\u015f\u00fc\u015f ge\u00e7ici. Ukrayna ve Rusya krizinde ya\u015fanan olaylar da bu d\u00fc\u015f\u00fc\u015f\u00fc devam ettirici etkiye sahip. Hazirandan bu yana <a href=\"https:\/\/www.enerjigazetesi.ist\/wp-content\/uploads\/2014\/11\/dusen-petrol-fiyatlari-yenilenebilir-enerjiye-yatirimlari-azaltmaz.jpg\"><img loading=\"lazy\" class=\"alignleft size-medium wp-image-33315\" src=\"https:\/\/www.enerjigazetesi.ist\/wp-content\/uploads\/2014\/11\/dusen-petrol-fiyatlari-yenilenebilir-enerjiye-yatirimlari-azaltmaz-300x220.jpg\" alt=\"dusen-petrol-fiyatlari-yenilenebilir-enerjiye-yatirimlari-azaltmaz\" width=\"300\" height=\"220\" srcset=\"https:\/\/www.enerjigazetesi.ist\/wp-content\/uploads\/2014\/11\/dusen-petrol-fiyatlari-yenilenebilir-enerjiye-yatirimlari-azaltmaz-300x220.jpg 300w, https:\/\/www.enerjigazetesi.ist\/wp-content\/uploads\/2014\/11\/dusen-petrol-fiyatlari-yenilenebilir-enerjiye-yatirimlari-azaltmaz-500x367.jpg 500w, https:\/\/www.enerjigazetesi.ist\/wp-content\/uploads\/2014\/11\/dusen-petrol-fiyatlari-yenilenebilir-enerjiye-yatirimlari-azaltmaz-67x50.jpg 67w, https:\/\/www.enerjigazetesi.ist\/wp-content\/uploads\/2014\/11\/dusen-petrol-fiyatlari-yenilenebilir-enerjiye-yatirimlari-azaltmaz.jpg 765w\" sizes=\"(max-width: 300px) 100vw, 300px\" \/><\/a>d\u00fc\u015fen petrol fiyatlar\u0131 yenilenebilir enerjiye yap\u0131lacak yat\u0131r\u0131mlar\u0131 kesinlikle azaltmayacak\u201d diye konu\u015ftu.<\/p>\n<p>Becker, Suudilerin petrol \u00fcretimini azaltma karar\u0131n\u0131n piyasada kabul g\u00f6rmedi\u011fini s\u00f6yleyerek, \u201cSuudilerin bu karar\u0131 kesinlikle \u015fu an petrol fiyatlar\u0131n\u0131n gelece\u011finde d\u00fc\u015f\u00fcr\u00fcc\u00fc ya da y\u00fckseltici bir etki olu\u015fturmaz\u201d ifadesini kulland\u0131.<\/p>\n<p>Ula\u015f\u0131m i\u00e7in kullan\u0131lan petrol hari\u00e7 olmak \u00fczere, gelecekte g\u00fcne\u015f, r\u00fczgar, n\u00fckleer, do\u011fal gaz ve k\u00f6m\u00fcr\u00fcn elektrik \u00fcretiminde ana kaynak olarak ba\u015fat g\u00fcc\u00fcn\u00fc s\u00fcrd\u00fcrece\u011fini anlatan Becker, d\u00fcnya genelinde hidroelektrik \u00fcretiminin ise d\u00fc\u015fece\u011fini kaydetti.<\/p>\n<p>T\u00fcrkiye\u2019deki k\u00f6m\u00fcr yataklar\u0131n\u0131n Avrupa\u2019ya g\u00f6re daha ula\u015f\u0131labilir bir konumda oldu\u011funa dikkati \u00e7eken Becker, \u201cT\u00fcrkiye, Avrupa gibi k\u00f6m\u00fcr\u00fc ithal etmek zorunda de\u011fil ama \u00e7evreye olan etkiler ve \u00e7\u0131kar\u0131lmas\u0131nda ya\u015fanan zorluklar k\u00f6m\u00fcr\u00fcn de yerini yenilenebilire b\u0131rakmas\u0131 ihtimalini giderek g\u00fc\u00e7lendiriyor\u201d \u015feklinde konu\u015ftu.<\/p>\n<p>Haberin Devam\u0131 i\u00e7in <a href=\"http:\/\/www.turkiyegazetesi.com.tr\/ekonomi\/203193.aspx\" target=\"_blank\" rel=\"nofollow\">t\u0131klay\u0131n\u0131z&gt;&gt;&gt;<\/a><\/p>\n<p>Kaynak: T\u00fcrkiye Gazetesi<\/p>","protected":false},"excerpt":{"rendered":"<p>Sorry, this entry is only available in Turkish. For the sake of viewer convenience, the content is shown below in the alternative language. You may click the link to switch the active language.Avrupa R\u00fczgar Enerjisi Birli\u011fi Ba\u015fkan\u0131 Thomas Becker, \u201cHazirandan bu yana d\u00fc\u015fen petrol fiyatlar\u0131 yenilenebilir enerjiye yap\u0131lacak yat\u0131r\u0131mlar\u0131 kesinlikle azaltmayacak\u201d dedi. Becker, d\u00fc\u015fen petrol [&hellip;]<\/p>\n","protected":false},"author":1,"featured_media":33315,"comment_status":"open","ping_status":"open","sticky":false,"template":"","format":"standard","meta":[],"categories":[53,49,50],"tags":[1681,5291,19423,19,63,67,1009,165,1675,71,21,4956,69,19424,13521,7789,105],"views":700,"_links":{"self":[{"href":"https:\/\/www.enerjigazetesi.ist\/en\/wp-json\/wp\/v2\/posts\/33314"}],"collection":[{"href":"https:\/\/www.enerjigazetesi.ist\/en\/wp-json\/wp\/v2\/posts"}],"about":[{"href":"https:\/\/www.enerjigazetesi.ist\/en\/wp-json\/wp\/v2\/types\/post"}],"author":[{"embeddable":true,"href":"https:\/\/www.enerjigazetesi.ist\/en\/wp-json\/wp\/v2\/users\/1"}],"replies":[{"embeddable":true,"href":"https:\/\/www.enerjigazetesi.ist\/en\/wp-json\/wp\/v2\/comments?post=33314"}],"version-history":[{"count":2,"href":"https:\/\/www.enerjigazetesi.ist\/en\/wp-json\/wp\/v2\/posts\/33314\/revisions"}],"predecessor-version":[{"id":33317,"href":"https:\/\/www.enerjigazetesi.ist\/en\/wp-json\/wp\/v2\/posts\/33314\/revisions\/33317"}],"wp:featuredmedia":[{"embeddable":true,"href":"https:\/\/www.enerjigazetesi.ist\/en\/wp-json\/wp\/v2\/media\/33315"}],"wp:attachment":[{"href":"https:\/\/www.enerjigazetesi.ist\/en\/wp-json\/wp\/v2\/media?parent=33314"}],"wp:term":[{"taxonomy":"category","embeddable":true,"href":"https:\/\/www.enerjigazetesi.ist\/en\/wp-json\/wp\/v2\/categories?post=33314"},{"taxonomy":"post_tag","embeddable":true,"href":"https:\/\/www.enerjigazetesi.ist\/en\/wp-json\/wp\/v2\/tags?post=33314"}],"curies":[{"name":"wp","href":"https:\/\/api.w.org\/{rel}","templated":true}]}}