{"id":3326,"date":"2012-11-09T10:21:04","date_gmt":"2012-11-09T07:21:04","guid":{"rendered":"https:\/\/www.enerjigazetesi.ist\/?p=3326"},"modified":"2012-11-09T10:22:12","modified_gmt":"2012-11-09T07:22:12","slug":"enerji-verimliligi-boyutu-ve-istanbul-2050ye-dogru","status":"publish","type":"post","link":"https:\/\/www.enerjigazetesi.ist\/en\/enerji-verimliligi-boyutu-ve-istanbul-2050ye-dogru\/","title":{"rendered":"(Turkish) Enerji Verimlili\u011fi Boyutu ve \u0130stanbul 2050\u2019ye Do\u011fru&#8230;"},"content":{"rendered":"<p class=\"qtranxs-available-languages-message qtranxs-available-languages-message-en\">Sorry, this entry is only available in <a href=\"https:\/\/www.enerjigazetesi.ist\/tr\/wp-json\/wp\/v2\/posts\/3326\" class=\"qtranxs-available-language-link qtranxs-available-language-link-tr\" title=\"Turkish\">Turkish<\/a>. For the sake of viewer convenience, the content is shown below in the alternative language. You may click the link to switch the active language.<\/p><p><strong>Avrupa Birli\u011fi geneline bakt\u0131\u011f\u0131m\u0131zda imar kanunlar\u0131 ve enerji standartlar\u0131 \u015fu a\u015famada yeni binalardaki enerji verimlili\u011fi ko\u015fullar\u0131n\u0131 kapsamaktad\u0131r. Bu ko\u015fullar ya genel imar kanunlar\u0131nda yer almakta ya da enerji verimlili\u011fi standartlar\u0131 olarak ayr\u0131ca de\u011ferlendirilmektedir. Bu standartlar \u00fclke baz\u0131nda uygulanabilece\u011fi gibi b\u00f6lgesel ve belediyeler baz\u0131nda uygulanabilmektedir.<\/strong><\/p>\n<p><strong>Prof. Dr. M. P\u0131nar Meng\u00fc\u00e7-Yasemin Somuncu<\/strong><\/p>\n<h3>\u00d6zye\u011fin \u00dcniversitesi-Enerji, \u00c7evre ve Ekonomi Merkezi<\/h3>\n<p><img loading=\"lazy\" class=\"alignleft size-medium wp-image-3327\" title=\"enerji-verimliligi-ve-boyutu\" src=\"https:\/\/www.enerjigazetesi.ist\/wp-content\/uploads\/2012\/11\/enerji-verimliligi-ve-boyutu-300x176.png\" alt=\"\" width=\"300\" height=\"176\" srcset=\"https:\/\/www.enerjigazetesi.ist\/wp-content\/uploads\/2012\/11\/enerji-verimliligi-ve-boyutu-300x176.png 300w, https:\/\/www.enerjigazetesi.ist\/wp-content\/uploads\/2012\/11\/enerji-verimliligi-ve-boyutu-80x47.png 80w, https:\/\/www.enerjigazetesi.ist\/wp-content\/uploads\/2012\/11\/enerji-verimliligi-ve-boyutu.png 409w\" sizes=\"(max-width: 300px) 100vw, 300px\" \/>Enerji ve \u00e7evre problemleri her zaman birbirlerine ba\u011fl\u0131d\u0131r ve birlikte d\u00fc\u015f\u00fcn\u00fclmesi gerekir. Bu problemlerin \u00e7\u00f6z\u00fcm\u00fc de ka\u00e7\u0131n\u0131lmaz olarak toplum bilincine, k\u00fcresel gereksinimlere ve ekonomik ko\u015fullara g\u00f6re \u015fekillenir. \u00d6zellikle son y\u0131llarda g\u00f6zledi\u011fimiz k\u00fcresel enerji darbo\u011faz\u0131 ve k\u00fcresel iklim de\u011fi\u015fikli\u011fi enerji ve \u00e7evre aras\u0131ndaki bu ili\u015fkiyi daha da belirgin olarak tart\u0131\u015fmam\u0131za neden olmu\u015ftur. Bu d\u00f6nem s\u00fcrecinde ayr\u0131ca t\u00fcm d\u00fcnyada kendini g\u00f6steren ekonomik kriz, ak\u0131lc\u0131 ve uzun soluklu \u00e7\u00f6z\u00fcmlere ula\u015fmak i\u00e7in gereken yat\u0131r\u0131mlar\u0131n yap\u0131lmas\u0131n\u0131 halen engellemektedir. \u00d6te yandan tarih boyunca ilk defa 2009 itibariyle d\u00fcnya n\u00fcfusunun yar\u0131dan fazlas\u0131 \u015fehirlerde ya\u015famaya ba\u015flam\u0131\u015ft\u0131r. \u015eehirle\u015fmenin gerektirdi\u011fi altyap\u0131 ve n\u00fcfus yo\u011funlu\u011funun neden oldu\u011fu enerji kullan\u0131m\u0131 ve at\u0131k problemleri, enerji ve \u00e7evrenin karma\u015f\u0131k ili\u015fkisini daha da zor bir hale getirmektedir. Ayn\u0131 zamanda tarih boyunca ilk defa daha kal\u0131c\u0131, yenilik\u00e7i ve etkin \u00e7\u00f6z\u00fcmler i\u00e7in gereken bilimsel altyap\u0131 da son 20-30 y\u0131lda olu\u015fmu\u015ftur. Geli\u015fen bilgi ileti\u015fim a\u011f\u0131 ve bilgisayar teknolojileri, her bir giri\u015fim ve geli\u015fimin neden-sonu\u00e7 ili\u015fkilerini \u00e7ok daha derin olarak inceleyebilmemizi somut veri-bazlar\u0131 ile olu\u015fturmaya izin vermektedir. Hem teknolojik yenilikler hem de bu yeniliklerin sosyal boyutlar\u0131 da bilgisayar teknolojileri sayesinde daha fazla irdelenebilmekte ve daha kal\u0131c\u0131 \u00e7\u00f6z\u00fcmlere ula\u015fmam\u0131za yard\u0131m etmektedirler. Yani, son y\u0131llarda ayn\u0131 zamanda ortaya \u00e7\u0131kan ve zorla\u015ft\u0131ran enerji, \u00e7evre ve ekonomik problemlerine kar\u015f\u0131 da etkin olarak kullanabilece\u011fimiz teknolojik \u00e7\u00f6z\u00fcmler yenilik\u00e7i uygulamalar i\u00e7in d\u00fc\u015f\u00fcn\u00fclebilecek seviyededirler. Bu \u00e7\u00f6z\u00fcmler ancak m\u00fchendislerin, mimarlar\u0131n, kamu ve i\u015f d\u00fcnyas\u0131n\u0131n karar vericilerinin, toplum bilimcilerin beraber \u00e7al\u0131\u015fmas\u0131yla etkin ve kal\u0131c\u0131 olacakt\u0131r.<\/p>\n<p>&nbsp;<\/p>\n<h3>Binalar\u0131n enerji y\u00fck\u00fc 25 milyar dolar<\/h3>\n<p>&nbsp;<\/p>\n<p>E\u00c7EM b\u00fcnyesinde ba\u015flat\u0131lan \u201cS\u0131f\u0131r \u0130stanbul\u201d kavram\u0131 enerji, \u00e7evre ve ekonomi problemlerini b\u00fct\u00fcnc\u00fcl olarak \u00e7al\u0131\u015fmak i\u00e7in gerekli ortakl\u0131klar\u0131 ve anlaml\u0131 stratejileri bir araya getirmeye y\u00f6neliktir. Elbette enerji \u00fcretimi, kullan\u0131m\u0131 ve tasarrufu b\u00f6yle bir \u00e7al\u0131\u015fman\u0131n en \u00f6nemli odaklar\u0131ndan birisi olacakt\u0131r. Enerji T\u00fcrkiye a\u00e7\u0131s\u0131ndan en b\u00fcy\u00fck ekonomik sorunlardan birisi olmaya devam etmektedir. Bu \u00f6nemli bir ka\u00e7 rakam vererek anlat\u0131labilir. T\u00fcrkiye kulland\u0131\u011f\u0131 enerjinin %70\u2019den fazlas\u0131n\u0131 d\u0131\u015fardan sa\u011flamaktad\u0131r. T\u00fcrkiye\u2018de kullan\u0131lan enerjide binalar, end\u00fcstri ve ula\u015f\u0131mda yakla\u015f\u0131k e\u015fit olarak da\u011f\u0131lmakta ve kabaca toplam\u0131n \u00fc\u00e7te biri civar\u0131nda seyretmekte. \u00d6rnek olarak, World Energy Agency bilgilerine g\u00f6re, T\u00fcrkiye\u2019de binalarda kullan\u0131lan enerji 2007\u2019de toplam enerjinin %27\u2019si civar\u0131nda; ayr\u0131ca binalarda enerji kullan\u0131m\u0131n\u0131n 2020\u2019de 2007 y\u0131l\u0131 de\u011ferlerinin iki misli \u00fcst\u00fcnde oldu\u011fu tahmin edilmi\u015f (Referans 1). 2011\u2019de bu miktar \u0130ZODER verilerine g\u00f6re, 20 milyar dolardan fazla, 2012\u2019de 25 milyar dolara kadar \u00e7\u0131kaca\u011f\u0131 tahmin ediliyor. Bunun da d\u00f6rtte \u00fc\u00e7\u00fc d\u0131\u015far\u0131ya aktar\u0131lacak fonlar (Referans 2). Eski binalarda enerji tasarrufu %50\u2019ye kadar m\u00fcmk\u00fcn olabilmektedir. Ayn\u0131 zamanda, yap\u0131lacak t\u00fcm yeni binalar\u0131n da yenilik\u00e7i enerji uygulamalar\u0131ndan faydalan\u0131lmas\u0131 ve enerji tasarrufuna \u00f6nem vermesi ilerde gerekecek enerji kullan\u0131m\u0131n\u0131 azaltaca\u011f\u0131 i\u00e7in \u00f6zellikle \u00f6nemlidir. Bu mercekten bak\u0131l\u0131nca, binalarda yap\u0131lacak uygulamalar\u0131n ne denli bir ekonomik boyuta ula\u015faca\u011f\u0131 a\u00e7\u0131kt\u0131r. Elbette, bu binalar\u0131n \u00e7evre ile uyumlu bir \u015fekilde yap\u0131m\u0131 ve kullan\u0131m\u0131 da uzun d\u00f6nemde ekonomik olmalar\u0131n\u0131 sa\u011flayacakt\u0131r. \u2018Ye\u015fil Bina\u2019 kavramlar\u0131 esas\u0131nda bu ak\u0131lc\u0131 uygulamalar sonunda \u00e7\u0131kan binalara verilen isim olarak d\u00fc\u015f\u00fcn\u00fclmeli ve \u2018ye\u015fil bina\u2019 kavram\u0131n\u0131n t\u00fcm \u00fclkeye bir katk\u0131 oldu\u011fu anla\u015f\u0131lmal\u0131d\u0131r.<\/p>\n<p>\u00c7evre Dostu Ye\u015fil Binalar Derne\u011fi (\u00c7EDB\u0130K) ye\u015fil binalar\u0131; \u201cBug\u00fcn s\u00fcrd\u00fcr\u00fclebilir, ekolojik, ye\u015fil, \u00e7evre dostu vb. pek \u00e7ok isim alt\u0131nda kar\u015f\u0131m\u0131za \u00e7\u0131kan do\u011fayla uyumlu yap\u0131lar, yap\u0131n\u0131n arazi se\u00e7iminden ba\u015flayarak ya\u015fam d\u00f6ng\u00fcs\u00fc \u00e7er\u00e7evesinde de\u011ferlendirildi\u011fi, b\u00fct\u00fcnc\u00fcl bir anlay\u0131\u015fla ve sosyal ve \u00e7evresel sorumluluk anlay\u0131\u015f\u0131yla tasarland\u0131\u011f\u0131, iklim verilerine ve o yere \u00f6zg\u00fc ko\u015fullara uygun, ihtiyac\u0131 kadar t\u00fcketen, yenilenebilir enerji kaynaklar\u0131na y\u00f6nelmi\u015f, do\u011fal ve at\u0131k \u00fcretmeyen malzemelerin kullan\u0131ld\u0131\u011f\u0131 kat\u0131l\u0131m\u0131 te\u015fvik eden, ekosistemlere duyarl\u0131 yap\u0131lar\u201d \u015feklinde tan\u0131mlamaktad\u0131r (Referans 3). Bu tan\u0131m\u0131 kentlere de uyarlayarak ye\u015fil kent tan\u0131m\u0131na kolayca ula\u015fabiliriz. Burada \u00e7ok detayl\u0131 olarak verilen tan\u0131m, bizim \u00e7al\u0131\u015fmalar\u0131m\u0131zda \u2018jenerik\u2019 olarak kulland\u0131\u011f\u0131m\u0131z \u2018ye\u015fil\u2019 bina kavram\u0131n\u0131n asl\u0131nda ne denli ak\u0131lc\u0131 bir \u00e7\u00f6z\u00fcm olarak binalara uygulanmas\u0131 gerekti\u011fini \u00e7ok g\u00fczel bir \u015fekilde anlatmakta. \u2018Ye\u015fil Bina\u2019 kavram\u0131 bir moda yada ge\u00e7ici bir trend de\u011fil ama \u00fclke ekonomisi i\u00e7in gerekli, bireylerin huzurlu ve do\u011fa ile (daha) uyumlu ya\u015fayabilmeleri i\u00e7in elzem olan bir kavramd\u0131r.<\/p>\n<p>&nbsp;<\/p>\n<h3>AB\u2019nin 20-20-20 plan\u0131<\/h3>\n<p>&nbsp;<\/p>\n<p>T\u00fcrkiye\u2019de binalar\u0131n ve kentlerin ye\u015fille\u015fmesi i\u00e7in yap\u0131lan en kapsaml\u0131 \u00e7al\u0131\u015fmalar\u0131n ba\u015f\u0131nda, AB\u2019ye uyum s\u00fcrecine parallel olu\u015fturulan 20 \u015eubat 2012 tarihli ve 2012\/1 Karar No\u2019lu Y\u00fcksek Planlama Kurulu taraf\u0131ndan haz\u0131rlanan \u201cEnerji Verimlili\u011fi Strateji Belgesi 2012-2023\u201d gelmektedir. (Referans 4) Bu belgeye g\u00f6re kamu sekt\u00f6r\u00fcnden, \u00f6zel kesime ve de sivil toplum kurulu\u015flar\u0131na kadar \u00e7ok geni\u015f bir yelpazeyi kapsayan gruplarla i\u015fbirli\u011fi i\u00e7inde 12 aydan 36 aya kadar bir s\u00fcre i\u00e7inde toplam 36 adet eylem ger\u00e7ekle\u015ftirilecek. Bu kapsamda Avrupa Birli\u011fi \u00c7er\u00e7eve Direktifi\u2019nde yeralan Binalarda Enerji Performans\u0131 Y\u00f6netmeli\u011finde De\u011fi\u015fiklik Yap\u0131lmas\u0131na Dair Y\u00f6netmelik (2010\/31\/EC Direktifi) Temmuz 2012 tarihi itibar\u0131 ile uygulanmaya ba\u015flanacak. Bu s\u00fcre\u00e7le beraber \u00fcye \u00fclkeler enerji verimlili\u011fi kavramlar\u0131, kullan\u0131lmakta olan imar kanunlar\u0131, farkl\u0131 hesaplama y\u00f6ntemleri \u00fczerinde analizlere ve uyumla\u015ft\u0131rma \u00e7al\u0131\u015fmalar\u0131na proje gruplar\u0131 baz\u0131nda yo\u011fun olarak devam ediyor. Ku\u015fkusuz ki bu T\u00fcrkiye\u2019nin AB\u2019ye uyum s\u00fcrecinde att\u0131\u011f\u0131 en b\u00fcy\u00fck ad\u0131mlardan birisi. Ayr\u0131ca Avrupa Birli\u011fi\u2019nin enerji \u00fczerindeki en kapsaml\u0131 plan\u0131 olan \u201c20-20-20 plan\u0131\u201d ile \u00f6rt\u00fc\u015fmektedir (Referans 5). Hat\u0131rlatmak gerekirse, Avrupa Birli\u011fi iklim koruma plan\u0131 \u00e7er\u00e7evesinde \u00fc\u00e7 hedef belirlemi\u015fti: 2020 y\u0131l\u0131na kadar toplam enerji tedarikinde yenilenebilir enerji pay\u0131 y\u00fczde 20&#8217;ye ula\u015facak, karbondioksit sal\u0131n\u0131m\u0131 1990 seviyesine g\u00f6re y\u00fczde 20 oran\u0131nda d\u00fc\u015f\u00fcr\u00fclecek ve y\u00fczde 20 oran\u0131nda enerji tasarrufu sa\u011flanacak.<\/p>\n<p>Avrupa Birli\u011fi geneline bakt\u0131\u011f\u0131m\u0131zda imar kanunlar\u0131 ve enerji standartlar\u0131 \u015fu a\u015famada yeni binalardaki enerji verimlili\u011fi ko\u015fullar\u0131n\u0131 kapsamaktad\u0131r. Bu ko\u015fullar ya genel imar kanunlar\u0131nda yer almakta ya da enerji verimlili\u011fi standartlar\u0131 olarak ayr\u0131ca de\u011ferlendirilmektedir. Bu standartlar \u00fclke baz\u0131nda uygulanabilece\u011fi gibi b\u00f6lgesel ve belediyeler baz\u0131nda uygulanabilmektedir. \u0130mar kanunlar\u0131 enerji verimlili\u011finin yan\u0131nda, yap\u0131 g\u00fcvenli\u011finden yang\u0131n g\u00fcvenli\u011fine, deprem g\u00fcvenli\u011finden kullan\u0131c\u0131 sa\u011fl\u0131\u011f\u0131na kadar bir\u00e7ok konuyu kapsayabilmektedir.<\/p>\n<p>&nbsp;<\/p>\n<h3>Binalarda enerji performans\u0131<\/h3>\n<p>&nbsp;<\/p>\n<p>Enerji verimlili\u011fi binalar\u0131n tasar\u0131m\u0131nda ve in\u015faas\u0131nda tek \u00f6l\u00e7\u00fct de\u011fil. Karar vericiler yap\u0131sal \u00f6ncelikleri, yang\u0131n g\u00fcvenli\u011fini, mekan b\u00fcy\u00fckl\u00fcklerini ve hatta manzaray\u0131 enerji verimlili\u011finden \u00f6nce tutabilmektedirler. T\u00fcrkiye\u2019de ve baz\u0131 Avrupa Birli\u011fi \u00fclkelerinde de zaman zaman ba\u015fka konular \u00f6ncelik a\u00e7\u0131s\u0131ndan enerji verimlili\u011finin \u00f6n\u00fcne ge\u00e7ebilmektedirler. \u00d6rne\u011fin T\u00fcrkiye ve \u0130talya gibi depremin \u00e7ok ciddi ve hatta g\u00fcnl\u00fck \u00f6nem arzetti\u011fi \u00fclkelerde depreme dayan\u0131kl\u0131l\u0131k enerji verimlili\u011fi daha y\u00fcksek olan, ancak bir o kadar da a\u011f\u0131r olan izolasyon malzemelerinin yerine enerji verimlili\u011fi daha az olan, ancak \u00e7ok daha hafif izolasyon malzemelerinin kullan\u0131lmas\u0131n\u0131 \u00f6ng\u00f6rebilir. \u00d6te yandan, yakla\u015fik 40 y\u0131ll\u0131k bir s\u00fcredir enerji verimlili\u011fi \u00fczerine \u00e7al\u0131\u015fmalar\u0131n yap\u0131ld\u0131\u011f\u0131 \u0130sve\u00e7\u2019te i\u00e7 mekan hava kalitesi ve sa\u011fl\u0131k ko\u015fullar\u0131 tasar\u0131m s\u00fcre\u00e7lerinde \u00f6ne \u00e7\u0131kmakta ve hatta binalar\u0131n i\u00e7 mekanlar\u0131nda radon seviyesinin 200 Bq\/metrek\u00fcpe indirilmesi \u00fczerinde \u00e7al\u0131\u015fmalar devam etmektedir. Bu \u00e7al\u0131\u015fmalarda gelecekte geli\u015ftirilecek malzeme se\u00e7imlerinde \u00f6nceliklerin s\u0131ralamas\u0131n\u0131n de\u011fi\u015fmesine neden olacakt\u0131r.<\/p>\n<p>Bu nedenlerle binalardaki enerji verimlili\u011fini asgari d\u00fczeyde sa\u011flayabilmek i\u00e7in Binalarda Enerji Performans\u0131 (BEP) Y\u00f6netmeli\u011fi\u2019nde yer alan belli ba\u015fl\u0131 hesaplama \u00f6\u011felerine dikkat etmekte fayda var. Bu \u00f6\u011feler \u015f\u00f6yle \u00f6zetlenebilir:<\/p>\n<p>(a) Binalar\u0131n termal \u00f6zellikleri (hava s\u0131zd\u0131rmazl\u0131\u011f\u0131 dahil),<\/p>\n<p>(b) Is\u0131tma tesisat\u0131 ve s\u0131cak su te\u00e7hizat\u0131,<\/p>\n<p>(c) \u0130klimlendirme te\u00e7hizat\u0131,<\/p>\n<p>(d) Havaland\u0131rma,<\/p>\n<p>(e) G\u00f6mme ayd\u0131nlatma te\u00e7hizatlar\u0131 (\u00f6zellikle konut d\u0131\u015f\u0131 binalar),<\/p>\n<p>(f) Binalar\u0131n konumu ve yerle\u015fimi,<\/p>\n<p>(g) Pasif g\u00fcne\u015f \u0131\u015f\u0131\u011f\u0131 sistemleri ve g\u00fcne\u015f \u0131\u015f\u0131nlar\u0131ndan korunma detaylar\u0131,<\/p>\n<p>(h) Do\u011fal havaland\u0131rma uygulamalar\u0131,<\/p>\n<p>(i) \u0130\u00e7 mekan iklim ko\u015fullar\u0131 ve tasarlanm\u0131\u015f i\u00e7 mekan iklimlendirmesi.<\/p>\n<p>Binalar\u0131n in\u015fas\u0131 s\u00fcrecinde imar kanunlar\u0131na uyulmas\u0131 yeni binalarda enerji verimlili\u011finin belli bir d\u00fczeyde yakalanmas\u0131n\u0131 sa\u011flayacakt\u0131r. Ya imar kanunlar\u0131n\u0131n i\u00e7inde yer als\u0131n ya da b\u00f6lgesel veya yerel standartlarda yer als\u0131n, enerji verimlili\u011fi uygulamalar\u0131 binalar\u0131n asgari standartlarda olmas\u0131n\u0131 sa\u011flayacakt\u0131r. Burada \u00f6nemli bir nokta da imar y\u00f6netmeliklerinin in\u015faatlar\u0131n asgari masrafla azami verimlili\u011fi sa\u011flayabilmesidir. Bu kapsamda gerekli ilkeler de olu\u015fturulmal\u0131d\u0131r.<\/p>\n<p>&nbsp;<\/p>\n<h3>Ye\u015fil, esnek ve depreme dayan\u0131kl\u0131 kent<\/h3>\n<p>&nbsp;<\/p>\n<p>Dikkat edilmesi gereken bir nokta da hemen hemen b\u00fct\u00fcn imar kanunlar\u0131n\u0131n ve standartlar\u0131n \u00e7\u00f6z\u00fcmleri bina baz\u0131nda almas\u0131. Bu durumda da enerji verimlili\u011fi bir noktaya kadar sa\u011flanmaktad\u0131r. Bug\u00fcn \u0130spanya, \u0130talya gibi \u00fclkelerde bina cepheleri, pencereler, g\u00fcne\u015fin konumlanmas\u0131, peyzaj ve yenilenebilir enerji kaynaklar\u0131n\u0131n mimariye uyumu gibi konular \u00fczerinde \u00e7ok ciddi \u00e7al\u0131\u015fmalar yap\u0131lmakta ve uygulanmaktad\u0131r. Ancak, kentsel \u00f6l\u00e7ekte kanunlar\u0131n ve uygulamalar\u0131n da \u00e7\u0131kar\u0131lmas\u0131 hususu \u00f6nemlidir. Kentlerin kalabal\u0131kla\u015fmas\u0131 ve binalar\u0131n say\u0131s\u0131n\u0131n h\u0131zla artmas\u0131, ye\u015fil alanlar\u0131n, meydanlar\u0131n ve meydan\u0131ms\u0131 alanlar\u0131n h\u0131zla azalmas\u0131na neden olmaktad\u0131r. Kentsel planlamada enerji verimlili\u011fi \u00f6nem s\u0131ralamas\u0131nda olmas\u0131 gereken yerde olmad\u0131\u011f\u0131 s\u00fcrece binalar\u0131n kalabal\u0131kla\u015fmas\u0131 hakim r\u00fczgarlar\u0131n \u00f6n\u00fcn\u00fc kesmeye devam edecektir. Hakim r\u00fczgarlar yaz\u0131n pasif so\u011futmay\u0131 sa\u011flayan en \u00f6nemli ve \u00fccretsiz so\u011futma ara\u00e7lar\u0131d\u0131r. Gene, y\u00fcksek binalar kom\u015fu binalar\u0131n g\u00fcne\u015fini kesti\u011fi zaman, so\u011fuk g\u00fcnlerde pasif \u0131s\u0131tma imkan\u0131 ve dolay\u0131s\u0131 ile \u00fccretsiz \u0131s\u0131nma ko\u015fullar\u0131 ortadan kalkmaktad\u0131r. Bunlar\u0131n sonucunda da binalara uygun ya\u015fam ko\u015fullar\u0131n\u0131 sa\u011flamak i\u00e7in mekanik sistemlerin uygulanmas\u0131 gerekmektedir ki bu da ucuz enerji verimlili\u011fi \u00e7\u00f6z\u00fcmlerinden uzakla\u015f\u0131lmas\u0131 anlam\u0131na gelmektedir. Enerji verimlili\u011finin kentsel planlamaya kanunlar nezdinde ya da ayr\u0131 standartlar olarak yerle\u015ftirilmesi mekanik \u00e7\u00f6z\u00fcmlerden \u00f6nce pasif \u00e7\u00f6z\u00fcmlerin \u00f6ne \u00e7\u0131kmas\u0131n\u0131 sa\u011flayacak ve in\u015faat maliyetleri de azalacakt\u0131r.<\/p>\n<p>Yukar\u0131da bahsedilen hususlar\u0131n 18 May\u0131s 2012 tarihinde a\u00e7\u0131klanan kentsel d\u00f6n\u00fc\u015f\u00fcm s\u00fcreci i\u00e7inde yer almas\u0131n\u0131 \u0130stanbul ve T\u00fcrkiye i\u00e7in ka\u00e7\u0131r\u0131lmayacak bir f\u0131rsat olarak g\u00f6rmekteyiz. Kentsel d\u00f6n\u00fc\u015f\u00fcmle beraber ye\u015fil kent, esnek kent ve depreme haz\u0131r kavramlar\u0131n\u0131n b\u00fct\u00fcnle\u015ftirilebilmesi \u00f6nemli.<\/p>\n<p>Bir s\u00fcredir \u00d6zye\u011fin \u00dcniversitesi E\u00c7EM olarak \u201cS\u0131f\u0131r \u0130stanbul 2050\u201d kavram\u0131 \u00fczerinde \u00e7al\u0131\u015f\u0131yoruz. Bu kavram\u0131n zaman i\u00e7inde T\u00fcrkiye\u2019ye ve d\u00fcnyaya da uyarlanabilece\u011fini d\u00fc\u015f\u00fcn\u00fcyoruz. 8000 y\u0131ll\u0131k tarihi olan, son 50 y\u0131lda 6 misli, son 15 y\u0131lda 2 misli b\u00fcy\u00fcm\u00fc\u015f, iki k\u0131taya yay\u0131lm\u0131\u015f, her t\u00fcrl\u00fc boyutta kaosu ya\u015fayabilen bir metropol olan \u0130stanbul i\u00e7in yap\u0131lacaklar fazlas\u0131yla \u00e7ok. Daha modern daha ya\u015fanabilir daha ye\u015fil bir \u015fehir olma kapasitesi bulunan \u0130stanbul i\u00e7in \u00fcst d\u00fczeyde ve birle\u015fik mimarl\u0131k ve m\u00fchendislik \u015fart. Bunlar ayn\u0131 zamanda sosyal ve tarihsel kavramlarla beraber d\u00fc\u015f\u00fcn\u00fclmeli; i\u015f d\u00fcnyas\u0131 ve sokaktaki insan bu geli\u015fmelerden gelebilecek faydalar\u0131 anlamal\u0131 ve kabul etmeli; y\u00f6neticiler, hem kamunun hem de \u00f6zel \u015firketlerin beraberli\u011fine a\u011f\u0131rl\u0131k verebilmeli; bu birle\u015fik d\u00fc\u015f\u00fcnce kavramlar\u0131 ve strateji geli\u015ftirme becerisi t\u00fcm \u00f6\u011frencilere de \u00f6\u011fretilebilmeli. Yeni bir nesil yeti\u015fmeli; hem sorunlar\u0131 bilen hem de sorunlara \u00e7\u00f6z\u00fcm ve strateji getirebilecek kadar fark\u0131ndal\u0131\u011f\u0131 olan, yapabilirli\u011fi ve kendine g\u00fcveni y\u00fcksek, teknolojiye ve sosyal d\u00fc\u015f\u00fcncelere hakim sorumlu bir yeni nesil.<\/p>\n<p>E\u00c7EM, \u00d6zye\u011fi \u00dcniversitesi\u2019ndeki \u00f6\u011frencilerin yukarda anlatt\u0131\u011f\u0131m\u0131z d\u00fc\u015f\u00fcncelerle yeni bir enerji ve \u00e7evre donan\u0131m\u0131na ula\u015fmalar\u0131 i\u00e7in \u00e7aba g\u00f6steriyor. Burada yap\u0131lmas\u0131n\u0131 arzulad\u0131\u011f\u0131m\u0131z t\u00fcm \u00f6\u011feler \u00d6zye\u011fin \u00dcniversitesi kampusu i\u00e7inde hali haz\u0131rda uygulanmakta. Kampusun m\u00fcmk\u00fcn oldu\u011funca \u2018ye\u015fil\u2019 olmas\u0131 \u00e7abalar\u0131m\u0131zdan birisi ve bu ba\u011flamda yap\u0131lan her binan\u0131n da hem enerji kullan\u0131m\u0131 hem de \u00e7evresel etkiler baz\u0131nda en \u00fcst d\u00fczeyde in\u015fa edilmesine dikkat ediliyor. Yap\u0131lan ilk \u00fc\u00e7 akademik binan\u0131n LEED sertifikas\u0131 almas\u0131, bu binalarda yedi tane ye\u015fil \u00e7at\u0131 olmas\u0131, kampusta enerji \u00fcretimi ve da\u011f\u0131t\u0131lmas\u0131n\u0131 etkin ve ekonomik olarak sa\u011flayacak bir \u2018enerji merkezi\u2019 binas\u0131n\u0131n olu\u015fturulmas\u0131, ve g\u00fcne\u015f panellerinin hem g\u00fcne\u015f enerjisinden elektrik \u00fcretilmesi hemde e\u011fitim i\u00e7in kullan\u0131lmas\u0131 bu \u00e7abalar\u0131n \u00f6nde gelenlerinden. Ayr\u0131ca, mimar ve m\u00fchendislerin beraber \u00e7al\u0131\u015ft\u0131klar\u0131 ve Avrupa Birli\u011fi standardlar\u0131n\u0131nda \u00fczerinde bir d\u00fc\u015f\u00fcnce yap\u0131s\u0131yla tasarlanan bir akademik bina da E\u00c7EM\u2019in odaklar\u0131ndan birisi. T\u00fcrkiye\u2019ye \u015fimdiye kadar gelen en b\u00fcy\u00fck uygulama projelerinden birisi olana EU-FP7-NEED4B (New Energy Efficiency Demonstration for Buildings) kapsam\u0131nda \u0130spanyol, \u0130talyan, Bel\u00e7ikal\u0131 ve \u0130sve\u00e7li ortaklar\u0131m\u0131zla yap\u0131lacak olan \u00e7al\u0131\u015fmalar\u0131 da periodik olarak anlatmaya \u00e7al\u0131\u015faca\u011f\u0131z (Referenas 6). Bu \u00e7al\u0131\u015fman\u0131n ilerde binalarda enerji ve \u00e7evre kavramlar\u0131n\u0131 ilerici, etkin, ve methodik olarak olu\u015fturmas\u0131 i\u00e7in u\u011fra\u015fmaya devam edece\u011fiz.<\/p>\n<p>Referanslar:<\/p>\n<p>International Energy Agency, Energy Policies of IEA Countries, Turkey, 2009 Review.<\/p>\n<p>Izoder, Ertugrul Sen, 4 May\u0131s 2009 sunumu<\/p>\n<p>\u00c7EDBIK, www.cedbik.org<\/p>\n<p>www.resmigazete.gov.tr\/eskiler\/2012\/02\/20120225-7.htm<\/p>\n<p>ec.europa.eu\/eu2020<\/p>\n<p><a href=\"http:\/\/www.need4b.eu\/index.aspx\">www.need4b.eu\/index.aspx<\/a><\/p>\n<p>Kaynak: <a href=\"http:\/\/www.enerjidergisi.com.tr\/haber\/2012\/11\/enerji-verimliligi-boyutu-ve-sifir-istanbul-2050ye-dogru\" target=\"_blank\">Enerji Dergisi<\/a><\/p>\n<p>&nbsp;<\/p>","protected":false},"excerpt":{"rendered":"<p>Sorry, this entry is only available in Turkish. For the sake of viewer convenience, the content is shown below in the alternative language. You may click the link to switch the active language.Avrupa Birli\u011fi geneline bakt\u0131\u011f\u0131m\u0131zda imar kanunlar\u0131 ve enerji standartlar\u0131 \u015fu a\u015famada yeni binalardaki enerji verimlili\u011fi ko\u015fullar\u0131n\u0131 kapsamaktad\u0131r. Bu ko\u015fullar ya genel imar kanunlar\u0131nda [&hellip;]<\/p>\n","protected":false},"author":1,"featured_media":3327,"comment_status":"open","ping_status":"open","sticky":false,"template":"","format":"standard","meta":[],"categories":[53,52],"tags":[67,12,133],"views":940,"_links":{"self":[{"href":"https:\/\/www.enerjigazetesi.ist\/en\/wp-json\/wp\/v2\/posts\/3326"}],"collection":[{"href":"https:\/\/www.enerjigazetesi.ist\/en\/wp-json\/wp\/v2\/posts"}],"about":[{"href":"https:\/\/www.enerjigazetesi.ist\/en\/wp-json\/wp\/v2\/types\/post"}],"author":[{"embeddable":true,"href":"https:\/\/www.enerjigazetesi.ist\/en\/wp-json\/wp\/v2\/users\/1"}],"replies":[{"embeddable":true,"href":"https:\/\/www.enerjigazetesi.ist\/en\/wp-json\/wp\/v2\/comments?post=3326"}],"version-history":[{"count":3,"href":"https:\/\/www.enerjigazetesi.ist\/en\/wp-json\/wp\/v2\/posts\/3326\/revisions"}],"predecessor-version":[{"id":3329,"href":"https:\/\/www.enerjigazetesi.ist\/en\/wp-json\/wp\/v2\/posts\/3326\/revisions\/3329"}],"wp:featuredmedia":[{"embeddable":true,"href":"https:\/\/www.enerjigazetesi.ist\/en\/wp-json\/wp\/v2\/media\/3327"}],"wp:attachment":[{"href":"https:\/\/www.enerjigazetesi.ist\/en\/wp-json\/wp\/v2\/media?parent=3326"}],"wp:term":[{"taxonomy":"category","embeddable":true,"href":"https:\/\/www.enerjigazetesi.ist\/en\/wp-json\/wp\/v2\/categories?post=3326"},{"taxonomy":"post_tag","embeddable":true,"href":"https:\/\/www.enerjigazetesi.ist\/en\/wp-json\/wp\/v2\/tags?post=3326"}],"curies":[{"name":"wp","href":"https:\/\/api.w.org\/{rel}","templated":true}]}}