{"id":33252,"date":"2014-11-06T21:49:17","date_gmt":"2014-11-06T18:49:17","guid":{"rendered":"https:\/\/www.enerjigazetesi.ist\/?p=33252"},"modified":"2014-11-06T21:49:35","modified_gmt":"2014-11-06T18:49:35","slug":"kerry-iranin-bariscil-nukleer-program-hakki-var","status":"publish","type":"post","link":"https:\/\/www.enerjigazetesi.ist\/en\/kerry-iranin-bariscil-nukleer-program-hakki-var\/","title":{"rendered":"(Turkish) Kerry: \u201c\u0130ran\u2019\u0131n Bar\u0131\u015f\u00e7\u0131l N\u00fckleer Program Hakk\u0131 Var!\u201d"},"content":{"rendered":"<p class=\"qtranxs-available-languages-message qtranxs-available-languages-message-en\">Sorry, this entry is only available in <a href=\"https:\/\/www.enerjigazetesi.ist\/tr\/wp-json\/wp\/v2\/posts\/33252\" class=\"qtranxs-available-language-link qtranxs-available-language-link-tr\" title=\"Turkish\">Turkish<\/a>. For the sake of viewer convenience, the content is shown below in the alternative language. You may click the link to switch the active language.<\/p><p><strong>ABD D\u0131\u015fi\u015fleri Bakan\u0131 John Kerry, \u0130ran\u2019\u0131n askeri ama\u00e7lar d\u0131\u015f\u0131nda sivil n\u00fckleer program uygulama hakk\u0131n\u0131n oldu\u011funu s\u00f6yledi.<a href=\"https:\/\/www.enerjigazetesi.ist\/wp-content\/uploads\/2014\/11\/kerry-iranin-bariscil-nukleer-program-hakki-var.jpg\"><img loading=\"lazy\" class=\"alignleft size-medium wp-image-33253\" src=\"https:\/\/www.enerjigazetesi.ist\/wp-content\/uploads\/2014\/11\/kerry-iranin-bariscil-nukleer-program-hakki-var-300x207.jpg\" alt=\"kerry-iranin-bariscil-nukleer-program-hakki-var\" width=\"300\" height=\"207\" srcset=\"https:\/\/www.enerjigazetesi.ist\/wp-content\/uploads\/2014\/11\/kerry-iranin-bariscil-nukleer-program-hakki-var-300x207.jpg 300w, https:\/\/www.enerjigazetesi.ist\/wp-content\/uploads\/2014\/11\/kerry-iranin-bariscil-nukleer-program-hakki-var-500x345.jpg 500w, https:\/\/www.enerjigazetesi.ist\/wp-content\/uploads\/2014\/11\/kerry-iranin-bariscil-nukleer-program-hakki-var-72x50.jpg 72w, https:\/\/www.enerjigazetesi.ist\/wp-content\/uploads\/2014\/11\/kerry-iranin-bariscil-nukleer-program-hakki-var.jpg 600w\" sizes=\"(max-width: 300px) 100vw, 300px\" \/><\/a><\/strong><span id=\"more-67831\"><\/span><\/p>\n<p>Fransa D\u0131\u015fi\u015fleri Bakan\u0131 Laurent Fabius ile \u0130ran\u2019\u0131n n\u00fckleer faaliyetleri konulu toplant\u0131s\u0131na kat\u0131lmadan hemen \u00f6nce Kerry yapt\u0131\u011f\u0131 a\u00e7\u0131klamada, \u201cBar\u0131\u015f\u00e7\u0131l program haklar\u0131 var ancak bomba i\u00e7in de\u011fil\u201d dedi.<\/p>\n<p>ABD ve di\u011fer d\u00fcnya g\u00fc\u00e7leri, Bat\u0131l\u0131 \u00fclkelerin n\u00fckleer silah yap\u0131m\u0131 i\u00e7in uyguland\u0131\u011f\u0131n\u0131 iddia ettikleri n\u00fckleer faaliyetlerini durdurmas\u0131 konusunda \u0130ran\u2019a yo\u011fun bask\u0131 yap\u0131yor. Ancak \u0130ran sivil ama\u00e7l\u0131 oldu\u011funu iddia etti\u011fi n\u00fckleer program\u0131n\u0131 uygulama hakk\u0131n\u0131n oldu\u011funu savunuyor.<\/p>\n<p>Kerry, 24 Kas\u0131m \u00f6ncesinde Viyana\u2019da yap\u0131lacak n\u00fckleer konulu toplant\u0131 \u00f6ncesinde Umman\u2019a da ziyarette bulunacak.<\/p>\n<p>Kaynak: <a href=\"http:\/\/www.wsj.com.tr\/articles\/SB11186790908283423711204580258540815711302\" target=\"_blank\" rel=\"nofollow\">The Wall Street Journal<\/a><\/p>","protected":false},"excerpt":{"rendered":"<p>Sorry, this entry is only available in Turkish. For the sake of viewer convenience, the content is shown below in the alternative language. You may click the link to switch the active language.ABD D\u0131\u015fi\u015fleri Bakan\u0131 John Kerry, \u0130ran\u2019\u0131n askeri ama\u00e7lar d\u0131\u015f\u0131nda sivil n\u00fckleer program uygulama hakk\u0131n\u0131n oldu\u011funu s\u00f6yledi. Fransa D\u0131\u015fi\u015fleri Bakan\u0131 Laurent Fabius ile \u0130ran\u2019\u0131n [&hellip;]<\/p>\n","protected":false},"author":1,"featured_media":33253,"comment_status":"open","ping_status":"open","sticky":false,"template":"","format":"standard","meta":[],"categories":[53,43],"tags":[19385,19384,63,67,1009,165,1333,3841,71,21,19386],"views":784,"_links":{"self":[{"href":"https:\/\/www.enerjigazetesi.ist\/en\/wp-json\/wp\/v2\/posts\/33252"}],"collection":[{"href":"https:\/\/www.enerjigazetesi.ist\/en\/wp-json\/wp\/v2\/posts"}],"about":[{"href":"https:\/\/www.enerjigazetesi.ist\/en\/wp-json\/wp\/v2\/types\/post"}],"author":[{"embeddable":true,"href":"https:\/\/www.enerjigazetesi.ist\/en\/wp-json\/wp\/v2\/users\/1"}],"replies":[{"embeddable":true,"href":"https:\/\/www.enerjigazetesi.ist\/en\/wp-json\/wp\/v2\/comments?post=33252"}],"version-history":[{"count":2,"href":"https:\/\/www.enerjigazetesi.ist\/en\/wp-json\/wp\/v2\/posts\/33252\/revisions"}],"predecessor-version":[{"id":33255,"href":"https:\/\/www.enerjigazetesi.ist\/en\/wp-json\/wp\/v2\/posts\/33252\/revisions\/33255"}],"wp:featuredmedia":[{"embeddable":true,"href":"https:\/\/www.enerjigazetesi.ist\/en\/wp-json\/wp\/v2\/media\/33253"}],"wp:attachment":[{"href":"https:\/\/www.enerjigazetesi.ist\/en\/wp-json\/wp\/v2\/media?parent=33252"}],"wp:term":[{"taxonomy":"category","embeddable":true,"href":"https:\/\/www.enerjigazetesi.ist\/en\/wp-json\/wp\/v2\/categories?post=33252"},{"taxonomy":"post_tag","embeddable":true,"href":"https:\/\/www.enerjigazetesi.ist\/en\/wp-json\/wp\/v2\/tags?post=33252"}],"curies":[{"name":"wp","href":"https:\/\/api.w.org\/{rel}","templated":true}]}}