{"id":3323,"date":"2012-11-09T10:12:20","date_gmt":"2012-11-09T07:12:20","guid":{"rendered":"https:\/\/www.enerjigazetesi.ist\/?p=3323"},"modified":"2012-11-09T10:25:09","modified_gmt":"2012-11-09T07:25:09","slug":"enerji-sektorunun-notu-coktan-artti","status":"publish","type":"post","link":"https:\/\/www.enerjigazetesi.ist\/en\/enerji-sektorunun-notu-coktan-artti\/","title":{"rendered":"(Turkish) Enerji Sekt\u00f6r\u00fcn\u00fcn Notu \u00c7oktan Artt\u0131"},"content":{"rendered":"<p class=\"qtranxs-available-languages-message qtranxs-available-languages-message-en\">Sorry, this entry is only available in <a href=\"https:\/\/www.enerjigazetesi.ist\/tr\/wp-json\/wp\/v2\/posts\/3323\" class=\"qtranxs-available-language-link qtranxs-available-language-link-tr\" title=\"Turkish\">Turkish<\/a>. For the sake of viewer convenience, the content is shown below in the alternative language. You may click the link to switch the active language.<\/p><p><strong>Enerji ve Tabii Kaynaklar Bakan\u0131 Taner Y\u0131ld\u0131z, T\u00fcrkiye R\u00fczgar Enerjisi Kongresi&#8217;nin a\u00e7\u0131l\u0131\u015f\u0131nda konu\u015ftu.<\/strong><\/p>\n<p>Enerji ve Tabii Kaynaklar Bakan\u0131 Taner Y\u0131ld\u0131z, T\u00fcrkiye&#8217;nin b\u00fcy\u00fcme h\u0131z\u0131ndan daha h\u0131zl\u0131 b\u00fcy\u00fcyecek bir yenilenebilir enerji kaynaklar\u0131 yap\u0131lanmas\u0131n\u0131 sa\u011flamak gerekti\u011fini belirterek, &#8221;B\u00f6yle olmazsa, T\u00fcrkiye daha h\u0131zl\u0131 b\u00fcy\u00fcrse, ithal etti\u011fimiz do\u011fal gaz\u0131 daha fazla ithal etmek zorunda kal\u0131r\u0131z&#8221; dedi.<\/p>\n<p><img loading=\"lazy\" class=\"alignleft size-medium wp-image-3331\" title=\"ruzgar-enerjisi-kongresi\" src=\"https:\/\/www.enerjigazetesi.ist\/wp-content\/uploads\/2012\/11\/ruzgar-enerjisi-kongresi-300x203.png\" alt=\"\" width=\"300\" height=\"203\" srcset=\"https:\/\/www.enerjigazetesi.ist\/wp-content\/uploads\/2012\/11\/ruzgar-enerjisi-kongresi-300x203.png 300w, https:\/\/www.enerjigazetesi.ist\/wp-content\/uploads\/2012\/11\/ruzgar-enerjisi-kongresi-73x50.png 73w, https:\/\/www.enerjigazetesi.ist\/wp-content\/uploads\/2012\/11\/ruzgar-enerjisi-kongresi.png 450w\" sizes=\"(max-width: 300px) 100vw, 300px\" \/>Bakan Y\u0131ld\u0131z, Wow Convention Center&#8217;da ger\u00e7ekle\u015fen T\u00fcrkiye R\u00fczgar Enerjisi Kongresi&#8217;nin a\u00e7\u0131l\u0131\u015f\u0131nda yapt\u0131\u011f\u0131 konu\u015fmada, T\u00fcrkiye&#8217;nin \u00f6zel sekt\u00f6r eliyle b\u00fcy\u00fcme tercihinde bulundu\u011funu ve serbestle\u015fen, liberalle\u015fen piyasada enerji yap\u0131lanmas\u0131n\u0131 \u00e7evreye ra\u011fmen de\u011fil \u00e7evreyle beraber ve uyumlu bir \u015fekilde olu\u015fturdu\u011funu s\u00f6yledi.<\/p>\n<p>T\u00fcrkiye&#8217;nin b\u00fcy\u00fcmesini kar\u015f\u0131layacak yap\u0131lanmay\u0131 mutlaka sa\u011flamak zorunda olduklar\u0131n\u0131 ifade eden Y\u0131ld\u0131z, &#8221;Enerji sekt\u00f6r\u00fcn\u00fcn bir\u00e7ok \u015feye mazereti olabilir ama T\u00fcrkiye&#8217;nin b\u00fcy\u00fcmesini sa\u011flayacak olan enerji arz\u0131yla alakal\u0131 herhangi bir mazereti olamaz. O y\u00fczden bizler \u00f6ng\u00f6r\u00fclen b\u00fcy\u00fcme rakamlar\u0131n\u0131 dikkate alarak ondan daha fazla b\u00fcy\u00fcyecek bir yap\u0131y\u0131 mutlaka kurgulamam\u0131z laz\u0131m&#8221; diye<br \/>\nkonu\u015ftu.<\/p>\n<p>S\u00fcrd\u00fcr\u00fclebilir bir enerji ve s\u00fcrd\u00fcr\u00fclebilir bir gelecek i\u00e7in mutlaka iklim de\u011fi\u015fikliklerine, \u00e7evre hassasiyetlerine, yenilenebilir enerji kaynaklar\u0131na \u00f6nem vermek gerekti\u011fine vurgu yapan Y\u0131ld\u0131z, &#8221;Burada hem kamuya hem de \u00f6zel sekt\u00f6re d\u00fc\u015fen \u00f6nemli g\u00f6revler var. E\u011fer biz T\u00fcrkiye&#8217;nin b\u00fcy\u00fcmesini, yenilenebilir enerji kaynaklar\u0131ndan yeterince yapamazsak, sistem bo\u015flu\u011fu affetmez ve yerine her zaman \u015fikayet etti\u011fimiz fosil kaynaklardan, ithal etti\u011fimiz petrol ve do\u011falgazdan bahsederiz. O y\u00fczden T\u00fcrkiye&#8217;nin b\u00fcy\u00fcme h\u0131z\u0131n\u0131 dikkate almam\u0131z laz\u0131m ve o b\u00fcy\u00fcme h\u0131z\u0131n\u0131 daha da a\u015facak, dolay\u0131s\u0131yla farkl\u0131 bir ifadeyle T\u00fcrkiye&#8217;nin b\u00fcy\u00fcme h\u0131z\u0131ndan daha h\u0131zl\u0131 b\u00fcy\u00fcyecek bir yenilenebilir enerji kaynaklar\u0131 yap\u0131lanmas\u0131n\u0131 sa\u011flamam\u0131z gerekiyor. B\u00f6yle olmazsa, T\u00fcrkiye daha h\u0131zl\u0131 b\u00fcy\u00fcrse, ithal etti\u011fimiz do\u011fal gaz\u0131 daha fazla ithal etmek zorunda kal\u0131r\u0131z. O y\u00fczden T\u00fcrkiye enerji kaynaklar\u0131n\u0131 \u00e7e\u015fitlendirerek, n\u00fckleer g\u00fc\u00e7 santrallerini de dahil ederek ve bir nevi onu da yenilenebilir enerji kaynaklar\u0131 kapsam\u0131na alarak yoluna devam etmektedir&#8221; de\u011ferlendirmesinde bulundu.<\/p>\n<h2>&#8221;11 B\u0130N MEGAVAT C\u0130VARINDA L\u0130SANS VER\u0130LD\u0130&#8221;<\/h2>\n<p>T\u00fcrkiye&#8217;nin bilgi eksi\u011fi bulunmad\u0131\u011f\u0131n\u0131 ve \u015fimdi eylem s\u0131ras\u0131n\u0131n geldi\u011fine i\u015faret eden Y\u0131ld\u0131z, \u015f\u00f6yle devam etti:<\/p>\n<p>&#8221;1 Kas\u0131m 2007&#8217;de ba\u015flayan r\u00fczgarla alakal\u0131 \u00e7al\u0131\u015fman\u0131n, daha h\u0131zl\u0131 y\u00fcr\u00fcyebilece\u011fi ve art\u0131k kamu mazeretleri yerine \u00f6zel sekt\u00f6r mazeretlerini konu\u015faca\u011f\u0131m\u0131z bir ortama giriyoruz. Uygun bulunmayla beraber 11 bin megavat civar\u0131nda lisans verildi. \u015eimdi bunun mutlaka ger\u00e7ek yat\u0131r\u0131mc\u0131larla beraber realize edilmesi laz\u0131m. \u00c7\u00fcnk\u00fc biz ge\u00e7ici madde d\u00fczenliyoruz. Bir yat\u0131r\u0131mc\u0131 gelmi\u015f ve bize demi\u015f ki &#8216;Ben buraya r\u00fczgar santraliyle ba\u011flanaca\u011f\u0131m, \u015fu trafoya ba\u011flanaca\u011f\u0131m.&#8217; Biz ona bir kapasite tahsis etmi\u015fiz. O kapasite kullan\u0131lmak durumunda. Ne kadar kullan\u0131lmaz? 3 y\u0131l\u0131, 5 y\u0131l\u0131 ge\u00e7mez.<\/p>\n<p>\u015eu anda bu salonda, ger\u00e7ek yat\u0131r\u0131mc\u0131lar ile ger\u00e7ek yat\u0131r\u0131mc\u0131 olmaya aday r\u00fczgarc\u0131lar aras\u0131nda bir anket yapsak mutlaka ger\u00e7ek yat\u0131r\u0131mc\u0131lar\u0131n bir k\u0131s\u0131m s\u0131k\u0131nt\u0131lar\u0131n\u0131n \u015fikayetlerinin oldu\u011funu g\u00f6rece\u011fiz. &#8216;Ben falan trafoya ba\u011flanmak istiyorum ama kapasitesi dolu&#8217; diyorlar. O zaman daha \u00f6nce yat\u0131r\u0131m\u0131n\u0131 ger\u00e7ekle\u015ftirecek olanlara bir \u00f6ncelik vermemiz laz\u0131m. O y\u00fczden yeni tasla\u011f\u0131m\u0131z (4628 Say\u0131l\u0131 Elektrik Piyasas\u0131 Kanunu Tasla\u011f\u0131) in\u015fallah enerji komisyonu marifetiyle TBMM Genel Kurulu&#8217;na gelecek olan yap\u0131da mevcut \u00fcretim lisans\u0131 olup da in\u015faat \u00f6ncesi s\u00fcresini bitirmeyenler veya \u015fu veya bu gerek\u00e7eyle bitiremeyenler 6 ayl\u0131k bir \u00f6n lisansa tabi olacaklar. Bu, yat\u0131r\u0131mlar\u0131 h\u0131zland\u0131rmak ad\u0131na yap\u0131lan bir madde olacak. Mutlaka herkesin belli bir s\u00fcre i\u00e7erisinde bu yat\u0131r\u0131mlar\u0131n\u0131 ger\u00e7ekle\u015ftirme zorunlulu\u011fu getiriyoruz.&#8221;<\/p>\n<h2>&#8221;ENERJ\u0130 SEKT\u00d6R\u00dc T\u00dcRK\u0130YE&#8217;N\u0130N NOTUNU \u00c7OK DAHA \u00d6NCEDEN ARTIRDI&#8221;<\/h2>\n<p>Fitch&#8217;in T\u00fcrkiye&#8217;nin kredi notunu art\u0131rd\u0131\u011f\u0131n\u0131 ama enerji sekt\u00f6r\u00fcn\u00fcn T\u00fcrkiye&#8217;nin notunu \u00e7ok daha \u00f6nceden art\u0131rd\u0131\u011f\u0131n\u0131 dile getiren Y\u0131ld\u0131z, enerji sekt\u00f6r\u00fcnde uluslararas\u0131 sermayeyle beraber 2011 y\u0131l\u0131nda 4,3 milyar dolarl\u0131k bir do\u011frudan giri\u015f oldu\u011fu bilgisini verdi.<\/p>\n<p>Y\u0131ld\u0131z, &#8221;Bu not y\u00fckseltilmeden dahi enerji sekt\u00f6r\u00fc bunu sat\u0131n alm\u0131\u015ft\u0131. Bu, hem T\u00fcrkiye&#8217;deki siyasi istikrara olan g\u00fcvenin s\u00fcrd\u00fcr\u00fclebilir hale gelmesiyle alakal\u0131 ciddi bir veridir, ayn\u0131 zamanda enerji sekt\u00f6r\u00fcndeki yapacaklar\u0131 i\u015flere duyulan g\u00fcvendir. Tabii ki art\u0131r\u0131yor olmas\u0131 bir k\u0131s\u0131m uluslararas\u0131 sermayenin yeni olu\u015fabilecek sermaye noktalar\u0131n\u0131n harekete ge\u00e7irilebilece\u011fine de i\u015faret etmektedir. O y\u00fczden zemini sa\u011flam ve son derece stabil b\u00fcy\u00fcmeyi kar\u015f\u0131layacak enerji yap\u0131land\u0131rmas\u0131n\u0131 sa\u011flamam\u0131z laz\u0131m&#8221; diye konu\u015ftu.<\/p>\n<p>Siyasi istikrar\u0131n kolayla\u015ft\u0131rd\u0131\u011f\u0131 kaynaklar bulundu\u011funu, ama siyasi istikrars\u0131zl\u0131\u011f\u0131n zorla\u015ft\u0131ramad\u0131\u011f\u0131 kaynaklar oldu\u011funu belirten Y\u0131ld\u0131z, &#8221;R\u00fczgar b\u00f6yle bir kaynak. Arz ve talepten kaynaklanmayarak ham petrol fiyatlar\u0131n\u0131n de\u011fi\u015fti\u011fini g\u00f6r\u00fcyoruz. Arap Bahar\u0131 deniliyor, bir ba\u015fka gerek\u00e7e deniliyor, 2013&#8217;te \u00f6ng\u00f6r\u00fclebilecek birtak\u0131m s\u0131k\u0131nt\u0131lardan bahsedilerek bu konu a\u00e7\u0131l\u0131yor ve ham petrol\u00fcn fiyat\u0131 10 dolar, 20 dolar art\u0131yor. Bu bizi tabii ki olumsuz etkiliyor. Ama r\u00fczgar b\u00f6yle de\u011fil. Yani sizdeki veya \u00e7evrenizdeki bir siyasi istikrars\u0131zl\u0131k bu kayna\u011f\u0131 etkileyemiyor. O a\u00e7\u0131dan ben bunu \u00e7ok \u00f6nemli bir avantaj olarak g\u00f6r\u00fcyorum&#8221; \u015feklinde konu\u015ftu.<\/p>\n<h2>&#8221;2023 YILINA KADAR 20 B\u0130N MEGAVATLARA \u00c7IKARMAMIZA MAN\u0130 B\u0130R\u015eEY OLMADI\u011eINI G\u00d6R\u00dcYORUZ&#8221;<\/h2>\n<p>Enerji ve Tabii Kaynaklar Bakan\u0131 Taner Y\u0131ld\u0131z, T\u00fcrkiye&#8217;nin hedefledi\u011fi yerli sanayiyi r\u00fczgarda kuramad\u0131\u011f\u0131 takdirde i\u015fletmecili\u011fini ithal yerine, yat\u0131r\u0131mlar\u0131n\u0131 ithal etti\u011fi bir kayna\u011fa do\u011fru gidece\u011fini s\u00f6yledi.<\/p>\n<p>Bakan Y\u0131ld\u0131z, T\u00fcrkiye R\u00fczgar Enerjisi Birli\u011fi&#8217;nin d\u00fczenledi\u011fi T\u00fcrkiye R\u00fczgar Enerjisi Kongresi&#8217;nin a\u00e7\u0131l\u0131\u015f\u0131nda yapt\u0131\u011f\u0131 konu\u015fmada, T\u00fcrkiye&#8217;nin hedefledi\u011fi yerli sanayiyi r\u00fczgarda kuramad\u0131\u011f\u0131 takdirde i\u015fletmecili\u011fini ithal yerine yat\u0131r\u0131mlar\u0131n\u0131 ithal etti\u011fi bir kayna\u011fa do\u011fru gidece\u011fine dikkati \u00e7ekti.<\/p>\n<p>Y\u00f6netmelikte bu sebeple gerekli de\u011fi\u015fiklikleri yapt\u0131klar\u0131n\u0131 anlatan Y\u0131ld\u0131z, &#8221;Y\u00fczde 100&#8217;\u00fcn\u00fc ger\u00e7ekle\u015ftirme \u015fart\u0131n\u0131 kald\u0131rd\u0131k. Y\u00fczde 55&#8217;ler civar\u0131nda e\u011fer siz o yapt\u0131\u011f\u0131n\u0131z imalat\u0131n yerli kaynak oldu\u011funu sa\u011flayabiliyorsan\u0131z, oradaki te\u015fviklerden yararlanma imkan\u0131n\u0131 kazand\u0131rd\u0131k&#8221; dedi.<\/p>\n<p>Bunun sekt\u00f6r\u00fcn de istedi\u011fi \u00f6nemli bir geli\u015fme oldu\u011funu aktaran Y\u0131ld\u0131z, &#8221;Tabii ki sekt\u00f6r\u00fcn istekleri dikkate al\u0131nmak durumunda. Bunun tarihi 2015 midir, 2023 y\u0131l\u0131na kadar i\u015fletmeye girecek olanlar m\u0131d\u0131r, Bakanlar Kurulu&#8217;nun zaten bu tarihleri de\u011fi\u015ftirme, uzatma yetkisi var. Gerek kanunla gerekse bu t\u00fcr inisiyatiflerle bunlar\u0131 de\u011fi\u015ftirebiliriz. Ama \u00f6nemli olan kamu g\u00f6revlerini yerine getirdikten sonra \u00f6zel sekt\u00f6r\u00fcn de buna cevap verebilecek durumda olmas\u0131d\u0131r. Biz her zaman \u00f6zel sekt\u00f6r\u00fcn, ger\u00e7ek yat\u0131r\u0131mc\u0131m\u0131z\u0131n hemen yan\u0131 ba\u015f\u0131nday\u0131z ve onun i\u015flerinin kolayla\u015ft\u0131r\u0131lmas\u0131yla alakal\u0131 b\u00fct\u00fcn ba\u011fl\u0131, ilgili ve ili\u015fkili kurulu\u015flar\u0131m\u0131zla mutlaka yard\u0131mc\u0131 olaca\u011f\u0131z&#8221; ifadelerini kulland\u0131.<\/p>\n<h2>&#8221;T\u00dcRK\u0130YE, YEN\u0130LENEB\u0130L\u0130R ENERJ\u0130 KAYNAKLARINI DAHA \u00c7OK ARTIRMAK DURUMUNDA&#8221;<\/h2>\n<p>T\u00fcrkiye&#8217;nin su, r\u00fczgar, g\u00fcne\u015f, jeotermal ve biyok\u00fctle gibi yenilenebilir enerji kaynaklar\u0131n\u0131 daha \u00e7ok art\u0131rmak durumunda oldu\u011funun alt\u0131n\u0131 \u00e7izen Y\u0131ld\u0131z, \u015f\u00f6yle devam etti:<\/p>\n<p>&#8221;Y\u00fczde 30&#8217;lar civar\u0131nda toplam \u00fcretimdeki pay\u0131n\u0131 bu kaynaklardan sa\u011flamak hedefindedir. 2023 y\u0131l\u0131na kadar enerji yap\u0131land\u0131rmas\u0131na koydu\u011fumuz bu hedefler mutlaka ger\u00e7ekle\u015fmek durumundad\u0131r. \u00c7\u00fcnk\u00fc Avrupa Birli\u011fi&#8217;nde T\u00fcrkiye&#8217;nin kurulu g\u00fcc\u00fcn\u00fcn 2 kat\u0131 kadar \u015fu anda r\u00fczgar var. \u0130\u015fletmecilik a\u00e7\u0131s\u0131ndan bakt\u0131\u011f\u0131m\u0131zda biraz daha T\u00fcrkiye&#8217;nin kulland\u0131\u011f\u0131 elektrikten az. D\u00fcnyada 5 kat\u0131 kadar kurulu g\u00fc\u00e7 var ve 2 kat\u0131 kadar da i\u015fletti\u011fi elektrik g\u00fcc\u00fc var. D\u00fcnyada s\u0131ralamalar de\u011fi\u015fiyor. ABD&#8217;nin \u00f6zellikle son 2011 y\u0131l\u0131nda yapt\u0131\u011f\u0131 atak hala \u00c7in&#8217;in birinci s\u0131rada olu\u015funu de\u011fi\u015ftirmedi ama 2011 y\u0131l\u0131nda en fazla r\u00fczgar enerjisine yat\u0131r\u0131m yapan \u00fclke unvan\u0131n\u0131 kazand\u0131. Almanya bu iki \u00fclkeyi takip eden takip eden \u00fc\u00e7\u00fcnc\u00fc \u00fclke oldu. Biz d\u00fcnyan\u0131n 17. b\u00fcy\u00fck ekonomisi aras\u0131nda bulunmam\u0131za ra\u011fmen r\u00fczgar i\u015fletmecili\u011fi a\u00e7\u0131s\u0131ndan ilk 16 aras\u0131nda yer al\u0131yoruz. Mutlaka ilk 10&#8217;da bulunabiliyor hale gelmemiz laz\u0131m hem T\u00fcrkiye&#8217;nin enerji politikalar\u0131 a\u00e7\u0131s\u0131ndan hem de yenilenebilir enerji kaynaklar\u0131na verdi\u011fimiz \u00f6nem a\u00e7\u0131s\u0131ndan&#8230;&#8221;<\/p>\n<p>Bakan Y\u0131ld\u0131z, T\u00fcrkiye&#8217;nin yenilenebilir enerji kaynaklar\u0131n\u0131n \u00fclkenin b\u00fcy\u00fcme h\u0131z\u0131ndan daha h\u0131zl\u0131 b\u00fcy\u00fcyemedi\u011fi takdirde mutlaka fosil kaynaklara m\u00fcracaat etmek zorunda kal\u0131naca\u011f\u0131n\u0131, bunu da temenni etmediklerini ifade etti.<\/p>\n<p>T\u00fcrkiye&#8217;nin gerek r\u00fczgar gerek HES&#8217;lerle alakal\u0131 \u00e7\u0131k\u0131\u015f\u0131n\u0131 s\u00fcrd\u00fcrmesi gerekti\u011fini s\u00f6yleyen Y\u0131ld\u0131z, &#8221;\u015eu ana kadar yap\u0131lanlar, bu b\u00fcy\u00fcmenin de\u011fi\u015firken y\u00f6netilmesi ad\u0131na \u00f6nemli i\u015flerdir. Yine bu politikalar\u0131m\u0131za devam edece\u011fiz. Kurulu g\u00fcc\u00fcm\u00fcz\u00fc 2023 y\u0131l\u0131na kadar 20 bin megavattlara \u00e7\u0131karmam\u0131za mani bir \u015fey olmad\u0131\u011f\u0131n\u0131 g\u00f6r\u00fcyoruz. \u00c7\u00fcnk\u00fc T\u00fcrkiye hem ithal etti\u011fi petrol ve do\u011falgaz\u0131 yerli kaynaklar haline getirmesiyle alakal\u0131 \u00e7al\u0131\u015fmalar\u0131n\u0131 s\u00fcrd\u00fcr\u00fcrken hemen yan\u0131 ba\u015f\u0131nda buldu\u011fu, \u00fclkesinde haz\u0131r halde buldu\u011fu gerek r\u00fczgar\u0131 gerek g\u00fcne\u015fi gerekse su kaynaklar\u0131n\u0131 iyi de\u011ferlendirmek durumundad\u0131r&#8221; diye konu\u015ftu.<\/p>\n<p>Son 2 y\u0131lda \u00f6ng\u00f6r\u00fclerinin de \u00fczerinde bir do\u011falgaz talebiyle kar\u015f\u0131la\u015f\u0131ld\u0131\u011f\u0131n\u0131 ifade eden Y\u0131ld\u0131z, bunun y\u00fczde 25&#8217;ler civar\u0131nda bir t\u00fcketim rakam\u0131na kar\u015f\u0131l\u0131k gelmesinin son derece \u00f6nemli oldu\u011funu belirtti.<\/p>\n<p>Bakan Y\u0131ld\u0131z, &#8221;O y\u00fczden T\u00fcrkiye&#8217;nin \u00f6n\u00fcndeki 11 y\u0131l \u00fcretti\u011fimiz kadar ithal enerji kaynaklar\u0131n\u0131 azaltaca\u011f\u0131m\u0131z ama \u00fcretmedi\u011fimiz kadar da ithal enerji kaynaklar\u0131n\u0131n artaca\u011f\u0131 bir d\u00f6nemdir. D\u00fcnyadaki geli\u015fim h\u0131zlar\u0131na, Uluslararas\u0131 Enerji Ajans\u0131 verilerine bakt\u0131\u011f\u0131m\u0131zda mutlaka art\u0131k bizim bu yap\u0131y\u0131 h\u0131zland\u0131rmam\u0131z gerekiyor&#8221; dedi.<\/p>\n<p>A\u00e7\u0131l\u0131\u015f konu\u015fmas\u0131n\u0131n ard\u0131ndan, Bakan Y\u0131ld\u0131z&#8217;a T\u00fcrkiye R\u00fczgar Enerjisi Birli\u011fi Y\u00f6netim Kurulu Ba\u015fkan\u0131 Mustafa Serdar Ataseven taraf\u0131ndan plaket takdim edildi.<\/p>\n<p>Bakan Y\u0131ld\u0131z da a\u00e7\u0131l\u0131\u015f\u0131n di\u011fer konu\u015fmac\u0131lar\u0131 Enerji Piyasas\u0131 Denetleme Kurumu (EPDK) Ba\u015fkan\u0131 Hasan K\u00f6kta\u015f, T\u00fcrkiye B\u00fcy\u00fck Millet Meclisi (TBMM) \u00c7evre Komisyonu Ba\u015fkan\u0131 Erol Kaya, TBMM Sanayi, Ticaret, Enerji, Tabii Kaynaklar, Bilgi ve Teknoloji Komisyonu Ba\u015fkan\u0131 Mahmut M\u00fccahit F\u0131nd\u0131kl\u0131 ve Avrupa R\u00fczgar Enerjisi Birli\u011fi \u00dcst Y\u00f6neticisi (CEO) Christian Kjaer&#8217;a plaket takdim etti.<\/p>\n<p>Kurdela kesiminin ard\u0131ndan Bakan Y\u0131ld\u0131z, kongre kapsam\u0131ndaki sergiyi gezerek projeler hakk\u0131nda bilgi ald\u0131. Bu s\u0131rada, kendisine verilen r\u00fczgar g\u00fcllerini bas\u0131n mensuplar\u0131na hediye eden Bakan Y\u0131ld\u0131z, bir vatanda\u015f\u0131n kendisine g\u00f6sterdi\u011fi enerji projesini de inceleyece\u011fini s\u00f6yleyerek yan\u0131na ald\u0131.<\/p>\n<p>Kaynak: <a href=\"http:\/\/www.sabah.com.tr\/Ekonomi\/2012\/11\/07\/enerji-sektorunun-notu-coktan-artti\">Sabah<\/a><\/p>","protected":false},"excerpt":{"rendered":"<p>Sorry, this entry is only available in Turkish. For the sake of viewer convenience, the content is shown below in the alternative language. You may click the link to switch the active language.Enerji ve Tabii Kaynaklar Bakan\u0131 Taner Y\u0131ld\u0131z, T\u00fcrkiye R\u00fczgar Enerjisi Kongresi&#8217;nin a\u00e7\u0131l\u0131\u015f\u0131nda konu\u015ftu. Enerji ve Tabii Kaynaklar Bakan\u0131 Taner Y\u0131ld\u0131z, T\u00fcrkiye&#8217;nin b\u00fcy\u00fcme h\u0131z\u0131ndan [&hellip;]<\/p>\n","protected":false},"author":1,"featured_media":3331,"comment_status":"open","ping_status":"open","sticky":false,"template":"","format":"standard","meta":[],"categories":[53,50],"tags":[67,165,938,105],"views":804,"_links":{"self":[{"href":"https:\/\/www.enerjigazetesi.ist\/en\/wp-json\/wp\/v2\/posts\/3323"}],"collection":[{"href":"https:\/\/www.enerjigazetesi.ist\/en\/wp-json\/wp\/v2\/posts"}],"about":[{"href":"https:\/\/www.enerjigazetesi.ist\/en\/wp-json\/wp\/v2\/types\/post"}],"author":[{"embeddable":true,"href":"https:\/\/www.enerjigazetesi.ist\/en\/wp-json\/wp\/v2\/users\/1"}],"replies":[{"embeddable":true,"href":"https:\/\/www.enerjigazetesi.ist\/en\/wp-json\/wp\/v2\/comments?post=3323"}],"version-history":[{"count":3,"href":"https:\/\/www.enerjigazetesi.ist\/en\/wp-json\/wp\/v2\/posts\/3323\/revisions"}],"predecessor-version":[{"id":3333,"href":"https:\/\/www.enerjigazetesi.ist\/en\/wp-json\/wp\/v2\/posts\/3323\/revisions\/3333"}],"wp:featuredmedia":[{"embeddable":true,"href":"https:\/\/www.enerjigazetesi.ist\/en\/wp-json\/wp\/v2\/media\/3331"}],"wp:attachment":[{"href":"https:\/\/www.enerjigazetesi.ist\/en\/wp-json\/wp\/v2\/media?parent=3323"}],"wp:term":[{"taxonomy":"category","embeddable":true,"href":"https:\/\/www.enerjigazetesi.ist\/en\/wp-json\/wp\/v2\/categories?post=3323"},{"taxonomy":"post_tag","embeddable":true,"href":"https:\/\/www.enerjigazetesi.ist\/en\/wp-json\/wp\/v2\/tags?post=3323"}],"curies":[{"name":"wp","href":"https:\/\/api.w.org\/{rel}","templated":true}]}}