{"id":33228,"date":"2014-11-06T10:35:09","date_gmt":"2014-11-06T07:35:09","guid":{"rendered":"https:\/\/www.enerjigazetesi.ist\/?p=33228"},"modified":"2016-10-23T17:44:31","modified_gmt":"2016-10-23T14:44:31","slug":"irak-gazinin-fiyati-50-daha-ucuz-olacak","status":"publish","type":"post","link":"https:\/\/www.enerjigazetesi.ist\/en\/irak-gazinin-fiyati-50-daha-ucuz-olacak\/","title":{"rendered":"(Turkish) Irak Gaz\u0131n\u0131n Fiyat\u0131 % 50 Daha Ucuz Olacak&#8230;"},"content":{"rendered":"<p class=\"qtranxs-available-languages-message qtranxs-available-languages-message-en\">Sorry, this entry is only available in <a href=\"https:\/\/www.enerjigazetesi.ist\/tr\/wp-json\/wp\/v2\/posts\/33228\" class=\"qtranxs-available-language-link qtranxs-available-language-link-tr\" title=\"Turkish\">Turkish<\/a>. For the sake of viewer convenience, the content is shown below in the alternative language. You may click the link to switch the active language.<\/p><p><\/p>\n<p style=\"color: #3c3c3c;\"><strong>T\u00fcrkiye enerji alan\u0131nda \u00f6nemli anla\u015fmalara imza atarken, ucuz Erbil gaz\u0131 i\u00e7in s\u00fcre\u00e7 netle\u015fti.<span id=\"more-67827\"><\/span>\u00a02017\u2019de T\u00fcrkiye\u2019ye gelmesi beklenen do\u011falgaz\u0131n kapasite art\u0131\u015f\u0131n\u0131n yan\u0131 s\u0131ra \u00f6ng\u00f6r\u00fclen tarihten \u00f6nce gelebilece\u011fi belirtiliyor.<br \/>\n<\/strong><\/p>\n<p style=\"color: #3c3c3c;\">B\u00f6lgesel K\u00fcrt Y\u00f6netimi \u0130mar <a href=\"https:\/\/www.enerjigazetesi.ist\/wp-content\/uploads\/2014\/09\/iran-irak-dogalgaz-boru-hatti-tamamlandi.jpg\"><img loading=\"lazy\" class=\"alignright wp-image-31239 size-medium\" src=\"https:\/\/www.enerjigazetesi.ist\/wp-content\/uploads\/2014\/09\/iran-irak-dogalgaz-boru-hatti-tamamlandi-300x224.jpg\" alt=\"iran-irak-dogalgaz-boru-hatti-tamamlandi\" width=\"300\" height=\"224\" srcset=\"https:\/\/www.enerjigazetesi.ist\/wp-content\/uploads\/2014\/09\/iran-irak-dogalgaz-boru-hatti-tamamlandi-300x224.jpg 300w, https:\/\/www.enerjigazetesi.ist\/wp-content\/uploads\/2014\/09\/iran-irak-dogalgaz-boru-hatti-tamamlandi-500x374.jpg 500w, https:\/\/www.enerjigazetesi.ist\/wp-content\/uploads\/2014\/09\/iran-irak-dogalgaz-boru-hatti-tamamlandi-66x50.jpg 66w, https:\/\/www.enerjigazetesi.ist\/wp-content\/uploads\/2014\/09\/iran-irak-dogalgaz-boru-hatti-tamamlandi.jpg 600w\" sizes=\"(max-width: 300px) 100vw, 300px\" \/><\/a>ve Kalk\u0131nma Bakan\u0131 Derbas Resul, T\u00fcrkiye ile 50 y\u0131ll\u0131k gaz ve petrol anla\u015fmas\u0131 yap\u0131ld\u0131\u011f\u0131n\u0131 belirterek, \u201cT\u00fcm s\u00fcre\u00e7ler Irak anayasas\u0131na uygun olarak i\u015fliyor. 2017\u2019ye kadar gaz\u0131n getirilmesi \u00f6ng\u00f6r\u00fcl\u00fcyor. Bizim i\u00e7 t\u00fcketimimizde fazlal\u0131k oldu\u011funda bunu T\u00fcrkiye\u2019ye verebiliriz\u201d dedi. Do\u011falgaz fiyat\u0131n\u0131n T\u00fcrkiye\u2019nin bug\u00fcn ithal etti\u011fi rakamlardan yakla\u015f\u0131k y\u00fczde 50 oran\u0131nda daha ucuz olmas\u0131 bekleniyor. Yetkililer, gaz anla\u015fmas\u0131ndaki fiyat\u0131n T\u00fcrkiye\u2019nin Azerbaycan, \u0130ran, Rusya\u2019dan ald\u0131\u011f\u0131 gaz fiyat\u0131ndan d\u00fc\u015f\u00fck oldu\u011funu belirtiyor. \u015eu anda i\u00e7 t\u00fcketiminin y\u00fczde 40\u2019\u0131na denk gelen 20-30 milyar metrek\u00fcpl\u00fck do\u011falgaz, anla\u015fma kapsam\u0131nda T\u00fcrkiye\u2019ye gelecek.<\/p>\n<h4 style=\"color: #3c3c3c;\">4 AYAKTAN OLU\u015eUYOR<\/h4>\n<p style=\"color: #3c3c3c;\">B\u00f6lgesel K\u00fcrt Y\u00f6netimi aras\u0131nda yap\u0131lan anla\u015fma do\u011falgaz, petrol, sahalar ve boru hatlar\u0131 olmak \u00fczere 4 ayaktan olu\u015fuyor. Bunlar\u0131n her birinde teknik m\u00fczakereler tamamlanarak anla\u015fma sa\u011fland\u0131. Anla\u015fma ile T\u00fcrkiye, Kuzey Irak\u2019ta 13 sahada petrol ve gaz arama \u00e7al\u0131\u015fmas\u0131 yapacak.<\/p>\n<p style=\"color: #3c3c3c;\">Kaynak:\u00a0<a style=\"color: #c75615;\" href=\"http:\/\/www.sabah.com.tr\/ekonomi\/2014\/11\/06\/irak-gazinin-fiyati-50-ucuz-olacak\" target=\"_blank\" rel=\"nofollow\">sabah<\/a><\/p>\n<p><\/p>","protected":false},"excerpt":{"rendered":"<p>Sorry, this entry is only available in Turkish. For the sake of viewer convenience, the content is shown below in the alternative language. You may click the link to switch the active language. T\u00fcrkiye enerji alan\u0131nda \u00f6nemli anla\u015fmalara imza atarken, ucuz Erbil gaz\u0131 i\u00e7in s\u00fcre\u00e7 netle\u015fti.\u00a02017\u2019de T\u00fcrkiye\u2019ye gelmesi beklenen do\u011falgaz\u0131n kapasite art\u0131\u015f\u0131n\u0131n yan\u0131 s\u0131ra \u00f6ng\u00f6r\u00fclen [&hellip;]<\/p>\n","protected":false},"author":1,"featured_media":31239,"comment_status":"open","ping_status":"open","sticky":false,"template":"","format":"standard","meta":[],"categories":[46,53],"tags":[12940,9302,19368,19369,875,3423,19370],"views":610,"_links":{"self":[{"href":"https:\/\/www.enerjigazetesi.ist\/en\/wp-json\/wp\/v2\/posts\/33228"}],"collection":[{"href":"https:\/\/www.enerjigazetesi.ist\/en\/wp-json\/wp\/v2\/posts"}],"about":[{"href":"https:\/\/www.enerjigazetesi.ist\/en\/wp-json\/wp\/v2\/types\/post"}],"author":[{"embeddable":true,"href":"https:\/\/www.enerjigazetesi.ist\/en\/wp-json\/wp\/v2\/users\/1"}],"replies":[{"embeddable":true,"href":"https:\/\/www.enerjigazetesi.ist\/en\/wp-json\/wp\/v2\/comments?post=33228"}],"version-history":[{"count":3,"href":"https:\/\/www.enerjigazetesi.ist\/en\/wp-json\/wp\/v2\/posts\/33228\/revisions"}],"predecessor-version":[{"id":58412,"href":"https:\/\/www.enerjigazetesi.ist\/en\/wp-json\/wp\/v2\/posts\/33228\/revisions\/58412"}],"wp:featuredmedia":[{"embeddable":true,"href":"https:\/\/www.enerjigazetesi.ist\/en\/wp-json\/wp\/v2\/media\/31239"}],"wp:attachment":[{"href":"https:\/\/www.enerjigazetesi.ist\/en\/wp-json\/wp\/v2\/media?parent=33228"}],"wp:term":[{"taxonomy":"category","embeddable":true,"href":"https:\/\/www.enerjigazetesi.ist\/en\/wp-json\/wp\/v2\/categories?post=33228"},{"taxonomy":"post_tag","embeddable":true,"href":"https:\/\/www.enerjigazetesi.ist\/en\/wp-json\/wp\/v2\/tags?post=33228"}],"curies":[{"name":"wp","href":"https:\/\/api.w.org\/{rel}","templated":true}]}}