{"id":33206,"date":"2014-11-05T14:12:21","date_gmt":"2014-11-05T11:12:21","guid":{"rendered":"https:\/\/www.enerjigazetesi.ist\/?p=33206"},"modified":"2014-11-05T14:12:21","modified_gmt":"2014-11-05T11:12:21","slug":"makale-opec-uyeleri-arasinda-fiyat-savasi-var-mi","status":"publish","type":"post","link":"https:\/\/www.enerjigazetesi.ist\/en\/makale-opec-uyeleri-arasinda-fiyat-savasi-var-mi\/","title":{"rendered":"(Turkish) Makale: OPEC \u00dcyeleri Aras\u0131nda Fiyat Sava\u015f\u0131 Var m\u0131?"},"content":{"rendered":"<p class=\"qtranxs-available-languages-message qtranxs-available-languages-message-en\">Sorry, this entry is only available in <a href=\"https:\/\/www.enerjigazetesi.ist\/tr\/wp-json\/wp\/v2\/posts\/33206\" class=\"qtranxs-available-language-link qtranxs-available-language-link-tr\" title=\"Turkish\">Turkish<\/a>. For the sake of viewer convenience, the content is shown below in the alternative language. You may click the link to switch the active language.<\/p><p><\/p>\n<p style=\"color: #3c3c3c;\"><strong>Suudi Arabistan ABD\u2019ye satt\u0131\u011f\u0131 petrol\u00fcn fiyat\u0131n\u0131 d\u00fc\u015f\u00fcr\u00fcrken Asya\u2019ya uygulad\u0131\u011f\u0131 fiyat\u0131 y\u00fckselterek petrol piyasalar\u0131n\u0131 \u015fa\u015f\u0131rtt\u0131. Karar sonras\u0131nda New York\u2019ta petrol\u00fcn varil fiyat\u0131 80 dolar\u0131n alt\u0131na gerileyerek iki y\u0131l\u0131n d\u00fc\u015f\u00fck seviyesini g\u00f6rd\u00fc.<span id=\"more-67808\"><\/span>\u00a0Piyasa g\u00f6zlemcileri, d\u00fcnyan\u0131n en b\u00fcy\u00fck petrol ihracat\u00e7\u0131s\u0131n\u0131n t\u00fcm fiyatlar\u0131 y\u00fckseltmesini bekliyordu. \u015ea\u015fk\u0131na d\u00f6nen analistler \u015fimdi OPEC i\u00e7inde neler oldu\u011funu, bundan sonra ne olaca\u011f\u0131n\u0131 ve fiyatlar\u0131n nas\u0131l bir seyir izleyece\u011fini inceliyor.<\/strong><\/p>\n<h2 style=\"color: #232323;\">OPEC i\u00e7inde fiyat sava\u015f\u0131 var m\u0131?<a href=\"https:\/\/www.enerjigazetesi.ist\/wp-content\/uploads\/2014\/11\/makale-opec-uyeleri-arasinda-fiyat-savasi-var-mi.jpg\"><img loading=\"lazy\" class=\"alignright size-medium wp-image-33207\" src=\"https:\/\/www.enerjigazetesi.ist\/wp-content\/uploads\/2014\/11\/makale-opec-uyeleri-arasinda-fiyat-savasi-var-mi-300x229.jpg\" alt=\"\" width=\"300\" height=\"229\" srcset=\"https:\/\/www.enerjigazetesi.ist\/wp-content\/uploads\/2014\/11\/makale-opec-uyeleri-arasinda-fiyat-savasi-var-mi-300x229.jpg 300w, https:\/\/www.enerjigazetesi.ist\/wp-content\/uploads\/2014\/11\/makale-opec-uyeleri-arasinda-fiyat-savasi-var-mi-500x381.jpg 500w, https:\/\/www.enerjigazetesi.ist\/wp-content\/uploads\/2014\/11\/makale-opec-uyeleri-arasinda-fiyat-savasi-var-mi-65x50.jpg 65w, https:\/\/www.enerjigazetesi.ist\/wp-content\/uploads\/2014\/11\/makale-opec-uyeleri-arasinda-fiyat-savasi-var-mi.jpg 754w\" sizes=\"(max-width: 300px) 100vw, 300px\" \/><\/a><\/h2>\n<p style=\"color: #3c3c3c;\">OPEC\u2019in fiyatlar\u0131 savunmak i\u00e7in birlik i\u00e7inde hareket etmesi gerekiyor. Ancak uluslararas\u0131 petrol vadelilerinin son aylarda y\u00fczde 25\u2019in \u00fczerinde de\u011fer kaybetmesi nedeniyle \u00fcyeler piyasa paylar\u0131n\u0131 korumak amac\u0131yla Asya\u2019daki fiyat indirimleriyle m\u00fccadele ediyor. OPEC \u00fcyelerinin ABD\u2019ye ihracat\u0131n\u0131n kaya petrol\u00fc \u00fcretimi nedeniyle gerilemesi sonucunda piyasada arz bollu\u011fu ya\u015fan\u0131yor.<\/p>\n<p style=\"color: #3c3c3c;\">Riyad Asya fiyatlar\u0131n\u0131 yeniden art\u0131rsa da sava\u015f \u015fimdi ABD\u2019ye d\u00f6nm\u00fc\u015f durumda. Krall\u0131k, rafinerilerde u\u011frad\u0131\u011f\u0131 kayb\u0131 yeniden kazanmak i\u00e7in Aral\u0131k sevkiyatlar\u0131n\u0131n fiyat\u0131n\u0131 a\u015fa\u011f\u0131 \u00e7ekti. ABD, Krall\u0131k i\u00e7in aralar\u0131nda y\u0131llard\u0131r s\u00fcregelen g\u00fcvenlik m\u00fcttefikli\u011fi nedeniyle de stratejik bir m\u00fc\u015fteri.<\/p>\n<h2 style=\"color: #232323;\">OPEC bu konuda ne yapacak?<\/h2>\n<p style=\"color: #3c3c3c;\">OPEC\u2019in Genel Sekreteri petrol piyasas\u0131na fiyatlarda son d\u00f6nemde g\u00f6r\u00fclen d\u00fc\u015f\u00fc\u015f nedeniyle endi\u015feye kap\u0131lmamalar\u0131n\u0131 s\u00f6ylese de organizasyonun bir\u00e7ok \u00fcyesi bu durumun gelirler \u00fczerindeki etkisinden olduk\u00e7a rahats\u0131z. K\u00f6rfez \u00fclkesi olmayan baz\u0131 OPEC \u00fcyeleri grubun ay sonundaki toplant\u0131s\u0131nda \u00fcretimin azalt\u0131lmas\u0131 i\u00e7in bask\u0131 yapmay\u0131 planl\u0131yor. Ancak Suudi Arabistan\u2019\u0131n piyasay\u0131 tek ba\u015f\u0131na dengeleme niyetinde olmad\u0131\u011f\u0131n\u0131 a\u00e7\u0131k bir \u015fekilde ifade etmesi grup i\u00e7indeki tansiyonu y\u00fckseltiyor.<\/p>\n<h2 style=\"color: #232323;\">Bu durum petrol piyasas\u0131 i\u00e7in ne anlama geliyor?<\/h2>\n<p style=\"color: #3c3c3c;\">OPEC aksakl\u0131klar\u0131 onar\u0131p \u00fcretimi azaltana dek fiyatlar muhtemelen de\u011fer kaybetmeye devam edecek ki bu da ABD\u2019deki y\u00fcksek maliyetli kaya petrol\u00fc \u00fcretimi \u00fczerinde bask\u0131 yaratacak.<\/p>\n<p style=\"color: #3c3c3c;\">Kaynak:\u00a0<a style=\"color: #c75615;\" href=\"http:\/\/www.wsj.com.tr\/articles\/SB11186790908283423711204580256421503474814\" target=\"_blank\" rel=\"nofollow\">The Wall Street Journal<\/a><\/p>\n<p><\/p>","protected":false},"excerpt":{"rendered":"<p>Sorry, this entry is only available in Turkish. For the sake of viewer convenience, the content is shown below in the alternative language. You may click the link to switch the active language. Suudi Arabistan ABD\u2019ye satt\u0131\u011f\u0131 petrol\u00fcn fiyat\u0131n\u0131 d\u00fc\u015f\u00fcr\u00fcrken Asya\u2019ya uygulad\u0131\u011f\u0131 fiyat\u0131 y\u00fckselterek petrol piyasalar\u0131n\u0131 \u015fa\u015f\u0131rtt\u0131. Karar sonras\u0131nda New York\u2019ta petrol\u00fcn varil fiyat\u0131 80 [&hellip;]<\/p>\n","protected":false},"author":1,"featured_media":33207,"comment_status":"open","ping_status":"open","sticky":false,"template":"","format":"standard","meta":[],"categories":[53,44],"tags":[1198,63,67,1009,165,6007,1377,17796,59,79,19352,6402,1463],"views":567,"_links":{"self":[{"href":"https:\/\/www.enerjigazetesi.ist\/en\/wp-json\/wp\/v2\/posts\/33206"}],"collection":[{"href":"https:\/\/www.enerjigazetesi.ist\/en\/wp-json\/wp\/v2\/posts"}],"about":[{"href":"https:\/\/www.enerjigazetesi.ist\/en\/wp-json\/wp\/v2\/types\/post"}],"author":[{"embeddable":true,"href":"https:\/\/www.enerjigazetesi.ist\/en\/wp-json\/wp\/v2\/users\/1"}],"replies":[{"embeddable":true,"href":"https:\/\/www.enerjigazetesi.ist\/en\/wp-json\/wp\/v2\/comments?post=33206"}],"version-history":[{"count":1,"href":"https:\/\/www.enerjigazetesi.ist\/en\/wp-json\/wp\/v2\/posts\/33206\/revisions"}],"predecessor-version":[{"id":33208,"href":"https:\/\/www.enerjigazetesi.ist\/en\/wp-json\/wp\/v2\/posts\/33206\/revisions\/33208"}],"wp:featuredmedia":[{"embeddable":true,"href":"https:\/\/www.enerjigazetesi.ist\/en\/wp-json\/wp\/v2\/media\/33207"}],"wp:attachment":[{"href":"https:\/\/www.enerjigazetesi.ist\/en\/wp-json\/wp\/v2\/media?parent=33206"}],"wp:term":[{"taxonomy":"category","embeddable":true,"href":"https:\/\/www.enerjigazetesi.ist\/en\/wp-json\/wp\/v2\/categories?post=33206"},{"taxonomy":"post_tag","embeddable":true,"href":"https:\/\/www.enerjigazetesi.ist\/en\/wp-json\/wp\/v2\/tags?post=33206"}],"curies":[{"name":"wp","href":"https:\/\/api.w.org\/{rel}","templated":true}]}}