{"id":33200,"date":"2014-11-05T09:02:44","date_gmt":"2014-11-05T06:02:44","guid":{"rendered":"https:\/\/www.enerjigazetesi.ist\/?p=33200"},"modified":"2014-11-04T23:00:53","modified_gmt":"2014-11-04T20:00:53","slug":"oecd-bolgesinde-enerji-fiyatlari-dustu","status":"publish","type":"post","link":"https:\/\/www.enerjigazetesi.ist\/en\/oecd-bolgesinde-enerji-fiyatlari-dustu\/","title":{"rendered":"(Turkish) OECD B\u00f6lgesinde Enerji Fiyatlar\u0131 D\u00fc\u015ft\u00fc&#8230;"},"content":{"rendered":"<p class=\"qtranxs-available-languages-message qtranxs-available-languages-message-en\">Sorry, this entry is only available in <a href=\"https:\/\/www.enerjigazetesi.ist\/tr\/wp-json\/wp\/v2\/posts\/33200\" class=\"qtranxs-available-language-link qtranxs-available-language-link-tr\" title=\"Turkish\">Turkish<\/a>. For the sake of viewer convenience, the content is shown below in the alternative language. You may click the link to switch the active language.<\/p><p><strong>Petrol fiyatlar\u0131nda ya\u015f<a href=\"https:\/\/www.enerjigazetesi.ist\/wp-content\/uploads\/2014\/11\/oecd-bolgesinde-enerji-fiyatlari-dustu.jpg\"><img loading=\"lazy\" class=\"alignright wp-image-33201 size-medium\" src=\"https:\/\/www.enerjigazetesi.ist\/wp-content\/uploads\/2014\/11\/oecd-bolgesinde-enerji-fiyatlari-dustu-300x235.jpg\" alt=\"oecd-bolgesinde-enerji-fiyatlari-dustu\" width=\"300\" height=\"235\" srcset=\"https:\/\/www.enerjigazetesi.ist\/wp-content\/uploads\/2014\/11\/oecd-bolgesinde-enerji-fiyatlari-dustu-300x235.jpg 300w, https:\/\/www.enerjigazetesi.ist\/wp-content\/uploads\/2014\/11\/oecd-bolgesinde-enerji-fiyatlari-dustu-500x392.jpg 500w, https:\/\/www.enerjigazetesi.ist\/wp-content\/uploads\/2014\/11\/oecd-bolgesinde-enerji-fiyatlari-dustu-63x50.jpg 63w, https:\/\/www.enerjigazetesi.ist\/wp-content\/uploads\/2014\/11\/oecd-bolgesinde-enerji-fiyatlari-dustu.jpg 764w\" sizes=\"(max-width: 300px) 100vw, 300px\" \/><\/a>anan gerilemenin etkisiyle Ekim ay\u0131nda OECD B\u00f6lgesinde enerji fiyatlar\u0131 d\u00fc\u015f\u00fc\u015f g\u00f6sterdi.<\/strong><\/p>\n<p>OECD`den yap\u0131lan a\u00e7\u0131klamaya g\u00f6re, enerji fiyatlar\u0131 Ekim ay\u0131nda bir \u00f6nceki y\u0131l\u0131n ayn\u0131 ay\u0131na g\u00f6re y\u00fczde 0,1azald\u0131. Bir \u00f6nceki ay fiyatlarda y\u00fczde 0,7 art\u0131\u015f ya\u015fanm\u0131\u015ft\u0131.<\/p>\n<p>Rapora g\u00f6re, Ekim ay\u0131nda G7 \u00fclkelerinde enerji fiyatlar\u0131 0,2, Avrupa Birli\u011fi \u00fclkelerinde y\u00fczde 2,0, Euro B\u00f6lgesinde ise y\u00fczde 2,3 d\u00fc\u015f\u00fc\u015f g\u00f6sterdi.<\/p>\n<p>Ayn\u0131 ayda \u00fclkeler baz\u0131nda enerji fiyatlar\u0131n\u0131n en fazla azald\u0131\u011f\u0131 \u00fclke y\u00fczde 8,0 ile Bel\u00e7ika olurken, T\u00fcrkiye`de y\u00fczde 0,1 d\u00fc\u015f\u00fc\u015f oldu\u011fu belirtildi. En fazla fiyat art\u0131\u015f\u0131 olan \u00fclke ise y\u00fczde 7,5 ile Meksika oldu.<\/p>\n<p>Kaynak: <a href=\"http:\/\/enerjigunlugu.net\/oecd-bolgesinde-enerji-fiyatlari-dustu_10737.html\" target=\"_blank\">Enerji G\u00fcnl\u00fc\u011f\u00fc<\/a><\/p>","protected":false},"excerpt":{"rendered":"<p>Sorry, this entry is only available in Turkish. For the sake of viewer convenience, the content is shown below in the alternative language. You may click the link to switch the active language.Petrol fiyatlar\u0131nda ya\u015fanan gerilemenin etkisiyle Ekim ay\u0131nda OECD B\u00f6lgesinde enerji fiyatlar\u0131 d\u00fc\u015f\u00fc\u015f g\u00f6sterdi. OECD`den yap\u0131lan a\u00e7\u0131klamaya g\u00f6re, enerji fiyatlar\u0131 Ekim ay\u0131nda bir \u00f6nceki [&hellip;]<\/p>\n","protected":false},"author":1,"featured_media":33201,"comment_status":"open","ping_status":"open","sticky":false,"template":"","format":"standard","meta":[],"categories":[53],"tags":[63,774,67,1009,165,2041,59,347],"views":739,"_links":{"self":[{"href":"https:\/\/www.enerjigazetesi.ist\/en\/wp-json\/wp\/v2\/posts\/33200"}],"collection":[{"href":"https:\/\/www.enerjigazetesi.ist\/en\/wp-json\/wp\/v2\/posts"}],"about":[{"href":"https:\/\/www.enerjigazetesi.ist\/en\/wp-json\/wp\/v2\/types\/post"}],"author":[{"embeddable":true,"href":"https:\/\/www.enerjigazetesi.ist\/en\/wp-json\/wp\/v2\/users\/1"}],"replies":[{"embeddable":true,"href":"https:\/\/www.enerjigazetesi.ist\/en\/wp-json\/wp\/v2\/comments?post=33200"}],"version-history":[{"count":1,"href":"https:\/\/www.enerjigazetesi.ist\/en\/wp-json\/wp\/v2\/posts\/33200\/revisions"}],"predecessor-version":[{"id":33202,"href":"https:\/\/www.enerjigazetesi.ist\/en\/wp-json\/wp\/v2\/posts\/33200\/revisions\/33202"}],"wp:featuredmedia":[{"embeddable":true,"href":"https:\/\/www.enerjigazetesi.ist\/en\/wp-json\/wp\/v2\/media\/33201"}],"wp:attachment":[{"href":"https:\/\/www.enerjigazetesi.ist\/en\/wp-json\/wp\/v2\/media?parent=33200"}],"wp:term":[{"taxonomy":"category","embeddable":true,"href":"https:\/\/www.enerjigazetesi.ist\/en\/wp-json\/wp\/v2\/categories?post=33200"},{"taxonomy":"post_tag","embeddable":true,"href":"https:\/\/www.enerjigazetesi.ist\/en\/wp-json\/wp\/v2\/tags?post=33200"}],"curies":[{"name":"wp","href":"https:\/\/api.w.org\/{rel}","templated":true}]}}