{"id":3320,"date":"2012-11-09T10:05:43","date_gmt":"2012-11-09T07:05:43","guid":{"rendered":"https:\/\/www.enerjigazetesi.ist\/?p=3320"},"modified":"2012-11-09T10:05:43","modified_gmt":"2012-11-09T07:05:43","slug":"dunya-enerji-konseyi-istanbulda-toplanacak","status":"publish","type":"post","link":"https:\/\/www.enerjigazetesi.ist\/en\/dunya-enerji-konseyi-istanbulda-toplanacak\/","title":{"rendered":"(Turkish) D\u00fcnya Enerji Konseyi \u0130stanbul&#8217;da Toplanacak"},"content":{"rendered":"<p class=\"qtranxs-available-languages-message qtranxs-available-languages-message-en\">Sorry, this entry is only available in <a href=\"https:\/\/www.enerjigazetesi.ist\/tr\/wp-json\/wp\/v2\/posts\/3320\" class=\"qtranxs-available-language-link qtranxs-available-language-link-tr\" title=\"Turkish\">Turkish<\/a>. For the sake of viewer convenience, the content is shown below in the alternative language. You may click the link to switch the active language.<\/p><p><strong>D\u00fcnya Enerji Konseyi T\u00fcrkiye Milli Komitesi Ba\u015fkan\u0131 S\u00fcreyya Y\u00fccel \u00d6zden, D\u00fcnya Enerji Konseyi&#8217;nin \u00fc\u00e7 y\u0131lda bir d\u00fczenledi\u011fi kongrenin 2016&#8217;daki ev sahipli\u011fini yapma hakk\u0131n\u0131 \u0130stanbul&#8217;un kazand\u0131\u011f\u0131n\u0131 s\u00f6yledi.<\/strong><\/p>\n<div>\n<p><img loading=\"lazy\" class=\"alignleft size-medium wp-image-3321\" title=\"enerji-konseyi\" src=\"https:\/\/www.enerjigazetesi.ist\/wp-content\/uploads\/2012\/11\/enerji-konseyi-300x227.jpg\" alt=\"\" width=\"300\" height=\"227\" srcset=\"https:\/\/www.enerjigazetesi.ist\/wp-content\/uploads\/2012\/11\/enerji-konseyi-300x227.jpg 300w, https:\/\/www.enerjigazetesi.ist\/wp-content\/uploads\/2012\/11\/enerji-konseyi-66x50.jpg 66w, https:\/\/www.enerjigazetesi.ist\/wp-content\/uploads\/2012\/11\/enerji-konseyi.jpg 436w\" sizes=\"(max-width: 300px) 100vw, 300px\" \/>\u00d6zden, AA muhabirine yapt\u0131\u011f\u0131 a\u00e7\u0131klamada, D\u00fcnya Enerji Konseyi&#8217;nce organize edilen enerji kongresinin 2016&#8217;da \u0130stanbul&#8217;da d\u00fczenlenmesi i\u00e7in ba\u015fvuruda bulunduklar\u0131n\u0131 an\u0131msatarak, elemelerin ard\u0131ndan organizasyonun ev sahipli\u011fi i\u00e7in \u0130stanbul ile Dubai&#8217;nin finale kald\u0131\u011f\u0131n\u0131 belirtti.<\/p>\n<p>Kazanan kenti belirlemek i\u00e7in D\u00fcnya Enerji Konseyi Genel Kurulu&#8217;nun Monaco&#8217;da topland\u0131\u011f\u0131na de\u011finen \u00d6zden, \u015f\u00f6yle konu\u015ftu:<\/p>\n<p>&#8216;Bug\u00fcn rakip iki kent olarak sunumlar\u0131m\u0131z\u0131 yapt\u0131k. Sonu\u00e7 olarak j\u00fcri organizasyonu \u0130stanbul&#8217;un kazand\u0131\u011f\u0131n\u0131 a\u00e7\u0131klad\u0131. D\u00fcnyan\u0131n her yan\u0131ndan yakla\u015f\u0131k 6 bin ki\u015finin kat\u0131ld\u0131\u011f\u0131 bu organizasyona ev sahipli\u011fi yapmak b\u00fcy\u00fck bir ba\u015far\u0131. \u00c7\u00fcnk\u00fc, d\u00fcnya enerji sekt\u00f6r\u00fcn\u00fcn kalbi burada atacak.&#8217;<\/p>\n<p>&#8216;2016 D\u00fcnya Enerji Konseyi Kongresi&#8217;ni yapma hakk\u0131n\u0131 kazanmak i\u00e7in uzun s\u00fcredir b\u00fcy\u00fck \u00e7aba harcad\u0131klar\u0131n\u0131 dile getiren \u00d6zden,&#8217;B\u00f6yle \u00f6nemli bir etkinli\u011fi \u00fclkemize kazand\u0131rd\u0131\u011f\u0131m\u0131z i\u00e7in \u00e7ok mutluyuz. \u00d6n\u00fcm\u00fczde yakla\u015f\u0131k 3 y\u0131l var. \u0130yi bir ev sahipli\u011fi i\u00e7in durmadan \u00e7al\u0131\u015faca\u011f\u0131z&#8217; diye konu\u015ftu.<\/p>\n<p>D\u00fcnya Enerji Konseyi Kongresi 2007&#8217;de Roma&#8217;da, 2010&#8217;da Montreal&#8217;de d\u00fczenlenmi\u015f, 2013&#8217;teki organizasyonun ev sahipli\u011fini ise G\u00fcney Kore&#8217;nin Deagu kenti kazanm\u0131\u015ft\u0131.<\/p>\n<p>Kaynak: <a href=\"http:\/\/haber.stargazete.com\/ekonomi\/dunya-enerji-konseyi-istanbulda-toplanacak\/haber-702843\" target=\"_blank\">Star Gazetesi<\/a><\/p>\n<\/div>\n<p><\/p>","protected":false},"excerpt":{"rendered":"<p>Sorry, this entry is only available in Turkish. For the sake of viewer convenience, the content is shown below in the alternative language. You may click the link to switch the active language.D\u00fcnya Enerji Konseyi T\u00fcrkiye Milli Komitesi Ba\u015fkan\u0131 S\u00fcreyya Y\u00fccel \u00d6zden, D\u00fcnya Enerji Konseyi&#8217;nin \u00fc\u00e7 y\u0131lda bir d\u00fczenledi\u011fi kongrenin 2016&#8217;daki ev sahipli\u011fini yapma hakk\u0131n\u0131 [&hellip;]<\/p>\n","protected":false},"author":1,"featured_media":3321,"comment_status":"open","ping_status":"open","sticky":false,"template":"","format":"standard","meta":[],"categories":[53],"tags":[936,937],"views":791,"_links":{"self":[{"href":"https:\/\/www.enerjigazetesi.ist\/en\/wp-json\/wp\/v2\/posts\/3320"}],"collection":[{"href":"https:\/\/www.enerjigazetesi.ist\/en\/wp-json\/wp\/v2\/posts"}],"about":[{"href":"https:\/\/www.enerjigazetesi.ist\/en\/wp-json\/wp\/v2\/types\/post"}],"author":[{"embeddable":true,"href":"https:\/\/www.enerjigazetesi.ist\/en\/wp-json\/wp\/v2\/users\/1"}],"replies":[{"embeddable":true,"href":"https:\/\/www.enerjigazetesi.ist\/en\/wp-json\/wp\/v2\/comments?post=3320"}],"version-history":[{"count":1,"href":"https:\/\/www.enerjigazetesi.ist\/en\/wp-json\/wp\/v2\/posts\/3320\/revisions"}],"predecessor-version":[{"id":3322,"href":"https:\/\/www.enerjigazetesi.ist\/en\/wp-json\/wp\/v2\/posts\/3320\/revisions\/3322"}],"wp:featuredmedia":[{"embeddable":true,"href":"https:\/\/www.enerjigazetesi.ist\/en\/wp-json\/wp\/v2\/media\/3321"}],"wp:attachment":[{"href":"https:\/\/www.enerjigazetesi.ist\/en\/wp-json\/wp\/v2\/media?parent=3320"}],"wp:term":[{"taxonomy":"category","embeddable":true,"href":"https:\/\/www.enerjigazetesi.ist\/en\/wp-json\/wp\/v2\/categories?post=3320"},{"taxonomy":"post_tag","embeddable":true,"href":"https:\/\/www.enerjigazetesi.ist\/en\/wp-json\/wp\/v2\/tags?post=3320"}],"curies":[{"name":"wp","href":"https:\/\/api.w.org\/{rel}","templated":true}]}}