{"id":33151,"date":"2014-11-04T05:41:00","date_gmt":"2014-11-04T02:41:00","guid":{"rendered":"https:\/\/www.enerjigazetesi.ist\/?p=33151"},"modified":"2014-11-04T05:41:00","modified_gmt":"2014-11-04T02:41:00","slug":"ankarada-lisanssiz-gunese-tesvik","status":"publish","type":"post","link":"https:\/\/www.enerjigazetesi.ist\/en\/ankarada-lisanssiz-gunese-tesvik\/","title":{"rendered":"(Turkish) Ankara`da Lisanss\u0131z G\u00fcne\u015fe Te\u015fvik&#8230;"},"content":{"rendered":"<p class=\"qtranxs-available-languages-message qtranxs-available-languages-message-en\">Sorry, this entry is only available in <a href=\"https:\/\/www.enerjigazetesi.ist\/tr\/wp-json\/wp\/v2\/posts\/33151\" class=\"qtranxs-available-language-link qtranxs-available-language-link-tr\" title=\"Turkish\">Turkish<\/a>. For the sake of viewer convenience, the content is shown below in the alternative language. You may click the link to switch the active language.<\/p><p><strong>Ankara`da kurulacak 760 k<a href=\"https:\/\/www.enerjigazetesi.ist\/wp-content\/uploads\/2014\/11\/ankarada-lisanssiz-gunese-tesvik.jpg\"><img loading=\"lazy\" class=\"alignleft size-medium wp-image-33152\" src=\"https:\/\/www.enerjigazetesi.ist\/wp-content\/uploads\/2014\/11\/ankarada-lisanssiz-gunese-tesvik-300x201.jpg\" alt=\"ankarada-lisanssiz-gunese-tesvik\" width=\"300\" height=\"201\" srcset=\"https:\/\/www.enerjigazetesi.ist\/wp-content\/uploads\/2014\/11\/ankarada-lisanssiz-gunese-tesvik-300x201.jpg 300w, https:\/\/www.enerjigazetesi.ist\/wp-content\/uploads\/2014\/11\/ankarada-lisanssiz-gunese-tesvik-74x50.jpg 74w, https:\/\/www.enerjigazetesi.ist\/wp-content\/uploads\/2014\/11\/ankarada-lisanssiz-gunese-tesvik.jpg 454w\" sizes=\"(max-width: 300px) 100vw, 300px\" \/><\/a>W kurulu g\u00fc\u00e7teki g\u00fcne\u015fe dayal\u0131 elektrik \u00fcretim yat\u0131r\u0131m\u0131na te\u015fvik verildi.<\/strong><\/p>\n<p>EKON End\u00fcstri \u0130n\u015faat ve Ticaret Anonim \u015eirketi taraf\u0131ndan Ankara`da kurulacak g\u00fcne\u015fe dayal\u0131 elektrik \u00fcretim tesisi yat\u0131r\u0131m\u0131, Ekonomi Bakanl\u0131\u011f\u0131 taraf\u0131ndan te\u015fvik belgesine ba\u011fland\u0131.<\/p>\n<p>760 kW`l\u0131k s\u00f6z konusu proje, komple yeni yat\u0131r\u0131m olarak hayata ge\u00e7irilecek. EKON End\u00fcstri`nin 2 milyon 640 bin liral\u0131k harcamayla ger\u00e7ekle\u015ftirece\u011fi GES yat\u0131r\u0131m\u0131KDV istisnas\u0131ndan yararlanacak. 741 milyon liral\u0131k makina ekipman gibi girdi al\u0131mlar\u0131na da g\u00fcmr\u00fck muafiyeti tan\u0131nd\u0131.<\/p>\n<p>Kaynak: <a href=\"http:\/\/enerjigunlugu.net\/ankarada-lisanssiz-gunese-tesvik_10727.html\" target=\"_blank\" rel=\"nofollow\">Enerji G\u00fcnl\u00fc\u011f\u00fc<\/a><\/p>","protected":false},"excerpt":{"rendered":"<p>Sorry, this entry is only available in Turkish. For the sake of viewer convenience, the content is shown below in the alternative language. You may click the link to switch the active language.Ankara`da kurulacak 760 kW kurulu g\u00fc\u00e7teki g\u00fcne\u015fe dayal\u0131 elektrik \u00fcretim yat\u0131r\u0131m\u0131na te\u015fvik verildi. EKON End\u00fcstri \u0130n\u015faat ve Ticaret Anonim \u015eirketi taraf\u0131ndan Ankara`da kurulacak [&hellip;]<\/p>\n","protected":false},"author":1,"featured_media":33152,"comment_status":"open","ping_status":"open","sticky":false,"template":"","format":"standard","meta":[],"categories":[53,49],"tags":[68,63,67,1009,165,227,13,2401,12159,803,2077],"views":738,"_links":{"self":[{"href":"https:\/\/www.enerjigazetesi.ist\/en\/wp-json\/wp\/v2\/posts\/33151"}],"collection":[{"href":"https:\/\/www.enerjigazetesi.ist\/en\/wp-json\/wp\/v2\/posts"}],"about":[{"href":"https:\/\/www.enerjigazetesi.ist\/en\/wp-json\/wp\/v2\/types\/post"}],"author":[{"embeddable":true,"href":"https:\/\/www.enerjigazetesi.ist\/en\/wp-json\/wp\/v2\/users\/1"}],"replies":[{"embeddable":true,"href":"https:\/\/www.enerjigazetesi.ist\/en\/wp-json\/wp\/v2\/comments?post=33151"}],"version-history":[{"count":1,"href":"https:\/\/www.enerjigazetesi.ist\/en\/wp-json\/wp\/v2\/posts\/33151\/revisions"}],"predecessor-version":[{"id":33153,"href":"https:\/\/www.enerjigazetesi.ist\/en\/wp-json\/wp\/v2\/posts\/33151\/revisions\/33153"}],"wp:featuredmedia":[{"embeddable":true,"href":"https:\/\/www.enerjigazetesi.ist\/en\/wp-json\/wp\/v2\/media\/33152"}],"wp:attachment":[{"href":"https:\/\/www.enerjigazetesi.ist\/en\/wp-json\/wp\/v2\/media?parent=33151"}],"wp:term":[{"taxonomy":"category","embeddable":true,"href":"https:\/\/www.enerjigazetesi.ist\/en\/wp-json\/wp\/v2\/categories?post=33151"},{"taxonomy":"post_tag","embeddable":true,"href":"https:\/\/www.enerjigazetesi.ist\/en\/wp-json\/wp\/v2\/tags?post=33151"}],"curies":[{"name":"wp","href":"https:\/\/api.w.org\/{rel}","templated":true}]}}