{"id":3315,"date":"2012-11-08T16:13:05","date_gmt":"2012-11-08T13:13:05","guid":{"rendered":"https:\/\/www.enerjigazetesi.ist\/?p=3315"},"modified":"2012-11-08T16:20:42","modified_gmt":"2012-11-08T13:20:42","slug":"fiber-pazarina-turkiye-liderlik-edecek","status":"publish","type":"post","link":"https:\/\/www.enerjigazetesi.ist\/en\/fiber-pazarina-turkiye-liderlik-edecek\/","title":{"rendered":"(Turkish) Fiber Pazar\u0131na T\u00fcrkiye Liderlik Edecek"},"content":{"rendered":"<p class=\"qtranxs-available-languages-message qtranxs-available-languages-message-en\">Sorry, this entry is only available in <a href=\"https:\/\/www.enerjigazetesi.ist\/tr\/wp-json\/wp\/v2\/posts\/3315\" class=\"qtranxs-available-language-link qtranxs-available-language-link-tr\" title=\"Turkish\">Turkish<\/a>. For the sake of viewer convenience, the content is shown below in the alternative language. You may click the link to switch the active language.<\/p><p><\/p>\n<p style=\"text-align: left;\" align=\"center\"><strong>D\u00fcnyan\u0131n en h\u0131zl\u0131 internet altyap\u0131s\u0131 olan fiber teknolojisi, \u0130stanbul\u2019da ger\u00e7ekle\u015ftirilen FTTH Forum 2012\u2019de masaya yat\u0131r\u0131ld\u0131. Turkcell Superonline\u2019\u0131n stratejik ortakl\u0131\u011f\u0131 ile ger\u00e7ekle\u015ftirilen konferansta, fiber teknolojisinin sundu\u011fu dinamik olanaklar ve T\u00fcrkiye\u2019nin sahip oldu\u011fu potansiyel ele al\u0131nd\u0131. Konferansta Kansas ve Amsterdam gibi ba\u015far\u0131l\u0131 fiber \u015fehir modelleri ile edinilen deneyim de, her iki kentin proje y\u00f6neticileri taraf\u0131ndan ilk elden aktar\u0131ld\u0131.<\/strong><\/p>\n<p style=\"text-align: left;\" align=\"center\"><strong>FTTH Forum 2012\u2019ye ev sahipli\u011fi yapan HanseCom Genel M\u00fcd\u00fcr\u00fc Hassan Claussen, \u201cFibere milyarlarca Euro yat\u0131r\u0131m yapan T\u00fcrkiye\u2019nin yak\u0131n zamanda Avrupa\u2019da FTTH pazar\u0131na liderlik eden \u00fclkeler aras\u0131nda yer almas\u0131n\u0131 bekliyoruz\u201d dedi.<\/strong><\/p>\n<p style=\"text-align: left;\"><img loading=\"lazy\" class=\"alignright size-medium wp-image-3316\" title=\"murat_erkan_aaron_deacon\" src=\"https:\/\/www.enerjigazetesi.ist\/wp-content\/uploads\/2012\/11\/murat_erkan_aaron_deacon-300x205.jpg\" alt=\"\" width=\"300\" height=\"205\" srcset=\"https:\/\/www.enerjigazetesi.ist\/wp-content\/uploads\/2012\/11\/murat_erkan_aaron_deacon-300x205.jpg 300w, https:\/\/www.enerjigazetesi.ist\/wp-content\/uploads\/2012\/11\/murat_erkan_aaron_deacon-500x341.jpg 500w, https:\/\/www.enerjigazetesi.ist\/wp-content\/uploads\/2012\/11\/murat_erkan_aaron_deacon-73x50.jpg 73w, https:\/\/www.enerjigazetesi.ist\/wp-content\/uploads\/2012\/11\/murat_erkan_aaron_deacon.jpg 831w\" sizes=\"(max-width: 300px) 100vw, 300px\" \/>Fiber optik teknolojisiyle ilgili EMEA b\u00f6lgesinin en \u00f6nemli konferans\u0131 <strong>FTTH Forum<\/strong>, Lizbon, Barselona ve Budape\u015fte\u2019nin ard\u0131ndan 7-8 Kas\u0131m tarihlerinde \u0130stanbul\u2019da ger\u00e7ekle\u015ftirildi. Fiber teknolojisinin T\u00fcrkiye\u2019de ilk kez uluslararas\u0131 boyutta ele al\u0131nd\u0131\u011f\u0131 ve <strong>Turkcell Superonline<\/strong>\u2019\u0131n stratejik partner olarak destekledi\u011fi forumun ilk g\u00fcn\u00fcnde, sekt\u00f6rden kat\u0131l\u0131mc\u0131lar, maliyet, pazar ve gelirler \u00fczerine at\u00f6lye \u00e7al\u0131\u015fmalar\u0131 yapt\u0131lar. Forumun ikinci g\u00fcn\u00fcndeki konferans ise ileti\u015fim teknolojileri alan\u0131nda T\u00fcrkiye\u2019den ve d\u00fcnyadan uzman isimlerin konu\u015fmalar\u0131na sahne oldu.<\/p>\n<p style=\"text-align: left;\"><strong>HanseCom Genel M\u00fcd\u00fcr\u00fc<\/strong> <strong>Hassan Claussen<\/strong>\u2019in ev sahipli\u011fi yapt\u0131\u011f\u0131 FTTH Forum\u2019da <strong>Turkcell Superonline Genel M\u00fcd\u00fcr\u00fc<\/strong> <strong>Murat Erkan<\/strong>,<strong> Google Fiber yar\u0131\u015fmas\u0131n\u0131 kazanan Kansas City\u00a0 proje y\u00f6neticisi Aaron Deacon<\/strong><strong> <\/strong>ve<strong> <\/strong>d\u00fcnyada dijital \u015fehirler aras\u0131nda ba\u015f\u0131 \u00e7eken <strong>Amsterdam<\/strong> FTTH projesi<strong> <\/strong>strateji dan\u0131\u015fman\u0131 <strong>Frans Anton Vermast<\/strong> konu\u015fmac\u0131lar aras\u0131nda yer ald\u0131.<\/p>\n<p style=\"text-align: left;\"><strong><em>Claussen: \u201cT\u00fcrkiye fiber internet pazar\u0131n\u0131n lideri olma yolunda h\u0131zla ilerliyor.\u201d<\/em><\/strong><\/p>\n<p style=\"text-align: left;\"><strong>Hassan Claussen<\/strong>, konu\u015fmas\u0131nda forumu \u0130stanbul\u2019da ger\u00e7ekle\u015ftirmelerinin nedenini, \u201cT\u00fcrkiye\u2019nin fiber alan\u0131nda \u00e7izdi\u011fi ba\u015far\u0131l\u0131 grafi\u011fi yak\u0131ndan takip ediyoruz. Bu y\u0131l FTTH Forum\u2019u \u0130stanbul\u2019da d\u00fczenlemeye karar vermemizde Avrupa FTTH Konseyi\u2019nin raporuna g\u00f6re T\u00fcrkiye\u2019nin Avrupa\u2019n\u0131n en h\u0131zl\u0131 b\u00fcy\u00fcyen \u00fclkelerinden biri olmas\u0131 etkili oldu\u201d \u015feklinde a\u00e7\u0131klad\u0131.<\/p>\n<p style=\"text-align: left;\">\u0130stanbul\u2019un \u00f6zellikle konferansa Ortado\u011fu, K\u00f6rfez ve Kafkas \u00fclkelerinin kat\u0131l\u0131m\u0131n\u0131 \u00e7ekmek i\u00e7in \u00f6nemli bir lokasyon oldu\u011funu belirten Claussen, \u201c\u00d6ng\u00f6r\u00fclerimizde yan\u0131lmad\u0131k ve stratejik orta\u011f\u0131m\u0131z Turkcell Superonline\u2019\u0131n da katk\u0131lar\u0131yla \u0130stanbul\u2019daki etkinli\u011fimizden kat\u0131l\u0131m anlam\u0131nda \u00e7ok olumlu bir geri d\u00f6n\u00fc\u015f ald\u0131k. Gelecek y\u0131l da T\u00fcrkiye\u2019yi ajandam\u0131za almay\u0131 planl\u0131yoruz.\u201d dedi.<\/p>\n<p style=\"text-align: left;\">T\u00fcrkiye\u2019nin eve kadar fiber hizmeti konusunda en h\u0131zl\u0131 b\u00fcy\u00fcyen \u00fclkelerden biri oldu\u011funa dikkat \u00e7eken Claussen, \u201cHer ne kadar \u0130skandinav \u00fclkeleri pazarda lider konumda olsa da T\u00fcrkiye, gerek abone say\u0131s\u0131 gerekse penetrasyon a\u00e7\u0131s\u0131ndan son yay\u0131nlanan raporlarda \u0130talya, \u0130spanya gibi \u00fclkelerin \u00f6n\u00fcnde yer al\u0131yor. Turkcell Superonline ve di\u011fer servis sa\u011flay\u0131c\u0131lar T\u00fcrkiye\u2019de fiber alan\u0131nda hat\u0131r\u0131 say\u0131l\u0131r yat\u0131r\u0131mlar yap\u0131yorlar. Fibere milyarlarca Euro yat\u0131r\u0131m yapan bir \u00fclke olarak T\u00fcrkiye\u2019nin yak\u0131n zamanda Avrupa\u2019da FTTH pazar\u0131na liderlik eden \u00fclkeler aras\u0131nda yer almas\u0131n\u0131 bekliyoruz\u201d dedi.<\/p>\n<p style=\"text-align: left;\"><strong>Erkan: \u201cKansas City test a\u015famas\u0131nda, biz 12 fiber \u015fehrimizde2 y\u0131ld\u0131r 1000 Mbps h\u0131z veriyoruz\u201d\u00a0 <\/strong><\/p>\n<p style=\"text-align: left;\">Konferans\u0131n stratejik orta\u011f\u0131<strong> Turkcell Superonline<\/strong>\u2019\u0131n<strong> Genel M\u00fcd\u00fcr\u00fc Murat Erkan, <\/strong>fiber alan\u0131nda yapt\u0131klar\u0131 yat\u0131r\u0131mlar\u0131 T\u00fcrkiye\u2019nin gelece\u011fine yap\u0131lm\u0131\u015f yat\u0131r\u0131mlar olarak g\u00f6rd\u00fcklerini belirterek \u015funlar\u0131 s\u00f6yledi:<\/p>\n<p style=\"text-align: left;\"><strong>\u201c<\/strong>Turkcell Superonline olarak fiber alan\u0131ndaki yat\u0131r\u0131mlar\u0131m\u0131za ba\u015flarken uluslararas\u0131 operat\u00f6r olmak i\u00e7in yola \u00e7\u0131kt\u0131k. T\u00fcrkiye\u2019de hen\u00fcz fiber internet konu\u015fulmazken, hedefimiz daha en ba\u015fta, sadece T\u00fcrkiye\u2019ye fiber optik yat\u0131r\u0131m\u0131 yapmak de\u011fil, ayn\u0131 zamanda \u0130stanbul\u2019u d\u00fcnyan\u0131n internet \u00fcss\u00fc haline getirmekti.\u00a0 Bunu da bug\u00fcn 31 bin km\u2019ye yak\u0131n fiber optik a\u011f\u0131m\u0131z \u00fczerinden, Ortado\u011fu ve Avrupa\u2019da ger\u00e7ekle\u015ftirdi\u011fimiz i\u015fbirliklerimizle ger\u00e7e\u011fe d\u00f6n\u00fc\u015ft\u00fcr\u00fcyoruz. Sadece 4 y\u0131l gibi k\u0131sa bir s\u00fcrede <strong>75 ile de\u011fen son teknoloji bir <\/strong>omurga in\u015fa ettik ve \u015fimdi yeni eklenen <strong>Trabzon<\/strong> ve <strong>Kayseri<\/strong> illerimizle birlikte <strong>12 \u015fehirde <\/strong><strong>1 milyon 200 binden fazla haneye<\/strong> fiber internet hizmeti verebilir hale geldik. Evlere kadar sundu\u011fumuz saniyede 1000 Mb h\u0131z\u0131nda internetle, T\u00fcrkiye&#8217;yi d\u00fcnyada bu hizmeti sunan birka\u00e7 \u00fclkeden biri haline getirdik. ABD\u2019de Google\u2019\u0131n sadece tek kentte deneysel olarak verdi\u011fi saniyede 1000 Mb fiber interneti,\u00a0 Turkcell Superonline olarak T\u00fcrkiye\u2019de 12 \u015fehirde 2 y\u0131ld\u0131r verebilir durumday\u0131z\u201d dedi.<\/p>\n<p style=\"text-align: left;\">T\u00fcm bu yat\u0131r\u0131m ve ba\u015far\u0131lar\u0131n FTTH Forum gibi Avrupa\u2019da ilgiyle takip edilen \u00f6nemli bir etkinli\u011fin \u0130stanbul\u2019a gelmesine vesile oldu\u011fu i\u00e7in \u00e7ok mutlu olduklar\u0131n\u0131 belirten Erkan, \u201cYat\u0131r\u0131mlar\u0131m\u0131zla T\u00fcrkiye, d\u00fcnya fiber liginde s\u00f6z sahibi \u00fclkelerden biri oldu ve uluslararas\u0131 yar\u0131\u015fta en g\u00fc\u00e7l\u00fc rakiplerini bile geride b\u0131rakarak teknolojide liderli\u011fe oynar bir konuma y\u00fckseldi. Bu anlamda de\u011ferli misafirlerimizin T\u00fcrkiye ve firmam\u0131zla ilgili \u00f6vg\u00fc dolu s\u00f6zleri de hem bizi \u00e7ok gururland\u0131rd\u0131, hem de ne kadar do\u011fru bir yolda ilerledi\u011fimizi bize bir kez daha hat\u0131rlatt\u0131\u201d dedi.<\/p>\n<p style=\"text-align: left;\"><strong>KUTU 1 <\/strong><\/p>\n<p style=\"text-align: left;\"><strong>FTTH nedir?<\/strong><\/p>\n<p style=\"text-align: left;\">\u201c\u201cEve kadar fiber\u201d anlam\u0131n\u0131 ta\u015f\u0131yan FTTH (Fiber-to-home) teknolojisi ile saniyede 1000 MB gibi y\u00fcksek\u00a0 h\u0131zlara ula\u015fabilen geni\u015fbant internet sinyalleri, kullan\u0131c\u0131lar\u0131n bulundu\u011fu ev ya da i\u015fletmenin i\u00e7ine kadar fiber optik kablolar \u00fczerinden iletiliyor.\u00a0 Fiber optik kablolar, sinyalleri ta\u015f\u0131mak i\u00e7in lazer \u0131\u015f\u0131nlar\u0131n\u0131 kullan\u0131yor. Sinyaller, bu \u015fekilde 25 kilometreden uza\u011fa ta\u015f\u0131nabiliyor.<\/p>\n<p style=\"text-align: left;\">Akamai 1. \u00c7eyrek raporuna g\u00f6re T\u00fcrkiye\u2019de ortalama 2,9 Mbps olan internet ba\u011flant\u0131s\u0131 ile 700 MB b\u00fcy\u00fckl\u00fc\u011f\u00fcndeki bir film 47 dakikada indirilebilirken, 1000 Mbps h\u0131z\u0131nda fiber ba\u011flant\u0131 ile bu s\u00fcre 8 saniyeye iniyor.<\/p>\n<p style=\"text-align: left;\">Dijital i\u00e7eri\u011fin zenginle\u015fti\u011fi ve veri t\u00fcketiminin her ge\u00e7en g\u00fcn daha da artt\u0131\u011f\u0131 g\u00fcn\u00fcm\u00fczde, FTTH altyap\u0131s\u0131n\u0131n g\u00fc\u00e7l\u00fc ve yayg\u0131n olmas\u0131, bu i\u00e7eri\u011fin arzulanan h\u0131zda ve maksimum kapasite ile kullan\u0131labilmesi i\u00e7in zorunlu.<\/p>\n<p style=\"text-align: left;\"><strong>KUTU 2<\/strong><\/p>\n<p style=\"text-align: left;\"><strong>\u201cT\u00fcrkiye fiberde gelece\u011fe \u0131\u015f\u0131k tutuyor\u201d<\/strong><\/p>\n<p style=\"text-align: left;\">Teknoloji konusunda d\u00fcnyan\u0131n \u00f6nde gelen \u0130sve\u00e7li dan\u0131\u015fmanl\u0131k \u015firketi Ventura\u2019n\u0131n kurucu orta\u011f\u0131, <strong>FTTH Forum 2012 Ba\u015fkan\u0131 Richard Jones<\/strong> konferans\u0131n a\u00e7\u0131l\u0131\u015f konu\u015fmas\u0131nda T\u00fcrkiye\u2019nin fiber teknolojisi ve altyap\u0131s\u0131 konusunda \u00e7ok iyi bir yerde oldu\u011funa dikkat \u00e7ekerek; \u201cT\u00fcrkiye\u2019de telekom sekt\u00f6r\u00fc fiber konusunda \u00e7ok etkin ve verimli \u00e7al\u0131\u015f\u0131yor. Fiber altyap\u0131 yat\u0131r\u0131m\u0131 uzun vadeli bir yat\u0131r\u0131m vizyonu gerektiren ve d\u00f6n\u00fc\u015f\u00fc uzun vadede ger\u00e7ekle\u015fen bir yat\u0131r\u0131m. Bu anlamda fiber i\u00e7in gelece\u011fin yat\u0131r\u0131m\u0131 diyebiliriz. T\u00fcrkiye bunun \u00e7ok fark\u0131nda \u00e7al\u0131\u015f\u0131yor ve\u00a0 \u015fu anda gelece\u011fe \u0131\u015f\u0131k tutan bir duru\u015fu var. T\u00fcrkiye\u2019deki geli\u015fmeleri yak\u0131ndan takip ediyoruz\u201d dedi.<\/p>\n<p style=\"text-align: left;\"><strong>KUTU 3 <\/strong><\/p>\n<p style=\"text-align: left;\"><strong>Google Fiber-Kansas City proje y\u00f6neticisi Aaron Deacon: \u201c<\/strong><strong>1000 Mbps hizmeti, dijital u\u00e7urumun kapanmas\u0131 i\u00e7in \u00f6nemli bir ad\u0131m\u201d<\/strong><\/p>\n<p style=\"text-align: left;\">\u201cFiber altyap\u0131s\u0131na eri\u015fimin yayg\u0131nla\u015fmas\u0131, dijital u\u00e7urumun kapat\u0131lmas\u0131 a\u00e7\u0131s\u0131ndan b\u00fcy\u00fck \u00f6nem ta\u015f\u0131yor. Biz Google\u2019\u0131n fiber yat\u0131r\u0131m\u0131n\u0131 Kansas City\u2019ye \u00e7ekebilmek i\u00e7in b\u00fcy\u00fck bir yar\u0131\u015fa girdik, \u00e7\u00fcnk\u00fc fiberin Kansas City\u2019ye gerek ekonomik gerek sosyal katk\u0131s\u0131n\u0131n b\u00fcy\u00fck olaca\u011f\u0131n\u0131 biliyorduk. T\u00fcrkiye\u2019de Turkcell Superonline\u2019\u0131n evlere kadar saniyede 1000 Mb fiber hizmeti verdi\u011fi \u015fehir say\u0131s\u0131n\u0131n 12\u2019ye \u00e7\u0131kt\u0131\u011f\u0131n\u0131 \u00f6\u011frendim. Bunun toplumun farkl\u0131 kesimlerine ula\u015fmak ve dijital u\u00e7urumun kapat\u0131lmas\u0131na katk\u0131da bulunmak i\u00e7in \u00f6nemli bir ad\u0131m oldu\u011funa inan\u0131yorum. K\u00fcresel ekonomide son d\u00f6nemde ya\u015fanan dalgalanmalar da g\u00f6z \u00f6n\u00fcne al\u0131nd\u0131\u011f\u0131nda fiber altyap\u0131 gibi son derece maliyetli bir alanda yat\u0131r\u0131m yapmak bir\u00e7ok \u00fclke ve \u015firket i\u00e7in kolay de\u011fil. Bu a\u00e7\u0131dan yat\u0131r\u0131mlar\u0131n\u0131 s\u00fcrd\u00fcr\u00fclebilir k\u0131lan \u015firketlerin hem vizyoner bir bak\u0131\u015f a\u00e7\u0131s\u0131 sergiledi\u011fini hem de \u00fclkelerinin gelece\u011fine yat\u0131r\u0131m yapt\u0131klar\u0131n\u0131 d\u00fc\u015f\u00fcn\u00fcyorum.\u201d<\/p>\n<p style=\"text-align: left;\">\u00a0<strong>Resim alt\u0131: Google\u2019\u0131n Kansas City projesi y\u00f6neticisi Aaron Deacon, \u015fu an kendi projelerinde test a\u015famas\u0131nda olan saniyede 1000 Mb interneti Turkcell Superonline\u2019\u0131n stand\u0131nda ger\u00e7ek ortamda deneyimledi.<\/strong><\/p>\n<p style=\"text-align: left;\"><strong>KUTU 4<\/strong><\/p>\n<p style=\"text-align: left;\"><strong><\/strong><strong><br \/>\nAd\u0131m ad\u0131m Google Fiber-Kansas City Projesi<\/strong><\/p>\n<ul style=\"text-align: left;\">\n<li>Google, 2010 y\u0131l\u0131nda ABD\u2019de belediyeler aras\u0131 bir yar\u0131\u015fma a\u00e7arak se\u00e7ilecek bir belediyeye ortalama internet h\u0131z\u0131n\u0131n 100 kat\u0131 daha h\u0131zl\u0131 internet verece\u011fini duyurdu.<\/li>\n<li>\u00a0Google, ABD\u2019nin hangi eyaletine veya \u015fehirlerine fiber ba\u011flant\u0131 g\u00f6t\u00fcrebilece\u011fini g\u00f6steren bir liste a\u00e7\u0131klad\u0131. Yar\u0131\u015fmaya 1000\u2019den fazla belediye \u00e7ok ilgin\u00e7 ve s\u0131rad\u0131\u015f\u0131 tekliflerle ba\u015fvurdu.<\/li>\n<li>\u015eehirlerin belediye ba\u015fkanlar\u0131 harekete ge\u00e7ip,\u00a0\u2018Google bizi se\u00e7\u2019\u00a0kampanyalar\u0131 d\u00fczenledi. Bunlardan en ilginci Minnesota eyaletine aitti. Minnesota\u2019daki Duluth Belediye Ba\u015fkan\u0131\u00a0Patrick Garmoe, Google\u2019\u0131n\u00a0Duluth\u2019a fiber internet altyap\u0131s\u0131 kurmas\u0131 i\u00e7in buz tutan g\u00f6le atlad\u0131. Gitar\u0131 eline al\u0131p Google\u2019a \u00e7a\u011fr\u0131 niteli\u011finde serenat yapanlar bile oldu.<\/li>\n<li>Yar\u0131\u015fmay\u0131 Kansas City kazand\u0131 ve Google,\u00a0 Mart 2011\u2019de y\u00fcksek h\u0131zda fiber a\u011f\u0131 i\u00e7in Kansas City\u2019i se\u00e7ti\u011fini anons etti.<\/li>\n<li>Google, proje kapsam\u0131nda Kansas City\u2019de fiber optik ileti\u015fim kullanarak deneysel bir geni\u015fbant internet a\u011f\u0131 altyap\u0131s\u0131 kurdu. Hizmet, \u00fc\u00e7 ayr\u0131 kategoride sunuluyor. \u0130lki \u00fccretsiz geni\u015fbant se\u00e7ene\u011fi, ikincisi ayl\u0131k \u00f6deme kar\u015f\u0131l\u0131\u011f\u0131 1000 Mbps internet se\u00e7ene\u011fi, \u00fc\u00e7\u00fcnc\u00fcs\u00fc ise bu se\u00e7ene\u011fin televizyon hizmetini de i\u00e7eren versiyonu.<\/li>\n<li>Hizmetten faydalanacak semtler, gelen \u00f6n talebe g\u00f6re belirleniyor.<\/li>\n<li>En az 50 bin eve ula\u015fmas\u0131 planlanan projenin, Google\u2019\u0131n 1000 Mbps\u2019l\u0131k (1GB) fiber altyap\u0131s\u0131n\u0131 di\u011fer servis sa\u011flay\u0131c\u0131lara da a\u00e7mas\u0131yla 500 bin eve kadar ula\u015fmas\u0131 bekleniyor.<\/li>\n<li>Yani proje sonland\u0131\u011f\u0131nda 500 bin abone, \u00fclke geneline g\u00f6re 100 kat daha h\u0131zl\u0131 internet ba\u011flant\u0131s\u0131 imkan\u0131na sahip olacak. <strong><\/strong><\/li>\n<li>\u015eu an halen test a\u015famas\u0131nda olan projede \u0130lk ba\u011flant\u0131lar\u0131n bu senenin sonunda sa\u011flanmas\u0131 bekleniyor.<\/li>\n<\/ul>\n<p style=\"text-align: left;\"><strong>KUTU 5<\/strong><\/p>\n<p style=\"text-align: left;\"><strong>Turkcell Superonline, T\u00fcrkiye\u2019yi d\u00fcnya ile ayn\u0131 anda fiber internetle tan\u0131\u015ft\u0131rd\u0131 <\/strong><strong><\/strong><\/p>\n<p style=\"text-align: left;\">\u00a0<\/p>\n<ul>\n<li style=\"text-align: left;\">T\u00fcrkiye&#8217;yi d\u00fcnya ile ayn\u0131 anda &#8220;\u0131\u015f\u0131k h\u0131z\u0131nda&#8221; fiber internetle tan\u0131\u015ft\u0131ran Turkcell Superonline, T\u00fcrkiye&#8217;de eve kadar fiber internet hizmetleri hen\u00fcz konu\u015fulmazken \u00fclkenin dijital d\u00f6n\u00fc\u015f\u00fcm\u00fcne katk\u0131da bulunmak ve gelece\u011fin teknolojilerini sunmak \u00fczere 2008 y\u0131l\u0131nda fiber internet yat\u0131r\u0131mlar\u0131na ba\u015flad\u0131.<\/li>\n<li style=\"text-align: left;\">T\u00fcrkiye\u2019de evlere kadar saniyede 1000 Mb h\u0131z\u0131nda internet hizmeti veren ilk ve tek operat\u00f6r.\u00a0<\/li>\n<li style=\"text-align: left;\">Evlere kadar sundu\u011fu saniyede 1000 Mb h\u0131z\u0131nda internetle, T\u00fcrkiye\u2019yi d\u00fcnyada bu hizmeti sunan toplam 8 \u00fclke aras\u0131ndan ilk 5 \u00fclke aras\u0131na soktu.<\/li>\n<li style=\"text-align: left;\">Turkcell Superonline\u2019n\u0131n eve kadar fiber internet yat\u0131r\u0131mlar\u0131, 2012\u2019de T\u00fcrkiye\u2019yi G20 \u00fclkeleri aras\u0131nda penetrasyon a\u00e7\u0131s\u0131ndan bir s\u0131ra y\u00fckselterek \u0130talya\u2019n\u0131n \u00f6n\u00fcnde 7.li\u011fe yerle\u015ftirdi.<\/li>\n<li style=\"text-align: left;\">Avrupa FTTH Konseyi\u2019nin raporunda Turkcell Superonline, Avrupa\u2019da fiber internette 1 milyonun \u00fczerinde hane say\u0131s\u0131na ula\u015fan 10 proje aras\u0131nda yer ald\u0131.<\/li>\n<li style=\"text-align: left;\">4 y\u0131ld\u0131r yat\u0131r\u0131mlar\u0131na ara vermeden devam eden Turkcell Superonline,\u00a0 bug\u00fcn 31 bin km\u2019yi bulan fiber optik altyap\u0131s\u0131yla 1,2 milyondan fazla ev ve i\u015fyerine hizmet verebilir bir b\u00fcy\u00fckl\u00fc\u011fe,\u00a0 374 bin fiber internet abone say\u0131s\u0131na ula\u015ft\u0131.<\/li>\n<li style=\"text-align: left;\">Bu ay Trabzon ve Kayseri\u2019yi fiber \u015fehirler aras\u0131na sokan Turkcell Superonline, \u0130stanbul, Adana, Ankara, Antalya, Bursa, Kocaeli, Mersin, Gaziantep, Samsun ve \u0130zmir olmak \u00fczere toplam 12 \u015fehirde fiber hizmeti veriyor.<\/li>\n<\/ul>\n<p style=\"text-align: left;\">Kaynak: <a href=\"https:\/\/www.enerjigazetesi.ist\" target=\"_blank\">EnerjiGazetesi<\/a><\/p>\n<p><\/p>","protected":false},"excerpt":{"rendered":"<p>Sorry, this entry is only available in Turkish. For the sake of viewer convenience, the content is shown below in the alternative language. You may click the link to switch the active language. D\u00fcnyan\u0131n en h\u0131zl\u0131 internet altyap\u0131s\u0131 olan fiber teknolojisi, \u0130stanbul\u2019da ger\u00e7ekle\u015ftirilen FTTH Forum 2012\u2019de masaya yat\u0131r\u0131ld\u0131. Turkcell Superonline\u2019\u0131n stratejik ortakl\u0131\u011f\u0131 ile ger\u00e7ekle\u015ftirilen konferansta, [&hellip;]<\/p>\n","protected":false},"author":1,"featured_media":3316,"comment_status":"open","ping_status":"open","sticky":false,"template":"","format":"standard","meta":[],"categories":[157],"tags":[164,935,138,163],"views":727,"_links":{"self":[{"href":"https:\/\/www.enerjigazetesi.ist\/en\/wp-json\/wp\/v2\/posts\/3315"}],"collection":[{"href":"https:\/\/www.enerjigazetesi.ist\/en\/wp-json\/wp\/v2\/posts"}],"about":[{"href":"https:\/\/www.enerjigazetesi.ist\/en\/wp-json\/wp\/v2\/types\/post"}],"author":[{"embeddable":true,"href":"https:\/\/www.enerjigazetesi.ist\/en\/wp-json\/wp\/v2\/users\/1"}],"replies":[{"embeddable":true,"href":"https:\/\/www.enerjigazetesi.ist\/en\/wp-json\/wp\/v2\/comments?post=3315"}],"version-history":[{"count":3,"href":"https:\/\/www.enerjigazetesi.ist\/en\/wp-json\/wp\/v2\/posts\/3315\/revisions"}],"predecessor-version":[{"id":3319,"href":"https:\/\/www.enerjigazetesi.ist\/en\/wp-json\/wp\/v2\/posts\/3315\/revisions\/3319"}],"wp:featuredmedia":[{"embeddable":true,"href":"https:\/\/www.enerjigazetesi.ist\/en\/wp-json\/wp\/v2\/media\/3316"}],"wp:attachment":[{"href":"https:\/\/www.enerjigazetesi.ist\/en\/wp-json\/wp\/v2\/media?parent=3315"}],"wp:term":[{"taxonomy":"category","embeddable":true,"href":"https:\/\/www.enerjigazetesi.ist\/en\/wp-json\/wp\/v2\/categories?post=3315"},{"taxonomy":"post_tag","embeddable":true,"href":"https:\/\/www.enerjigazetesi.ist\/en\/wp-json\/wp\/v2\/tags?post=3315"}],"curies":[{"name":"wp","href":"https:\/\/api.w.org\/{rel}","templated":true}]}}