{"id":33081,"date":"2014-10-31T19:00:01","date_gmt":"2014-10-31T16:00:01","guid":{"rendered":"https:\/\/www.enerjigazetesi.ist\/?p=33081"},"modified":"2014-10-31T19:00:14","modified_gmt":"2014-10-31T16:00:14","slug":"almanyada-komurden-elektrik-uretiminin-azaltilmasi-gundemde","status":"publish","type":"post","link":"https:\/\/www.enerjigazetesi.ist\/en\/almanyada-komurden-elektrik-uretiminin-azaltilmasi-gundemde\/","title":{"rendered":"(Turkish) Almanya\u2019da, K\u00f6m\u00fcrden Elektrik \u00dcretiminin Azalt\u0131lmas\u0131 G\u00fcndemde!"},"content":{"rendered":"<p class=\"qtranxs-available-languages-message qtranxs-available-languages-message-en\">Sorry, this entry is only available in <a href=\"https:\/\/www.enerjigazetesi.ist\/tr\/wp-json\/wp\/v2\/posts\/33081\" class=\"qtranxs-available-language-link qtranxs-available-language-link-tr\" title=\"Turkish\">Turkish<\/a>. For the sake of viewer convenience, the content is shown below in the alternative language. You may click the link to switch the active language.<\/p><p><\/p>\n<p style=\"color: #3c3c3c;\"><strong>Almanya, sera gaz\u0131 emisyonlar\u0131na ili\u015fkin hedeflerini yakalamaya y\u00f6nelik yeni bir plan \u00e7er\u00e7evesinde, k\u00f6m\u00fcrden elektrik \u00fcretimini azaltmay\u0131 g\u00fcndeme ald\u0131klar\u0131n\u0131 a\u00e7\u0131klad\u0131. Almanya Ekonomi ve Enerji Bakanl\u0131\u011f\u0131 M\u00fcste\u015far\u0131 Rainer Baake, h\u00fck\u00fcmetin 3 Aral\u0131k\u2019ta kabul edece\u011fi programda b\u00fcy\u00fck olas\u0131l\u0131kla enerji verimlili\u011fini art\u0131rma ve k\u00f6m\u00fcrden elektrik \u00fcretimini azalmaya y\u00f6nelik ad\u0131mlar\u0131n da yer alaca\u011f\u0131n\u0131 s\u00f6yledi.<\/strong><\/p>\n<p style=\"color: #3c3c3c;\">\u00c7evre Bakanl\u0131\u011f\u0131, sera gaz\u0131 emisyonlar\u0131n\u0131 2020 y\u0131l\u0131nda 1990 seviyelerine g\u00f6re y\u00fczde 40 oran\u0131nda azaltma hedeflerini yakalayamayabilecekleri uyar\u0131s\u0131nda bulunmu\u015ftu. Baake, bu hedefi y\u00fczde 5 ile 8 aras\u0131nda bir farkla ka\u00e7\u0131rma riskleri bulundu\u011funu s\u00f6yledi.<\/p>\n<p style=\"color: #3c3c3c;\">Baake, \u2018Bu a\u00e7\u0131\u011f\u0131 kapatmak bizi<a href=\"https:\/\/www.enerjigazetesi.ist\/wp-content\/uploads\/2014\/10\/almanyada-komurden-elektrik-uretiminin-azaltilmasi-gundemde.jpg\"><img loading=\"lazy\" class=\"alignleft size-medium wp-image-33082\" src=\"https:\/\/www.enerjigazetesi.ist\/wp-content\/uploads\/2014\/10\/almanyada-komurden-elektrik-uretiminin-azaltilmasi-gundemde-300x225.jpg\" alt=\"almanyada-komurden-elektrik-uretiminin-azaltilmasi-gundemde\" width=\"300\" height=\"225\" srcset=\"https:\/\/www.enerjigazetesi.ist\/wp-content\/uploads\/2014\/10\/almanyada-komurden-elektrik-uretiminin-azaltilmasi-gundemde-300x225.jpg 300w, https:\/\/www.enerjigazetesi.ist\/wp-content\/uploads\/2014\/10\/almanyada-komurden-elektrik-uretiminin-azaltilmasi-gundemde-500x375.jpg 500w, https:\/\/www.enerjigazetesi.ist\/wp-content\/uploads\/2014\/10\/almanyada-komurden-elektrik-uretiminin-azaltilmasi-gundemde-66x50.jpg 66w, https:\/\/www.enerjigazetesi.ist\/wp-content\/uploads\/2014\/10\/almanyada-komurden-elektrik-uretiminin-azaltilmasi-gundemde.jpg 800w\" sizes=\"(max-width: 300px) 100vw, 300px\" \/><\/a>m i\u015fimiz. Bence ba\u015far\u0131l\u0131 olaca\u011f\u0131z. Bunu yapmaya kararl\u0131y\u0131z\u2019 dedi.<\/p>\n<p style=\"color: #3c3c3c;\">Hedeflerin yakalanamamas\u0131, kendisi de ge\u00e7mi\u015fte enerji bakanl\u0131\u011f\u0131 g\u00f6revi yapm\u0131\u015f olan ve n\u00fckleer ve fosil yak\u0131tlardan yenilenebilir kaynaklara ge\u00e7i\u015fin \u00f6ng\u00f6r\u00fcld\u00fc\u011f\u00fc bir enerjide d\u00f6n\u00fc\u015f\u00fcm plan\u0131 ortaya koyan Almanya Ba\u015fbakan\u0131 Angela Merkel a\u00e7\u0131s\u0131ndan hezimet olacak.<\/p>\n<p style=\"color: #3c3c3c;\">Merkel h\u00fck\u00fcmeti, Almanya\u2019n\u0131n 2025 y\u0131l\u0131nda enerji ihtiyac\u0131n\u0131n y\u00fczde 40-45, 2035 y\u0131l\u0131nda y\u00fczde 55-60\u2019\u0131n\u0131 yenilenebilir kaynaklardan kar\u015f\u0131lar hale gelmesini hedefliyor.<\/p>\n<p style=\"color: #3c3c3c;\">Her ne kadar yenilenebilir enerjinin toplam \u00fcretimdeki pay\u0131 y\u00fczde 25\u2032 kadar \u00e7\u0131km\u0131\u015f olsa da \u00e7evreciler, ge\u00e7ti\u011fimiz y\u0131l elektrik \u00fcretiminin y\u00fczde 45\u2019ini k\u00f6m\u00fcrle ger\u00e7ekle\u015ftiren Almanya\u2019y\u0131 k\u00f6m\u00fcr santrallerine fazla ba\u011f\u0131ml\u0131 olmakla su\u00e7luyor.<\/p>\n<p style=\"color: #3c3c3c;\">Baake, \u2018Belli bir miktar k\u00f6m\u00fcr santrali kapasitesini pazardan \u00e7ekip rezerve alman\u0131n mant\u0131kl\u0131 olup olmayaca\u011f\u0131na bak\u0131yoruz. Bu kararlar hen\u00fcz verilmedi\u2019 dedi.<\/p>\n<p style=\"color: #3c3c3c;\">Der Spiegel dergisi, h\u00fck\u00fcmetin k\u00f6m\u00fcrden elektrik \u00fcretimini 10 gigawatt oran\u0131nda d\u00fc\u015f\u00fcrmek istedi\u011fini yazm\u0131\u015ft\u0131. Bu miktar da yakla\u015f\u0131k iki d\u00fczine k\u00fc\u00e7\u00fck santralin devre d\u0131\u015f\u0131 b\u0131rak\u0131lmas\u0131 anlam\u0131na geliyor.<\/p>\n<p style=\"color: #3c3c3c;\">Baake zaman i\u00e7erisinde \u00f6zellikle \u00e7evreye b\u00fcy\u00fck zarar veren linyitin oran\u0131n\u0131n d\u00fc\u015fece\u011fini s\u00f6yledi, ancak bununla ilgili herhangi bir takvim vermedi.<\/p>\n<p style=\"color: #3c3c3c;\">Baake, \u2018Y\u0131llar, on y\u0131llar s\u00fcrecek bir proje olacak. Ancak fosil yak\u0131tlar azalt\u0131lacak\u2019 dedi.<\/p>\n<p style=\"color: #3c3c3c;\">Almanya, iklim ve enerjide Avrupa Birli\u011fi\u2019nden daha iddial\u0131 hedeflere sahip. AB liderleri ge\u00e7ti\u011fimiz hafta, sera gaz\u0131 emisyonlar\u0131n\u0131 2030\u2019da y\u00fczde 40 oran\u0131nda d\u00fc\u015f\u00fcrmede anla\u015fm\u0131\u015ft\u0131.<\/p>\n<p style=\"color: #3c3c3c;\">Kaynak:\u00a0<a style=\"color: #c75615;\" href=\"http:\/\/www.euractiv.com.tr\/enerji\/article\/almanya-komurden-elektrik-uretimini-azaltabilir-030483\" target=\"_blank\" rel=\"nofollow\">euractiv<\/a><\/p>\n<p><\/p>","protected":false},"excerpt":{"rendered":"<p>Sorry, this entry is only available in Turkish. For the sake of viewer convenience, the content is shown below in the alternative language. You may click the link to switch the active language. Almanya, sera gaz\u0131 emisyonlar\u0131na ili\u015fkin hedeflerini yakalamaya y\u00f6nelik yeni bir plan \u00e7er\u00e7evesinde, k\u00f6m\u00fcrden elektrik \u00fcretimini azaltmay\u0131 g\u00fcndeme ald\u0131klar\u0131n\u0131 a\u00e7\u0131klad\u0131. Almanya Ekonomi ve [&hellip;]<\/p>\n","protected":false},"author":1,"featured_media":33082,"comment_status":"open","ping_status":"open","sticky":false,"template":"","format":"standard","meta":[],"categories":[51,53],"tags":[1192,929,63,67,1009,165,1800,13637,1677,2533,19252],"views":685,"_links":{"self":[{"href":"https:\/\/www.enerjigazetesi.ist\/en\/wp-json\/wp\/v2\/posts\/33081"}],"collection":[{"href":"https:\/\/www.enerjigazetesi.ist\/en\/wp-json\/wp\/v2\/posts"}],"about":[{"href":"https:\/\/www.enerjigazetesi.ist\/en\/wp-json\/wp\/v2\/types\/post"}],"author":[{"embeddable":true,"href":"https:\/\/www.enerjigazetesi.ist\/en\/wp-json\/wp\/v2\/users\/1"}],"replies":[{"embeddable":true,"href":"https:\/\/www.enerjigazetesi.ist\/en\/wp-json\/wp\/v2\/comments?post=33081"}],"version-history":[{"count":2,"href":"https:\/\/www.enerjigazetesi.ist\/en\/wp-json\/wp\/v2\/posts\/33081\/revisions"}],"predecessor-version":[{"id":33084,"href":"https:\/\/www.enerjigazetesi.ist\/en\/wp-json\/wp\/v2\/posts\/33081\/revisions\/33084"}],"wp:featuredmedia":[{"embeddable":true,"href":"https:\/\/www.enerjigazetesi.ist\/en\/wp-json\/wp\/v2\/media\/33082"}],"wp:attachment":[{"href":"https:\/\/www.enerjigazetesi.ist\/en\/wp-json\/wp\/v2\/media?parent=33081"}],"wp:term":[{"taxonomy":"category","embeddable":true,"href":"https:\/\/www.enerjigazetesi.ist\/en\/wp-json\/wp\/v2\/categories?post=33081"},{"taxonomy":"post_tag","embeddable":true,"href":"https:\/\/www.enerjigazetesi.ist\/en\/wp-json\/wp\/v2\/tags?post=33081"}],"curies":[{"name":"wp","href":"https:\/\/api.w.org\/{rel}","templated":true}]}}