{"id":33057,"date":"2014-10-31T13:10:25","date_gmt":"2014-10-31T10:10:25","guid":{"rendered":"https:\/\/www.enerjigazetesi.ist\/?p=33057"},"modified":"2014-10-31T13:10:25","modified_gmt":"2014-10-31T10:10:25","slug":"opec-baskani-petrolde-arz-ve-talep-tekrar-dengelenecek","status":"publish","type":"post","link":"https:\/\/www.enerjigazetesi.ist\/en\/opec-baskani-petrolde-arz-ve-talep-tekrar-dengelenecek\/","title":{"rendered":"(Turkish) OPEC Ba\u015fkan\u0131: Petrolde Arz ve Talep Tekrar Dengelenecek&#8230;"},"content":{"rendered":"<p class=\"qtranxs-available-languages-message qtranxs-available-languages-message-en\">Sorry, this entry is only available in <a href=\"https:\/\/www.enerjigazetesi.ist\/tr\/wp-json\/wp\/v2\/posts\/33057\" class=\"qtranxs-available-language-link qtranxs-available-language-link-tr\" title=\"Turkish\">Turkish<\/a>. For the sake of viewer convenience, the content is shown below in the alternative language. You may click the link to switch the active language.<\/p><p><\/p>\n<p style=\"color: #3c3c3c;\"><strong>OPEC Genel Sekreteri, petrol piyasas\u0131 kat\u0131l\u0131mc\u0131lar\u0131n\u0131n panik yapmay\u0131 sonland\u0131rmas\u0131 gerekti\u011fini ve petrolde arz ve talebin tekrar dengeli hale gelece\u011fini s\u00f6yledi.<\/strong><span id=\"more-67752\"><\/span><\/p>\n<p style=\"color: #3c3c3c;\"><a href=\"https:\/\/www.enerjigazetesi.ist\/wp-content\/uploads\/2014\/10\/opec-baskani-petrolde-arz-ve-talep-tekrar-dengelenecek.jpg\"><img loading=\"lazy\" class=\"alignleft size-medium wp-image-33058\" src=\"https:\/\/www.enerjigazetesi.ist\/wp-content\/uploads\/2014\/10\/opec-baskani-petrolde-arz-ve-talep-tekrar-dengelenecek-300x196.jpg\" alt=\"opec-baskani-petrolde-arz-ve-talep-tekrar-dengelenecek\" width=\"300\" height=\"196\" srcset=\"https:\/\/www.enerjigazetesi.ist\/wp-content\/uploads\/2014\/10\/opec-baskani-petrolde-arz-ve-talep-tekrar-dengelenecek-300x196.jpg 300w, https:\/\/www.enerjigazetesi.ist\/wp-content\/uploads\/2014\/10\/opec-baskani-petrolde-arz-ve-talep-tekrar-dengelenecek-500x328.jpg 500w, https:\/\/www.enerjigazetesi.ist\/wp-content\/uploads\/2014\/10\/opec-baskani-petrolde-arz-ve-talep-tekrar-dengelenecek-76x50.jpg 76w, https:\/\/www.enerjigazetesi.ist\/wp-content\/uploads\/2014\/10\/opec-baskani-petrolde-arz-ve-talep-tekrar-dengelenecek.jpg 870w\" sizes=\"(max-width: 300px) 100vw, 300px\" \/><\/a>OPEC Genel Sekreteri Abdalla El-Badri Londra\u2019da kat\u0131ld\u0131\u011f\u0131 bir konferansta, d\u00fcnya petrol\u00fcn\u00fcn y\u00fczde 40\u2019a yak\u0131n\u0131n\u0131 sa\u011flayan Petrol \u0130hra\u00e7 Eden \u00dclkeler Organizasyonu (OPEC) \u00fcyelerinin bir fiyat sava\u015f\u0131 ba\u015flatmak niyetinde olmad\u0131klar\u0131n\u0131 ve petrol vadelilerindeki d\u00fc\u015f\u00fc\u015fe bir acil durum m\u00fcdahalesi talebinde bulunmad\u0131klar\u0131n\u0131 belirtti. Haziran ay\u0131ndan bu yana y\u00fczde 25 kadar gerileyen petrol fiyatlar\u0131n\u0131n y\u00f6n\u00fc k\u0131sa vadede belirsizli\u011fini s\u00fcrd\u00fcrse de El-Badri, uzun vadede \u00fcretimi garanti alt\u0131na almak i\u00e7in petrol\u00fcn y\u00fckseli\u015f g\u00f6sterme zorunda oldu\u011funu belirtti.<\/p>\n<p style=\"color: #3c3c3c;\">El-Badri, \u201cArz ve talep taraflar\u0131nda temel bir de\u011fi\u015fiklik g\u00f6rm\u00fcyoruz. Ancak ne yaz\u0131k ki bas\u0131n ve m\u00fc\u015fteriler, herkes panik i\u00e7inde. Durunum nas\u0131l bir geli\u015fme g\u00f6sterece\u011fine bakmal\u0131y\u0131z\u201d dedi.<\/p>\n<p style=\"color: #3c3c3c;\">Petrol, Suudi Arabistan ve di\u011fer \u00fcreticilerin fiyat indirimlerini derinle\u015ftirmesi ile bu ay ay\u0131 piyasas\u0131na d\u00fc\u015ft\u00fc. ABD\u2019de petrol \u00fcretimi ge\u00e7ti\u011fimiz hafta, en az 31 y\u0131l\u0131n en y\u00fcksek seviyesine ula\u015ft\u0131. Uluslararas\u0131 Enerji Ajans\u0131\u2019n\u0131n yapt\u0131\u011f\u0131 a\u00e7\u0131klamaya g\u00f6re bu y\u0131l petrol t\u00fcketimi 2009\u2019dan bu yana en yava\u015f oranda y\u00fckseli\u015f g\u00f6sterecek.<\/p>\n<p style=\"color: #3c3c3c;\">El-Badri, \u201cOPEC petrol fiyatlar\u0131ndaki d\u00fc\u015f\u00fc\u015f ile \u201ckritik bir durum\u201d ile kar\u015f\u0131 kar\u015f\u0131ya gelmedi. OPEC\u2019in kolektif \u00fcretimi 2015\u2019te bu y\u0131l\u0131n seviyelerine yak\u0131n, g\u00fcnl\u00fck olarak 30 milyon varil seviyesinde kalacak\u201d diye konu\u015ftu.<\/p>\n<p style=\"color: #3c3c3c;\">Kaynak:\u00a0<a style=\"color: #c75615;\" href=\"http:\/\/www.bloomberght.com\/haberler\/haber\/1653613-opec-baskani-petrolde-arz-ve-talep-tekrar-dengelenecek\" target=\"_blank\" rel=\"nofollow\">Bloomberg HT<\/a><\/p>\n<p><\/p>","protected":false},"excerpt":{"rendered":"<p>Sorry, this entry is only available in Turkish. For the sake of viewer convenience, the content is shown below in the alternative language. You may click the link to switch the active language. OPEC Genel Sekreteri, petrol piyasas\u0131 kat\u0131l\u0131mc\u0131lar\u0131n\u0131n panik yapmay\u0131 sonland\u0131rmas\u0131 gerekti\u011fini ve petrolde arz ve talebin tekrar dengeli hale gelece\u011fini s\u00f6yledi. OPEC Genel [&hellip;]<\/p>\n","protected":false},"author":1,"featured_media":33058,"comment_status":"open","ping_status":"open","sticky":false,"template":"","format":"standard","meta":[],"categories":[53,44],"tags":[19237,63,67,1009,165,1377,19238,59,79,3484,887,19239,1022],"views":556,"_links":{"self":[{"href":"https:\/\/www.enerjigazetesi.ist\/en\/wp-json\/wp\/v2\/posts\/33057"}],"collection":[{"href":"https:\/\/www.enerjigazetesi.ist\/en\/wp-json\/wp\/v2\/posts"}],"about":[{"href":"https:\/\/www.enerjigazetesi.ist\/en\/wp-json\/wp\/v2\/types\/post"}],"author":[{"embeddable":true,"href":"https:\/\/www.enerjigazetesi.ist\/en\/wp-json\/wp\/v2\/users\/1"}],"replies":[{"embeddable":true,"href":"https:\/\/www.enerjigazetesi.ist\/en\/wp-json\/wp\/v2\/comments?post=33057"}],"version-history":[{"count":1,"href":"https:\/\/www.enerjigazetesi.ist\/en\/wp-json\/wp\/v2\/posts\/33057\/revisions"}],"predecessor-version":[{"id":33059,"href":"https:\/\/www.enerjigazetesi.ist\/en\/wp-json\/wp\/v2\/posts\/33057\/revisions\/33059"}],"wp:featuredmedia":[{"embeddable":true,"href":"https:\/\/www.enerjigazetesi.ist\/en\/wp-json\/wp\/v2\/media\/33058"}],"wp:attachment":[{"href":"https:\/\/www.enerjigazetesi.ist\/en\/wp-json\/wp\/v2\/media?parent=33057"}],"wp:term":[{"taxonomy":"category","embeddable":true,"href":"https:\/\/www.enerjigazetesi.ist\/en\/wp-json\/wp\/v2\/categories?post=33057"},{"taxonomy":"post_tag","embeddable":true,"href":"https:\/\/www.enerjigazetesi.ist\/en\/wp-json\/wp\/v2\/tags?post=33057"}],"curies":[{"name":"wp","href":"https:\/\/api.w.org\/{rel}","templated":true}]}}