{"id":32941,"date":"2014-10-29T19:33:29","date_gmt":"2014-10-29T16:33:29","guid":{"rendered":"https:\/\/www.enerjigazetesi.ist\/?p=32941"},"modified":"2014-10-29T19:33:29","modified_gmt":"2014-10-29T16:33:29","slug":"elektrik-faturasinin-asgari-ucret-icindeki-payi-azaldi","status":"publish","type":"post","link":"https:\/\/www.enerjigazetesi.ist\/en\/elektrik-faturasinin-asgari-ucret-icindeki-payi-azaldi\/","title":{"rendered":"(Turkish) Elektrik Faturas\u0131n\u0131n Asgari \u00dccret \u0130\u00e7indeki Pay\u0131 Azald\u0131!"},"content":{"rendered":"<p class=\"qtranxs-available-languages-message qtranxs-available-languages-message-en\">Sorry, this entry is only available in <a href=\"https:\/\/www.enerjigazetesi.ist\/tr\/wp-json\/wp\/v2\/posts\/32941\" class=\"qtranxs-available-language-link qtranxs-available-language-link-tr\" title=\"Turkish\">Turkish<\/a>. For the sake of viewer convenience, the content is shown below in the alternative language. You may click the link to switch the active language.<\/p><p><strong>Do\u011falgaz ve elektri\u011fe son zamlar\u0131n ard\u0131ndan ele\u015ftirileri oklar\u0131n\u0131n y\u00f6neltildi\u011fi Enerji Bakanl\u0131\u011f\u0131, asgari \u00fccretlinin enerji faturas\u0131n\u0131n r\u00f6ntgenini \u00e7ekti. Buna g\u00f6re, asgari \u00fccret i\u00e7inde elektrik pay\u0131n\u0131n son 12 y\u0131lda yar\u0131 yar\u0131ya d\u00fc\u015ft\u00fc\u011f\u00fc, do\u011falgaz ve k\u00f6m\u00fcr\u00fcn pay\u0131n\u0131n ise geriledi\u011fi ortaya \u00e7\u0131kt\u0131.<\/strong><\/p>\n<p>200 kwh\u2019lik elektrik t\u00fcketim maliyeti 2003-2013 y\u0131llar\u0131 aras\u0131nda 2 kat art\u0131\u015f g\u00f6sterirken, asgari \u00fccrette bu y\u0131llar aras\u0131nda 3.74 kat art\u0131\u015f oldu.<\/p>\n<p>Ocak 2003\u2019te 226 lira alan bir a<a href=\"https:\/\/www.enerjigazetesi.ist\/wp-content\/uploads\/2013\/02\/elektrik-faturasi111-505x290.jpg\"><img loading=\"lazy\" class=\"alignleft size-medium wp-image-7160\" src=\"https:\/\/www.enerjigazetesi.ist\/wp-content\/uploads\/2013\/02\/elektrik-faturasi111-505x290-300x172.jpg\" alt=\"elektrik-faturas\u0131\" width=\"300\" height=\"172\" srcset=\"https:\/\/www.enerjigazetesi.ist\/wp-content\/uploads\/2013\/02\/elektrik-faturasi111-505x290-300x172.jpg 300w, https:\/\/www.enerjigazetesi.ist\/wp-content\/uploads\/2013\/02\/elektrik-faturasi111-505x290-500x287.jpg 500w, https:\/\/www.enerjigazetesi.ist\/wp-content\/uploads\/2013\/02\/elektrik-faturasi111-505x290-80x45.jpg 80w, https:\/\/www.enerjigazetesi.ist\/wp-content\/uploads\/2013\/02\/elektrik-faturasi111-505x290.jpg 505w\" sizes=\"(max-width: 300px) 100vw, 300px\" \/><\/a>sgari \u00fccretli 200 kwh i\u00e7in 36.2 lira \u00f6derken, Temmuz 2014\u2019te 891 lira olan asgari \u00fccretin 73 liras\u0131n\u0131 elektrik i\u00e7in harcad\u0131.<\/p>\n<p>Bir ba\u015fka deyi\u015fle asgari \u00fccret i\u00e7inde elektri\u011fin pay\u0131 2003\u2019te y\u00fczde 16\u2019dan 12 y\u0131ll\u0131k d\u00f6nemde y\u00fczde 8.6\u2019ya geriledi.<\/p>\n<p>Temmuz 2014 itibariyle ise oran y\u00fczde 8.2 olarak ger\u00e7ekle\u015fti.<\/p>\n<p>Benzer gerileme e\u011filimi do\u011falgaz ve k\u00f6m\u00fcr i\u00e7in de g\u00f6r\u00fcl\u00fcrken, do\u011falgazda y\u00fczde 21.4 olan pay, 2013 y\u0131l\u0131 sonu itibariyle y\u00fczde 15.9\u2019a geriledi.<\/p>\n<p>Ocak 2003\u2019te 226 lira alan bir asgari \u00fccretli, 125 metrek\u00fcp do\u011falgaz i\u00e7in 48.4 lira \u00f6derken, en y\u00fcksek \u00f6demeyi Ocak 2009\u2019da 136.3 lira olarak yapt\u0131. 2009-2014 d\u00f6nemi i\u00e7inde asgari \u00fccret i\u00e7inde do\u011falgaza ayr\u0131lan pay h\u0131zla gerilerken Temmuz 2014\u2019te 15.2\u2019ye d\u00fc\u015ft\u00fc.<\/p>\n<p>K\u00f6m\u00fcr t\u00fcketim maliyetinin asgari \u00fccret i\u00e7indeki pay\u0131na bak\u0131ld\u0131\u011f\u0131nda ise k\u00fc\u00e7\u00fck oranlarda olsa da 2003-2014 d\u00f6neminde gerileme dikkat \u00e7ekiyor.<\/p>\n<p>Ocak 2003\u2019te gelirinin y\u00fczde 8.6\u2019s\u0131n\u0131 k\u00f6m\u00fcr harcamas\u0131na ay\u0131ran asgari \u00fccretli, en y\u00fcksek faturay\u0131 yine 2009\u2019da gelirinin y\u00fczde 9.1\u2019ini ay\u0131rarak \u00f6dedi.<\/p>\n<p>2009 sonras\u0131 k\u00f6m\u00fcr\u00fcn pay\u0131 gerilerken k\u00f6m\u00fcr t\u00fcketiminin asgari \u00fccret i\u00e7indeki pay\u0131 Temmuz 2014\u2019te y\u00fczde 6.2\u2019ye kadar geriledi.<\/p>\n<p>Cenk Esen \/ <a href=\"http:\/\/www.turkiyegazetesi.com.tr\/ekonomi\/200328.aspx\" target=\"_blank\" rel=\"nofollow\">T\u00fcrkiye Gazetesi<\/a><\/p>","protected":false},"excerpt":{"rendered":"<p>Sorry, this entry is only available in Turkish. For the sake of viewer convenience, the content is shown below in the alternative language. You may click the link to switch the active language.Do\u011falgaz ve elektri\u011fe son zamlar\u0131n ard\u0131ndan ele\u015ftirileri oklar\u0131n\u0131n y\u00f6neltildi\u011fi Enerji Bakanl\u0131\u011f\u0131, asgari \u00fccretlinin enerji faturas\u0131n\u0131n r\u00f6ntgenini \u00e7ekti. Buna g\u00f6re, asgari \u00fccret i\u00e7inde elektrik [&hellip;]<\/p>\n","protected":false},"author":1,"featured_media":7160,"comment_status":"open","ping_status":"open","sticky":false,"template":"","format":"standard","meta":[],"categories":[51,53],"tags":[19196,19197,68,61,1229,63,963,67,1009,165,19198],"views":771,"_links":{"self":[{"href":"https:\/\/www.enerjigazetesi.ist\/en\/wp-json\/wp\/v2\/posts\/32941"}],"collection":[{"href":"https:\/\/www.enerjigazetesi.ist\/en\/wp-json\/wp\/v2\/posts"}],"about":[{"href":"https:\/\/www.enerjigazetesi.ist\/en\/wp-json\/wp\/v2\/types\/post"}],"author":[{"embeddable":true,"href":"https:\/\/www.enerjigazetesi.ist\/en\/wp-json\/wp\/v2\/users\/1"}],"replies":[{"embeddable":true,"href":"https:\/\/www.enerjigazetesi.ist\/en\/wp-json\/wp\/v2\/comments?post=32941"}],"version-history":[{"count":1,"href":"https:\/\/www.enerjigazetesi.ist\/en\/wp-json\/wp\/v2\/posts\/32941\/revisions"}],"predecessor-version":[{"id":32942,"href":"https:\/\/www.enerjigazetesi.ist\/en\/wp-json\/wp\/v2\/posts\/32941\/revisions\/32942"}],"wp:featuredmedia":[{"embeddable":true,"href":"https:\/\/www.enerjigazetesi.ist\/en\/wp-json\/wp\/v2\/media\/7160"}],"wp:attachment":[{"href":"https:\/\/www.enerjigazetesi.ist\/en\/wp-json\/wp\/v2\/media?parent=32941"}],"wp:term":[{"taxonomy":"category","embeddable":true,"href":"https:\/\/www.enerjigazetesi.ist\/en\/wp-json\/wp\/v2\/categories?post=32941"},{"taxonomy":"post_tag","embeddable":true,"href":"https:\/\/www.enerjigazetesi.ist\/en\/wp-json\/wp\/v2\/tags?post=32941"}],"curies":[{"name":"wp","href":"https:\/\/api.w.org\/{rel}","templated":true}]}}