{"id":32926,"date":"2014-10-29T19:05:30","date_gmt":"2014-10-29T16:05:30","guid":{"rendered":"https:\/\/www.enerjigazetesi.ist\/?p=32926"},"modified":"2014-10-29T19:05:30","modified_gmt":"2014-10-29T16:05:30","slug":"igdasin-ozellestirilmesi-sureci-basliyor","status":"publish","type":"post","link":"https:\/\/www.enerjigazetesi.ist\/en\/igdasin-ozellestirilmesi-sureci-basliyor\/","title":{"rendered":"(Turkish) \u0130GDA\u015e\u2019\u0131n \u00d6zelle\u015ftirilmesi S\u00fcreci Ba\u015fl\u0131yor!"},"content":{"rendered":"<p class=\"qtranxs-available-languages-message qtranxs-available-languages-message-en\">Sorry, this entry is only available in <a href=\"https:\/\/www.enerjigazetesi.ist\/tr\/wp-json\/wp\/v2\/posts\/32926\" class=\"qtranxs-available-language-link qtranxs-available-language-link-tr\" title=\"Turkish\">Turkish<\/a>. For the sake of viewer convenience, the content is shown below in the alternative language. You may click the link to switch the active language.<\/p><p><strong>Sermayesinin y\u00fczde 94.5\u2019lik k\u0131sm\u0131 \u0130stanbul B\u00fcy\u00fck\u015fehir Belediyesi\u2019ne ait \u0130stanbul Gaz Da\u011f\u0131t\u0131m Sanayi ve Ticaret A\u015e (\u0130GDA\u015e) \u00f6zelle\u015ftiriliyor.<\/strong><span id=\"more-67715\"><\/span><\/p>\n<p>Anadolu Ajans\u0131\u2019na a\u00e7\u0131klama yapan Topba\u015f, \u0130GDA\u015e hisselerinin tamam\u0131n\u0131n \u00f6zelle\u015ftirme s\u00fcrecini kas\u0131m ay\u0131nda yay\u0131nlanacak ihale ilan\u0131 ile ba\u015flatacaklar\u0131n\u0131 s\u00f6yledi.<a href=\"https:\/\/www.enerjigazetesi.ist\/wp-content\/uploads\/2014\/10\/igdasin-ozellestirilmesi-sureci-basliyor.jpg\"><img loading=\"lazy\" class=\"alignright size-medium wp-image-32927\" src=\"https:\/\/www.enerjigazetesi.ist\/wp-content\/uploads\/2014\/10\/igdasin-ozellestirilmesi-sureci-basliyor-300x166.jpg\" alt=\"igdasin-ozellestirilmesi-sureci-basliyor\" width=\"300\" height=\"166\" srcset=\"https:\/\/www.enerjigazetesi.ist\/wp-content\/uploads\/2014\/10\/igdasin-ozellestirilmesi-sureci-basliyor-300x166.jpg 300w, https:\/\/www.enerjigazetesi.ist\/wp-content\/uploads\/2014\/10\/igdasin-ozellestirilmesi-sureci-basliyor-500x277.jpg 500w, https:\/\/www.enerjigazetesi.ist\/wp-content\/uploads\/2014\/10\/igdasin-ozellestirilmesi-sureci-basliyor-80x44.jpg 80w, https:\/\/www.enerjigazetesi.ist\/wp-content\/uploads\/2014\/10\/igdasin-ozellestirilmesi-sureci-basliyor.jpg 630w\" sizes=\"(max-width: 300px) 100vw, 300px\" \/><\/a><\/p>\n<p>\u0130GDA\u015e\u2019\u0131n yakla\u015f\u0131k 5 milyar metrek\u00fcp do\u011falgaz sat\u0131\u015f hacmi kar\u015f\u0131l\u0131\u011f\u0131nda 4,6 milyar lira net sat\u0131\u015f geliri ve 279 milyon lira net kar elde etti\u011fini belirten Topba\u015f, \u0130GDA\u015e\u2019\u0131n aktif b\u00fcy\u00fckl\u00fc\u011f\u00fcn\u00fcn ise 4,2 milyar lira seviyesine ula\u015ft\u0131\u011f\u0131n\u0131 a\u00e7\u0131klad\u0131.<\/p>\n<p>Topba\u015f, alan\u0131nda T\u00fcrkiye\u2019nin ve d\u00fcnyan\u0131n en de\u011ferli \u015firketlerinden biri olan \u0130GDA\u015e\u2019\u0131n \u00f6zelle\u015ftirilmesi ile ilgili ihaleye yerli ve yabanc\u0131 yat\u0131r\u0131mc\u0131n\u0131n ilgisinin y\u00fcksek olaca\u011f\u0131n\u0131 tahmin ettiklerini de s\u00f6yledi.<\/p>\n<p><strong>\u00d6ZELLE\u015eT\u0130RMEYE \u0130L\u0130\u015eK\u0130N NOTLAR<\/strong><\/p>\n<p>Sahip oldu\u011fu i\u015f hacmi ile do\u011falgaz da\u011f\u0131t\u0131m sekt\u00f6r\u00fcnde T\u00fcrkiye\u2019nin en b\u00fcy\u00fck d\u00fcnyan\u0131n ise \u00f6nde gelen \u015firketlerinden biri olan \u0130GDA\u015e\u2019\u0131n 31 Aral\u0131k 2013 tarihli faaliyet d\u00f6nemi sonu itibar\u0131yla 5 milyondan fazla abonesi bulunuyor.<\/p>\n<p>T\u00fcrkiye do\u011falgaz da\u011f\u0131t\u0131m sekt\u00f6r\u00fcndeki serbestle\u015fmenin son ve en \u00f6nemli par\u00e7as\u0131 olan \u0130GDA\u015e\u2019\u0131n \u00f6zelle\u015ftirme takvimi hedefi do\u011frultusundaki \u00e7al\u0131\u015fmalar\u0131n\u0131 dan\u0131\u015fman kurulu\u015flar Citigroup ve Burgan Yat\u0131r\u0131m s\u00fcrd\u00fcr\u00fcyor.<\/p>\n<p>T\u00fcrkiye\u2019de tarifeler EPDK onay\u0131na ve denetimine tabi oldu\u011fu i\u00e7in \u0130GDA\u015e\u2019\u0131n \u00f6zelle\u015ftirilmesinin do\u011falgaz \u00fccretlerinde art\u0131\u015fa yol a\u00e7mayaca\u011f\u0131, ihaleyi kazanan \u015firketin bu nedenle serbest \u015fekilde tarife belirleyemeyece\u011fi kaydedildi.<\/p>\n<p>\u0130GDA\u015e\u2019\u0131n \u00f6zelle\u015ftirilme s\u00fcrecinde personelin ilgili mevzuattan ve i\u015f s\u00f6zle\u015fmelerinden do\u011fan haklar\u0131n\u0131n baki olaca\u011f\u0131 ve ihale \u015fartnamesinde de yer verilmek suretiyle korunaca\u011f\u0131 ifade edildi.<\/p>\n<p>Kaynak: <a href=\"http:\/\/www.sabah.com.tr\/ekonomi\/2014\/10\/28\/igdasin-ozellestirilmesi-sureci-basliyor\" target=\"_blank\" rel=\"nofollow\">sabah<\/a><\/p>","protected":false},"excerpt":{"rendered":"<p>Sorry, this entry is only available in Turkish. For the sake of viewer convenience, the content is shown below in the alternative language. You may click the link to switch the active language.Sermayesinin y\u00fczde 94.5\u2019lik k\u0131sm\u0131 \u0130stanbul B\u00fcy\u00fck\u015fehir Belediyesi\u2019ne ait \u0130stanbul Gaz Da\u011f\u0131t\u0131m Sanayi ve Ticaret A\u015e (\u0130GDA\u015e) \u00f6zelle\u015ftiriliyor. Anadolu Ajans\u0131\u2019na a\u00e7\u0131klama yapan Topba\u015f, \u0130GDA\u015e [&hellip;]<\/p>\n","protected":false},"author":1,"featured_media":32927,"comment_status":"open","ping_status":"open","sticky":false,"template":"","format":"standard","meta":[],"categories":[46,53],"tags":[92,226,19182,63,67,1009,165,750,1690,19185,4498,19183,19184],"views":500,"_links":{"self":[{"href":"https:\/\/www.enerjigazetesi.ist\/en\/wp-json\/wp\/v2\/posts\/32926"}],"collection":[{"href":"https:\/\/www.enerjigazetesi.ist\/en\/wp-json\/wp\/v2\/posts"}],"about":[{"href":"https:\/\/www.enerjigazetesi.ist\/en\/wp-json\/wp\/v2\/types\/post"}],"author":[{"embeddable":true,"href":"https:\/\/www.enerjigazetesi.ist\/en\/wp-json\/wp\/v2\/users\/1"}],"replies":[{"embeddable":true,"href":"https:\/\/www.enerjigazetesi.ist\/en\/wp-json\/wp\/v2\/comments?post=32926"}],"version-history":[{"count":1,"href":"https:\/\/www.enerjigazetesi.ist\/en\/wp-json\/wp\/v2\/posts\/32926\/revisions"}],"predecessor-version":[{"id":32928,"href":"https:\/\/www.enerjigazetesi.ist\/en\/wp-json\/wp\/v2\/posts\/32926\/revisions\/32928"}],"wp:featuredmedia":[{"embeddable":true,"href":"https:\/\/www.enerjigazetesi.ist\/en\/wp-json\/wp\/v2\/media\/32927"}],"wp:attachment":[{"href":"https:\/\/www.enerjigazetesi.ist\/en\/wp-json\/wp\/v2\/media?parent=32926"}],"wp:term":[{"taxonomy":"category","embeddable":true,"href":"https:\/\/www.enerjigazetesi.ist\/en\/wp-json\/wp\/v2\/categories?post=32926"},{"taxonomy":"post_tag","embeddable":true,"href":"https:\/\/www.enerjigazetesi.ist\/en\/wp-json\/wp\/v2\/tags?post=32926"}],"curies":[{"name":"wp","href":"https:\/\/api.w.org\/{rel}","templated":true}]}}