{"id":32881,"date":"2014-10-28T18:35:18","date_gmt":"2014-10-28T15:35:18","guid":{"rendered":"https:\/\/www.enerjigazetesi.ist\/?p=32881"},"modified":"2014-10-28T18:35:18","modified_gmt":"2014-10-28T15:35:18","slug":"avrupanin-elektrigi-tunusun-gunesinden-gelecek","status":"publish","type":"post","link":"https:\/\/www.enerjigazetesi.ist\/en\/avrupanin-elektrigi-tunusun-gunesinden-gelecek\/","title":{"rendered":"(Turkish) Avrupa\u2019n\u0131n Elektri\u011fi Tunus\u2019un G\u00fcne\u015finden Gelecek!"},"content":{"rendered":"<p class=\"qtranxs-available-languages-message qtranxs-available-languages-message-en\">Sorry, this entry is only available in <a href=\"https:\/\/www.enerjigazetesi.ist\/tr\/wp-json\/wp\/v2\/posts\/32881\" class=\"qtranxs-available-language-link qtranxs-available-language-link-tr\" title=\"Turkish\">Turkish<\/a>. For the sake of viewer convenience, the content is shown below in the alternative language. You may click the link to switch the active language.<\/p><p><strong>Londra merkezli \u0130ngiliz \u015firketi Nur Energie \u00dcst Y\u00f6neticisi (CEO) Kevin Sara, Tunus\u2019ta kurulmas\u0131 planlanan g\u00fcne\u015f enerjisi tarlalar\u0131ndan elde edilecek enerji ile Avrupa\u2019da \u0130ngiltere ba\u015fta olmak \u00fczere toplam 2 milyon evin elektrik ihtiyac\u0131n\u0131n kar\u015f\u0131lanaca\u011f\u0131n\u0131 kaydetti.<\/strong><span id=\"more-67710\"><\/span><\/p>\n<p>Sara, son 4 y\u0131ld\u0131r ba\u015fta \u0130ngiltere olmak \u00fczere \u0130svi\u00e7re ve Almanya\u2019ya elektrik enerjisi sa\u011flayacak olan dev bir projeyi hayata ge\u00e7irmeye haz\u0131rland\u0131klar\u0131n\u0131 <a href=\"https:\/\/www.enerjigazetesi.ist\/wp-content\/uploads\/2014\/10\/g\u00fcne\u015f-panelleri-2398323.jpg\"><img loading=\"lazy\" class=\"alignleft size-medium wp-image-32887\" src=\"https:\/\/www.enerjigazetesi.ist\/wp-content\/uploads\/2014\/10\/g\u00fcne\u015f-panelleri-2398323-300x187.jpg\" alt=\"g\u00fcne\u015f-panelleri-2398323\" width=\"300\" height=\"187\" srcset=\"https:\/\/www.enerjigazetesi.ist\/wp-content\/uploads\/2014\/10\/g\u00fcne\u015f-panelleri-2398323-300x187.jpg 300w, https:\/\/www.enerjigazetesi.ist\/wp-content\/uploads\/2014\/10\/g\u00fcne\u015f-panelleri-2398323-500x312.jpg 500w, https:\/\/www.enerjigazetesi.ist\/wp-content\/uploads\/2014\/10\/g\u00fcne\u015f-panelleri-2398323-80x50.jpg 80w, https:\/\/www.enerjigazetesi.ist\/wp-content\/uploads\/2014\/10\/g\u00fcne\u015f-panelleri-2398323.jpg 800w\" sizes=\"(max-width: 300px) 100vw, 300px\" \/><\/a>s\u00f6yledi.<\/p>\n<p>Tunus\u2019ta kurulacak g\u00fcne\u015f enerjisi panellerinden 2 bin megavat elektrik \u00fcretilece\u011fini belirten Sara, \u201cBu projeye olduk\u00e7a b\u00fcy\u00fck yat\u0131r\u0131mlar yapt\u0131k. Tunus\u2019ta yat\u0131r\u0131m yap\u0131lacak olan alan\u0131 belirledik. Gerekli izinler al\u0131nmaya ba\u015fland\u0131. Tunus parlamentosu da projenin uygulanmas\u0131na izin verecek olan gerekli yasal d\u00fczenlemeyi yapt\u0131\u201d dedi.<\/p>\n<p>Tunus\u2019ta kurulacak olan g\u00fcne\u015f tarlalar\u0131ndan elde edilecek olan elektri\u011fin rahatl\u0131kla \u0130ngiltere\u2019ye ula\u015ft\u0131r\u0131labilece\u011fini belirten Sara, \u201cBunu son derece geli\u015fmi\u015f bir proje olarak tan\u0131ml\u0131yorum. Projenin birka\u00e7 a\u015famas\u0131 var. Fakat \u00f6n\u00fcm\u00fczdeki birka\u00e7 y\u0131l i\u00e7inde yakla\u015f\u0131k 10 milyar avro yat\u0131r\u0131lmas\u0131 planlan\u0131yor. Son derece b\u00fcy\u00fck ve iddial\u0131 bir proje\u201d diye konu\u015ftu.<\/p>\n<p>Projenin in\u015faat\u0131na 2016 y\u0131l\u0131nda ba\u015flayacaklar\u0131n\u0131 belirten Sara, iki y\u0131l s\u00fcrecek olan \u00e7al\u0131\u015fman\u0131n ard\u0131ndan ba\u015fta \u0130ngiltere olmak \u00fczere Avrupa\u2019daki di\u011fer \u00fclkelere 2018 y\u0131l\u0131nda itibaren toplam 2 milyon evin ihtiyac\u0131 olan elektri\u011fin sa\u011flanaca\u011f\u0131n\u0131 s\u00f6yledi.<\/p>\n<p>Sara, ayr\u0131ca \u00f6n\u00fcn\u00fczdeki d\u00f6nemde projeye \u0130svi\u00e7re ve Almanya\u2019n\u0131n da do\u011frudan kat\u0131l\u0131m\u0131n\u0131n beklendi\u011fini ifade etti.<\/p>\n<p>Projenin finansman modeline ili\u015fkin sorular\u0131 yan\u0131tlayan Sara, \u015f\u00f6yle dedi:<\/p>\n<p>\u201cD\u00fcnyadaki bu tip projelere bakt\u0131\u011f\u0131m\u0131zda, en b\u00fcy\u00fck finans\u00f6rlerinin D\u00fcnya Bankas\u0131, Afrika Kalk\u0131nma Bankas\u0131, Avrupa Yat\u0131r\u0131m Bankas\u0131 gibi b\u00fcy\u00fck \u00e7apl\u0131 uluslararas\u0131 kurulu\u015flar oldu\u011funu g\u00f6r\u00fcyoruz. \u015eu anda bu kurulu\u015flar\u0131n t\u00fcm\u00fcyle g\u00f6r\u00fc\u015fmelerimiz devam ediyor.\u201d<\/p>\n<h4>N\u00fckleerden Ucuz<\/h4>\n<p>Uzun y\u0131llar boyunca yenilenebilir enerjinin maliyetinin geleneksel enerji kayaklar\u0131na k\u0131yasla daha y\u00fcksek oldu\u011funu belirten Sara, yak\u0131n zamanda de\u011fi\u015fen ve geli\u015fen teknoloji ile g\u00fcne\u015f enerjisi yat\u0131r\u0131mlar\u0131n\u0131n maliyetlerinde dikkate de\u011fer d\u00fc\u015f\u00fc\u015f oldu\u011funu vurgulad\u0131.<\/p>\n<p>Kevin Sara, \u201cBizim g\u00fcne\u015f enerjisi sistemimiz \u015fu anda n\u00fckleerden ve denize kurulan r\u00fczgar santrallerinden \u00e7ok daha ucuz. Fakat halen fosil yak\u0131tlardan daha pahal\u0131y\u0131z. Fakat bunun as\u0131l sebebi fosil yak\u0131t \u00fcretenlerin herhangi bir maliyete maruz kalmadan \u00fcretim esnas\u0131nda do\u011fay\u0131 kirletmeye devam edebiliyor olmas\u0131\u201d ifadelerini kulland\u0131.<\/p>\n<p>Sara, uzun vadede \u00f6zellikle fosil yak\u0131t \u00fcretimi yapan \u015firketlere karbon emisyonu maliyetlerinin eklenmesiyle yenilenebilir enerji kaynaklar\u0131n\u0131n fiyatlar\u0131n\u0131n \u00e7ok daha d\u00fc\u015f\u00fck kalaca\u011f\u0131n\u0131n alt\u0131n\u0131 \u00e7izdi.<\/p>\n<p>DEVAMI \u0130\u00c7\u0130N <a href=\"http:\/\/www.bugun.com.tr\/son-dakika\/avrupanin-elektrigi-tunusun--haberi\/1320825\" target=\"_blank\" rel=\"nofollow\">TIKLAYINIZ&gt;&gt;&gt;<\/a><\/p>\n<p>Kaynak: Enerji Enstit\u00fcs\u00fc<\/p>","protected":false},"excerpt":{"rendered":"<p>Sorry, this entry is only available in Turkish. For the sake of viewer convenience, the content is shown below in the alternative language. You may click the link to switch the active language.Londra merkezli \u0130ngiliz \u015firketi Nur Energie \u00dcst Y\u00f6neticisi (CEO) Kevin Sara, Tunus\u2019ta kurulmas\u0131 planlanan g\u00fcne\u015f enerjisi tarlalar\u0131ndan elde edilecek enerji ile Avrupa\u2019da \u0130ngiltere [&hellip;]<\/p>\n","protected":false},"author":1,"featured_media":32887,"comment_status":"open","ping_status":"open","sticky":false,"template":"","format":"standard","meta":[],"categories":[53,43],"tags":[19170,7349,14620,6966,516,18014,19171,19172,19173],"views":749,"_links":{"self":[{"href":"https:\/\/www.enerjigazetesi.ist\/en\/wp-json\/wp\/v2\/posts\/32881"}],"collection":[{"href":"https:\/\/www.enerjigazetesi.ist\/en\/wp-json\/wp\/v2\/posts"}],"about":[{"href":"https:\/\/www.enerjigazetesi.ist\/en\/wp-json\/wp\/v2\/types\/post"}],"author":[{"embeddable":true,"href":"https:\/\/www.enerjigazetesi.ist\/en\/wp-json\/wp\/v2\/users\/1"}],"replies":[{"embeddable":true,"href":"https:\/\/www.enerjigazetesi.ist\/en\/wp-json\/wp\/v2\/comments?post=32881"}],"version-history":[{"count":1,"href":"https:\/\/www.enerjigazetesi.ist\/en\/wp-json\/wp\/v2\/posts\/32881\/revisions"}],"predecessor-version":[{"id":32889,"href":"https:\/\/www.enerjigazetesi.ist\/en\/wp-json\/wp\/v2\/posts\/32881\/revisions\/32889"}],"wp:featuredmedia":[{"embeddable":true,"href":"https:\/\/www.enerjigazetesi.ist\/en\/wp-json\/wp\/v2\/media\/32887"}],"wp:attachment":[{"href":"https:\/\/www.enerjigazetesi.ist\/en\/wp-json\/wp\/v2\/media?parent=32881"}],"wp:term":[{"taxonomy":"category","embeddable":true,"href":"https:\/\/www.enerjigazetesi.ist\/en\/wp-json\/wp\/v2\/categories?post=32881"},{"taxonomy":"post_tag","embeddable":true,"href":"https:\/\/www.enerjigazetesi.ist\/en\/wp-json\/wp\/v2\/tags?post=32881"}],"curies":[{"name":"wp","href":"https:\/\/api.w.org\/{rel}","templated":true}]}}