{"id":32871,"date":"2014-10-28T10:01:51","date_gmt":"2014-10-28T07:01:51","guid":{"rendered":"https:\/\/www.enerjigazetesi.ist\/?p=32871"},"modified":"2014-10-28T10:01:51","modified_gmt":"2014-10-28T07:01:51","slug":"ilk-guvenli-yesil-bina-belgesi-igdira","status":"publish","type":"post","link":"https:\/\/www.enerjigazetesi.ist\/en\/ilk-guvenli-yesil-bina-belgesi-igdira\/","title":{"rendered":"(Turkish) \u0130lk \u2018G\u00fcvenli Ye\u015fil Bina\u2019 Belgesi I\u011fd\u0131r\u2019a!"},"content":{"rendered":"<p class=\"qtranxs-available-languages-message qtranxs-available-languages-message-en\">Sorry, this entry is only available in <a href=\"https:\/\/www.enerjigazetesi.ist\/tr\/wp-json\/wp\/v2\/posts\/32871\" class=\"qtranxs-available-language-link qtranxs-available-language-link-tr\" title=\"Turkish\">Turkish<\/a>. For the sake of viewer convenience, the content is shown below in the alternative language. You may click the link to switch the active language.<\/p><p><strong>T\u00fcrk Standardlar\u0131 Enstit\u00fcs\u00fc\u2019n\u00fcn (TSE) ilk \u201cg\u00fcvenli ye\u015fil bina\u201d belgesi, I\u011fd\u0131r \u00c7evre ve \u015eehircilik M\u00fcd\u00fcrl\u00fc\u011f\u00fc hizmet binas\u0131na verildi.TSE Genel Kurul Salonunda d\u00fczenlenen t\u00f6rende konu\u015fan TSE Ba\u015fkan\u0131 Hulusi \u015eent\u00fcrk, son y\u0131llarda d\u00fcnyada \u201cg\u00fcvenli ye\u015fil bina\u201d ad\u0131 alt\u0131nda, ciddi bedellere belgelendirme yap\u0131ld\u0131\u011f\u0131n\u0131 s\u00f6yledi.<a href=\"https:\/\/www.enerjigazetesi.ist\/wp-content\/uploads\/2014\/10\/ye\u015fil-bina.jpg\"><img loading=\"lazy\" class=\"alignright size-full wp-image-32872\" src=\"https:\/\/www.enerjigazetesi.ist\/wp-content\/uploads\/2014\/10\/ye\u015fil-bina.jpg\" alt=\"ye\u015fil bina\" width=\"300\" height=\"300\" srcset=\"https:\/\/www.enerjigazetesi.ist\/wp-content\/uploads\/2014\/10\/ye\u015fil-bina.jpg 300w, https:\/\/www.enerjigazetesi.ist\/wp-content\/uploads\/2014\/10\/ye\u015fil-bina-150x150.jpg 150w, https:\/\/www.enerjigazetesi.ist\/wp-content\/uploads\/2014\/10\/ye\u015fil-bina-50x50.jpg 50w\" sizes=\"(max-width: 300px) 100vw, 300px\" \/><\/a><\/strong><\/p>\n<p>\u015eent\u00fcrk, 1,5 y\u0131l \u00f6nce s\u00f6z konusu belgenin TSE taraf\u0131ndan sa\u011flanmas\u0131n\u0131n kararla\u015ft\u0131r\u0131ld\u0131\u011f\u0131n\u0131, 55 uzman\u0131n kat\u0131l\u0131m\u0131yla \u201cg\u00fcvenli ye\u015fil bina\u201d kriterlerinin ve belgelendirme s\u00fcrecinin olu\u015fturuldu\u011funu ifade etti. \u0130lk sertifikay\u0131 da I\u011fd\u0131r \u00c7evre ve \u015eehircilik M\u00fcd\u00fcrl\u00fc\u011f\u00fcn\u00fcn almaya hak kazand\u0131\u011f\u0131n\u0131 belirten \u015eent\u00fcrk, g\u00fcvenli ye\u015fil binan\u0131n, \u00e7evreye zarar vermedi\u011fini, kullan\u0131c\u0131n\u0131n sa\u011fl\u0131\u011f\u0131n\u0131 tehdit etmedi\u011fini ve mimari y\u00f6nden bulunmas\u0131 gereken t\u00fcm \u015fartlar\u0131 sa\u011flad\u0131\u011f\u0131n\u0131 kaydetti.<\/p>\n<p>Bilim, Sanayi ve Teknoloji Bakanl\u0131\u011f\u0131 M\u00fcste\u015far\u0131 Ersan Aslan da s\u00f6z konusu belgeyi ilk kez I\u011fd\u0131r\u2019\u0131n almas\u0131n\u0131n \u00e7ok \u00f6nemli oldu\u011funu s\u00f6yledi. TSE\u2019nin son d\u00f6nemde yapt\u0131\u011f\u0131 \u00e7al\u0131\u015fmalarla d\u00fcnyan\u0131n her yerine a\u00e7\u0131ld\u0131\u011f\u0131na dikkati \u00e7eken Aslan, TSE\u2019yi kutlad\u0131\u011f\u0131n\u0131 ifade etti.<\/p>\n<p>\u201cT\u00fcrkiye\u2019nin her \u015fehrine \u00f6rnek olmal\u0131\u201d<\/p>\n<p>I\u011fd\u0131r Valisi Davut Haner de I\u011fd\u0131r\u2019\u0131n ye\u015fil bina belgesi almas\u0131n\u0131n T\u00fcrkiye\u2019nin her \u015fehrine \u00f6rnek olmas\u0131 gerekti\u011fini s\u00f6yledi.<\/p>\n<p>I\u011fd\u0131r \u00c7evre ve \u015eehircilik M\u00fcd\u00fcr\u00fc Hadi G\u00f6rkem Gen\u00e7t\u00fcrk de binalar\u0131n\u0131n enerji kullan\u0131m\u0131nda cimri, \u00e7evre dostu bir yap\u0131 oldu\u011funun tescillendi\u011fini kaydetti.<\/p>\n<p>Konu\u015fmalar\u0131n ard\u0131ndan TSE Ba\u015fkan\u0131 \u015eent\u00fcrk, I\u011fd\u0131r \u00c7evre ve \u015eehircilik M\u00fcd\u00fcrl\u00fc\u011f\u00fc \u00e7al\u0131\u015fanlar\u0131na belgeleri ile te\u015fekk\u00fcr plaketi verdi.<\/p>\n<p>Binalar\u0131n \u201cg\u00fcvenli ye\u015fil\u201d olarak tan\u0131mlanabilmesi i\u00e7in, s\u00fcrd\u00fcr\u00fclebilir arazi planlamas\u0131, su ve enerji tasarrufu, ekolojik malzeme kullan\u0131m\u0131, i\u00e7 ortam hava kalitesi, kullan\u0131c\u0131 sa\u011fl\u0131\u011f\u0131 ve konforu, ula\u015f\u0131m ve at\u0131klar\u0131n kontrol\u00fc, g\u00fcvenlik, akustik ve kirlilik gibi konularda belli standartlar\u0131 kar\u015f\u0131lamas\u0131 gerekiyor.<\/p>\n<p>Kaynak: AA<\/p>","protected":false},"excerpt":{"rendered":"<p>Sorry, this entry is only available in Turkish. For the sake of viewer convenience, the content is shown below in the alternative language. You may click the link to switch the active language.T\u00fcrk Standardlar\u0131 Enstit\u00fcs\u00fc\u2019n\u00fcn (TSE) ilk \u201cg\u00fcvenli ye\u015fil bina\u201d belgesi, I\u011fd\u0131r \u00c7evre ve \u015eehircilik M\u00fcd\u00fcrl\u00fc\u011f\u00fc hizmet binas\u0131na verildi.TSE Genel Kurul Salonunda d\u00fczenlenen t\u00f6rende konu\u015fan [&hellip;]<\/p>\n","protected":false},"author":1,"featured_media":32872,"comment_status":"open","ping_status":"open","sticky":false,"template":"","format":"standard","meta":[],"categories":[53,52],"tags":[19159,7837,4162,19160,87],"views":695,"_links":{"self":[{"href":"https:\/\/www.enerjigazetesi.ist\/en\/wp-json\/wp\/v2\/posts\/32871"}],"collection":[{"href":"https:\/\/www.enerjigazetesi.ist\/en\/wp-json\/wp\/v2\/posts"}],"about":[{"href":"https:\/\/www.enerjigazetesi.ist\/en\/wp-json\/wp\/v2\/types\/post"}],"author":[{"embeddable":true,"href":"https:\/\/www.enerjigazetesi.ist\/en\/wp-json\/wp\/v2\/users\/1"}],"replies":[{"embeddable":true,"href":"https:\/\/www.enerjigazetesi.ist\/en\/wp-json\/wp\/v2\/comments?post=32871"}],"version-history":[{"count":1,"href":"https:\/\/www.enerjigazetesi.ist\/en\/wp-json\/wp\/v2\/posts\/32871\/revisions"}],"predecessor-version":[{"id":32873,"href":"https:\/\/www.enerjigazetesi.ist\/en\/wp-json\/wp\/v2\/posts\/32871\/revisions\/32873"}],"wp:featuredmedia":[{"embeddable":true,"href":"https:\/\/www.enerjigazetesi.ist\/en\/wp-json\/wp\/v2\/media\/32872"}],"wp:attachment":[{"href":"https:\/\/www.enerjigazetesi.ist\/en\/wp-json\/wp\/v2\/media?parent=32871"}],"wp:term":[{"taxonomy":"category","embeddable":true,"href":"https:\/\/www.enerjigazetesi.ist\/en\/wp-json\/wp\/v2\/categories?post=32871"},{"taxonomy":"post_tag","embeddable":true,"href":"https:\/\/www.enerjigazetesi.ist\/en\/wp-json\/wp\/v2\/tags?post=32871"}],"curies":[{"name":"wp","href":"https:\/\/api.w.org\/{rel}","templated":true}]}}