{"id":32862,"date":"2014-10-27T22:46:44","date_gmt":"2014-10-27T19:46:44","guid":{"rendered":"https:\/\/www.enerjigazetesi.ist\/?p=32862"},"modified":"2014-10-27T22:46:44","modified_gmt":"2014-10-27T19:46:44","slug":"icsg-istanbul-2015-akilli-sebeke-akilci-kalkinma-2","status":"publish","type":"post","link":"https:\/\/www.enerjigazetesi.ist\/en\/icsg-istanbul-2015-akilli-sebeke-akilci-kalkinma-2\/","title":{"rendered":"(Turkish) ICSG \u0130stanbul 2015 Ak\u0131ll\u0131 \u015eebeke, Ak\u0131lc\u0131 Kalk\u0131nma&#8230;"},"content":{"rendered":"<p class=\"qtranxs-available-languages-message qtranxs-available-languages-message-en\">Sorry, this entry is only available in <a href=\"https:\/\/www.enerjigazetesi.ist\/tr\/wp-json\/wp\/v2\/posts\/32862\" class=\"qtranxs-available-language-link qtranxs-available-language-link-tr\" title=\"Turkish\">Turkish<\/a>. For the sake of viewer convenience, the content is shown below in the alternative language. You may click the link to switch the active language.<\/p><p><strong>\u201c3. Uluslararas\u0131 \u0130stanbul Ak\u0131ll\u0131 \u015eebekeler Kongre ve Fuar\u0131\u201d 29-30 Nisan 2015 <\/strong>tarihlerinde \u0130stanbul Hali\u00e7 Kongre Merkezi\u2019nde T.C. Bilim, Sanayi ve Teknoloji Bakanl\u0131\u011f\u0131, T.C. Enerji ve Tabii Kaynaklar Bakanl\u0131\u011f\u0131 ve UGETAM\u2019\u0131n himayelerinde ger\u00e7ekle\u015ftirilecektir. HHB Expo Fuar ve HHB Expo stratejik partneri Yedi24 Organizasyon taraf\u0131ndan koordine edilecek olan <strong>\u201c3. Uluslararas\u0131 \u0130stanbul Ak\u0131ll\u0131 \u015eebekeler Kongre ve Fuar\u0131\u201d<\/strong>n\u0131n 3. Y\u00fcr\u00fctme Kurulu Toplant\u0131s\u0131, Kongre Ba\u015fkan\u0131 ve ayn\u0131 zamanda UGETAM Y\u00f6netim Kurulu Ba\u015fkan\u0131 Say\u0131n Prof. Dr. \u00dcmit Do\u011fay Ar\u0131n\u00e7 ba\u015fta olmak \u00fczere, Kongre Ba\u015fkan Yard\u0131mc\u0131lar\u0131 T.C. Bilim Sanayi ve Teknoloji Bakanl\u0131\u011f\u0131 Metroloji ve Standardizasyon Genel M\u00fcd\u00fcr\u00fc Say\u0131n Prof. Dr. Necip Ca<a href=\"https:\/\/www.enerjigazetesi.ist\/wp-content\/uploads\/2014\/10\/icsg-istanbul-2015-akilli-sebeke-akilci-kalkinma-2.jpg\"><img loading=\"lazy\" class=\"alignright size-medium wp-image-32863\" src=\"https:\/\/www.enerjigazetesi.ist\/wp-content\/uploads\/2014\/10\/icsg-istanbul-2015-akilli-sebeke-akilci-kalkinma-2-300x199.jpg\" alt=\"icsg-istanbul-2015-akilli-sebeke-akilci-kalkinma-2\" width=\"300\" height=\"199\" srcset=\"https:\/\/www.enerjigazetesi.ist\/wp-content\/uploads\/2014\/10\/icsg-istanbul-2015-akilli-sebeke-akilci-kalkinma-2-300x199.jpg 300w, https:\/\/www.enerjigazetesi.ist\/wp-content\/uploads\/2014\/10\/icsg-istanbul-2015-akilli-sebeke-akilci-kalkinma-2-500x333.jpg 500w, https:\/\/www.enerjigazetesi.ist\/wp-content\/uploads\/2014\/10\/icsg-istanbul-2015-akilli-sebeke-akilci-kalkinma-2-75x50.jpg 75w, https:\/\/www.enerjigazetesi.ist\/wp-content\/uploads\/2014\/10\/icsg-istanbul-2015-akilli-sebeke-akilci-kalkinma-2.jpg 800w\" sizes=\"(max-width: 300px) 100vw, 300px\" \/><\/a>mu\u015fcu ve T\u00fcrkiye Enerji Vakf\u0131 Ba\u015fkan\u0131 Say\u0131n Hasan K\u00f6kta\u015f\u2019\u0131n yan\u0131 s\u0131ra EPDK, TEDA\u015e, TE\u0130A\u015e, UGETAM, DEIK, ELDER, GAZB\u0130R \u00fcst yetkililerinden olu\u015fan kurul \u00fcyelerinin te\u015frifleriyle ger\u00e7ekle\u015ftirilmi\u015ftir. ICSG Istanbul 2015 4. Y\u00fcr\u00fctme Kurulu Toplant\u0131s\u0131 23 Ekim 2014 tarihinde, \u201cAnkara Sanayici ve \u0130\u015f Adamlar\u0131 Derne\u011fi\u201dnin ev sahipli\u011finde ger\u00e7ekle\u015fmi\u015ftir.<\/p>\n<p><strong>D\u00fcnyadaki se\u00e7kin konu\u015fmac\u0131lar bu Kongre&#8217;de<\/strong><\/p>\n<p>IEEE\u2019nin eski ba\u015fkan\u0131, IEEE PES 3. B\u00f6lge Bilim Kurulu \u00dcyesi, CIGRE ABD Milli Komitesi (USNC) Teknik Faaliyetler Ba\u015fkan Yard\u0131mc\u0131s\u0131, IEEE PES Trafo Komitesi Eski Ba\u015fkan\u0131 ve Ak\u0131ll\u0131 \u015eebeke T\u00fcketici \u0130\u015fbirli\u011fi (SGCC) Kurulu Ba\u015fkan\u0131, GE Teknik Strateji ve Geli\u015ftirme Direkt\u00f6r\u00fc olan ve ayn\u0131 zamanda <strong>Beyaz Saray\u2019a dan\u0131\u015fmanl\u0131k yapan John McDonald<\/strong>, ICSG \u0130stanbul 2015 Kongre ve fuar\u0131na keynote speaker olarak kat\u0131laca\u011f\u0131n\u0131 teyit etmi\u015ftir. Ayr\u0131ca <strong>Ak\u0131ll\u0131 \u015eebekeler Avrupa Komisyonu Proje Lideri Gianluca Fulli<\/strong> ICSG \u0130stanbul 2015 <strong>keynote speaker<\/strong> teklifini kabul etmi\u015ftir.<\/p>\n<p><strong>Ka\u00e7\u0131r\u0131lmayacak Oturumlar <\/strong><\/p>\n<p>ICSG \u0130stanbul 2015 boyunca ikili i\u015f g\u00f6r\u00fc\u015fmeleri ve ticari anla\u015fmalar yan\u0131nda d\u00fcnyada ve T\u00fcrkiye\u2019deki enerji sekt\u00f6r\u00fcn\u00fcn \u00f6nemli konu ba\u015fl\u0131klar\u0131 \u0130stanbul Hali\u00e7 Kongre Merkezi\u2019nde ele al\u0131nacak olup oturumlarda h\u00fck\u00fcmet d\u00fczeyindeki heyetlerden, uluslararas\u0131 \u015firketlerin \u00fcst d\u00fczey y\u00f6neticileri yer alacak ve g\u00fcndemdeki \u00f6nemli konular\u0131 de\u011ferlendireceklerdir. Ka\u00e7\u0131r\u0131lmamas\u0131 gereken bu oturumlarda enerji sekt\u00f6r\u00fcn\u00fcn \u00f6nemli konu ba\u015fl\u0131klar\u0131nda g\u00fcncel bilgi edinme ve sunumlara ula\u015fma imkan\u0131 bulmak m\u00fcmk\u00fcn.<\/p>\n<p><strong>H\u00fck\u00fcmet heyetleri ICSG \u0130stanbul 2015\u2019de<\/strong><\/p>\n<p>ICSG \u0130stanbul 2015 i\u00e7in \u00f6zellikle, <strong>Amerika, \u0130ngiltere, Fransa, \u0130talya, Hollanda, <\/strong>\u00a0<strong>CIS \u00dclkeleri, Orta ve Do\u011fu Afrika, G\u00fcney Amerika ve Orta do\u011fu <\/strong>\u00fclkelerinden h\u00fck\u00fcmet ve b\u00fcrokrat d\u00fczeyinde heyetler fuara kat\u0131lacak ve \u00fccretsiz ikili g\u00f6r\u00fc\u015fmeler ger\u00e7ekle\u015fecektir.S\u00f6z konusu ikili g\u00f6r\u00fc\u015fmeler fuara kat\u0131lan \u015firketlere, yabanc\u0131 \u015firketlerle i\u015f birliklerini art\u0131rma imkan\u0131 sunacakt\u0131r.<\/p>\n<p><strong>Yurt \u0130\u00e7i ve Yurt D\u0131\u015f\u0131 Tan\u0131t\u0131mlar\u0131 Devam Ediyor<\/strong><\/p>\n<p>4-6 Kas\u0131m 2014 tarihleri aras\u0131nda T\u00fcrkiye partneri oldu\u011fumuz Amsterdam\u2019da ger\u00e7ekle\u015fecek olan European Utility Week Kongre ve Fuar\u0131\u2019nda ICSG \u0130stanbul 2015 tan\u0131t\u0131m\u0131 yap\u0131lacakt\u0131r.<\/p>\n<p>16-18 Kas\u0131m 2014 tarihlerinde \u00dcrd\u00fcn\u2019de Arabistan Yenilenebilir Enerji Komisyonu, \u00dcrd\u00fcn Yenilenebilir Enerji Derne\u011fi taraf\u0131ndan d\u00fczenlenecek olan IIFREEE 2014 International Investment Forum for Renewable Energy &amp; Energy Efficiency for MENA (Yenilenebilir Enerji ve Enerji Verimlili\u011fi i\u00e7in Uluslararas\u0131 Yat\u0131r\u0131m Forumu) Kongre ve Fuar\u0131&#8217;nda; ICSG \u0130stanbul 2015 Kongre ve Fuar\u0131n\u0131n tan\u0131t\u0131m\u0131 yap\u0131lacakt\u0131r.<\/p>\n<p>17 Kas\u0131m 2014 tarihinde ELDER taraf\u0131ndan d\u00fczenlenecek olan \u201c\u0130leti\u015fim Zirvesi\u201d Bursa Hilton Hotel yap\u0131lacak olup; stantl\u0131 kat\u0131l\u0131m ile ICSG \u0130stanbul 2015 Kongre ve Fuar\u0131&#8217;n\u0131n tan\u0131t\u0131m\u0131 yap\u0131lacakt\u0131r.<\/p>\n<p>\u00dclkemizin enerji alan\u0131ndaki kamu y\u00f6neticilerine, karar vericilere, \u00f6zel sekt\u00f6re, yat\u0131r\u0131mc\u0131lara ve enerji sekt\u00f6r\u00fcnde mal ve hizmet sunanlara yararl\u0131 olmas\u0131 ama\u00e7lanan 3. Uluslararas\u0131 \u0130stanbul Ak\u0131ll\u0131 \u015eebekeler Kongre ve Fuar\u0131\u2019na \u015fimdiden b\u00fcy\u00fck ilgi g\u00f6sterilmektedir.<\/p>\n<p><strong>3. Uluslararas\u0131 \u0130stanbul Ak\u0131ll\u0131 \u015eebekeler Kongre ve Fuar\u0131\u2019 ile ilgili detayl\u0131 bilgiye <\/strong><a href=\"http:\/\/www.icsgistanbul.com\/\"><strong>www.icsgistanbul.com<\/strong><\/a><\/p>\n<p><strong>Adresinden ula\u015fabilirsiniz.<\/strong><\/p>\n<p><strong><em>\u0130leti\u015fim: <\/em><\/strong><\/p>\n<p>Gizem Y\u00dcCEL, Genel Koordinat\u00f6r<\/p>\n<p>Mail\u00a0\u00a0\u00a0\u00a0\u00a0\u00a0 : <a href=\"mailto:gizem@hhbexpo.com.tr\">gizem@hhbexpo.com.tr<\/a><\/p>\n<p>Cep\u00a0\u00a0\u00a0\u00a0\u00a0\u00a0\u00a0 : +90 542 788 68 72<\/p>\n<p>Web\u00a0\u00a0\u00a0\u00a0\u00a0\u00a0 : <a href=\"http:\/\/www.icsgistanbul.com\/\">www.icsgistanbul.com<\/a>\u00a0\u00a0\u00a0 <a href=\"http:\/\/www.hhbexpo.com.tr\/\">www.hhbexpo.com.tr<\/a><\/p>\n<p>Yay\u0131nc\u0131: <a href=\"https:\/\/www.enerjigazetesi.ist\" target=\"_blank\">Enerji Gazetesi<\/a><\/p>","protected":false},"excerpt":{"rendered":"<p>Sorry, this entry is only available in Turkish. For the sake of viewer convenience, the content is shown below in the alternative language. You may click the link to switch the active language.\u201c3. Uluslararas\u0131 \u0130stanbul Ak\u0131ll\u0131 \u015eebekeler Kongre ve Fuar\u0131\u201d 29-30 Nisan 2015 tarihlerinde \u0130stanbul Hali\u00e7 Kongre Merkezi\u2019nde T.C. Bilim, Sanayi ve Teknoloji Bakanl\u0131\u011f\u0131, T.C. [&hellip;]<\/p>\n","protected":false},"author":1,"featured_media":32863,"comment_status":"open","ping_status":"open","sticky":false,"template":"","format":"standard","meta":[],"categories":[53],"tags":[17650,780,63,67,1009,165,19153,17649,19012,19013,2395],"views":703,"_links":{"self":[{"href":"https:\/\/www.enerjigazetesi.ist\/en\/wp-json\/wp\/v2\/posts\/32862"}],"collection":[{"href":"https:\/\/www.enerjigazetesi.ist\/en\/wp-json\/wp\/v2\/posts"}],"about":[{"href":"https:\/\/www.enerjigazetesi.ist\/en\/wp-json\/wp\/v2\/types\/post"}],"author":[{"embeddable":true,"href":"https:\/\/www.enerjigazetesi.ist\/en\/wp-json\/wp\/v2\/users\/1"}],"replies":[{"embeddable":true,"href":"https:\/\/www.enerjigazetesi.ist\/en\/wp-json\/wp\/v2\/comments?post=32862"}],"version-history":[{"count":1,"href":"https:\/\/www.enerjigazetesi.ist\/en\/wp-json\/wp\/v2\/posts\/32862\/revisions"}],"predecessor-version":[{"id":32864,"href":"https:\/\/www.enerjigazetesi.ist\/en\/wp-json\/wp\/v2\/posts\/32862\/revisions\/32864"}],"wp:featuredmedia":[{"embeddable":true,"href":"https:\/\/www.enerjigazetesi.ist\/en\/wp-json\/wp\/v2\/media\/32863"}],"wp:attachment":[{"href":"https:\/\/www.enerjigazetesi.ist\/en\/wp-json\/wp\/v2\/media?parent=32862"}],"wp:term":[{"taxonomy":"category","embeddable":true,"href":"https:\/\/www.enerjigazetesi.ist\/en\/wp-json\/wp\/v2\/categories?post=32862"},{"taxonomy":"post_tag","embeddable":true,"href":"https:\/\/www.enerjigazetesi.ist\/en\/wp-json\/wp\/v2\/tags?post=32862"}],"curies":[{"name":"wp","href":"https:\/\/api.w.org\/{rel}","templated":true}]}}