{"id":32794,"date":"2014-10-25T15:41:21","date_gmt":"2014-10-25T12:41:21","guid":{"rendered":"https:\/\/www.enerjigazetesi.ist\/?p=32794"},"modified":"2014-10-25T15:42:10","modified_gmt":"2014-10-25T12:42:10","slug":"fransanin-almanyadan-enerji-ithalati-artti","status":"publish","type":"post","link":"https:\/\/www.enerjigazetesi.ist\/en\/fransanin-almanyadan-enerji-ithalati-artti\/","title":{"rendered":"(Turkish) Fransa`n\u0131n Almanya`dan Enerji \u0130thalat\u0131 Artt\u0131&#8230;"},"content":{"rendered":"<p class=\"qtranxs-available-languages-message qtranxs-available-languages-message-en\">Sorry, this entry is only available in <a href=\"https:\/\/www.enerjigazetesi.ist\/tr\/wp-json\/wp\/v2\/posts\/32794\" class=\"qtranxs-available-language-link qtranxs-available-language-link-tr\" title=\"Turkish\">Turkish<\/a>. For the sake of viewer convenience, the content is shown below in the alternative language. You may click the link to switch the active language.<\/p><p><strong>Fransa`n\u0131n Almanya`dan enerji ithalat\u0131 Eyl\u00fcl ay\u0131nda 15 y\u0131l\u0131n en y\u00fcksek seviyesine \u00e7\u0131kt\u0131.<\/strong><\/p>\n<p>Fransa Eyl\u00fcl ay\u0131nda Almanya`da<a href=\"https:\/\/www.enerjigazetesi.ist\/wp-content\/uploads\/2014\/10\/fransanin-almanyadan-enerji-ithalati-artti.jpg\"><img loading=\"lazy\" class=\"alignleft size-medium wp-image-32795\" src=\"https:\/\/www.enerjigazetesi.ist\/wp-content\/uploads\/2014\/10\/fransanin-almanyadan-enerji-ithalati-artti-300x216.jpg\" alt=\"fransanin-almanyadan-enerji-ithalati-artti\" width=\"300\" height=\"216\" srcset=\"https:\/\/www.enerjigazetesi.ist\/wp-content\/uploads\/2014\/10\/fransanin-almanyadan-enerji-ithalati-artti-300x216.jpg 300w, https:\/\/www.enerjigazetesi.ist\/wp-content\/uploads\/2014\/10\/fransanin-almanyadan-enerji-ithalati-artti-500x360.jpg 500w, https:\/\/www.enerjigazetesi.ist\/wp-content\/uploads\/2014\/10\/fransanin-almanyadan-enerji-ithalati-artti-69x50.jpg 69w, https:\/\/www.enerjigazetesi.ist\/wp-content\/uploads\/2014\/10\/fransanin-almanyadan-enerji-ithalati-artti.jpg 550w\" sizes=\"(max-width: 300px) 100vw, 300px\" \/><\/a>n 1,27 TWh enerji ithalat\u0131 ger\u00e7ekle\u015ftirdi. Bu ise 1999 y\u0131l\u0131ndan bu yana kaydedilen en y\u00fcksek ithalat hacmi.<\/p>\n<p><strong>N\u00dcKLEER\u0130N PAYI \u00dc\u00c7 YILIN EN Y\u00dcKSE\u011e\u0130NDE<\/strong><\/p>\n<p>Ayn\u0131 zamanda, Fransa`n\u0131n enerji \u00fcretiminde n\u00fckleer enerjinin pay\u0131 da y\u00fczde 81 ile \u00fc\u00e7 y\u0131l\u0131n en y\u00fcksek seviyesini g\u00f6rd\u00fc.<\/p>\n<p>Fransa`n\u0131n toplam enerji kullan\u0131m\u0131 ge\u00e7en ay y\u00fczde 0,3 d\u00fc\u015f\u00fc\u015fle 33,31 TWh`a geriledi.<\/p>\n<p>Kaynak: <a href=\"http:\/\/enerjigunlugu.net\/fransanin-almanyadan-enerji-ithalati-artti_10575.html\" target=\"_blank\" rel=\"nofollow\">Enerji G\u00fcnl\u00fc\u011f\u00fc<\/a><\/p>","protected":false},"excerpt":{"rendered":"<p>Sorry, this entry is only available in Turkish. For the sake of viewer convenience, the content is shown below in the alternative language. You may click the link to switch the active language.Fransa`n\u0131n Almanya`dan enerji ithalat\u0131 Eyl\u00fcl ay\u0131nda 15 y\u0131l\u0131n en y\u00fcksek seviyesine \u00e7\u0131kt\u0131. Fransa Eyl\u00fcl ay\u0131nda Almanya`dan 1,27 TWh enerji ithalat\u0131 ger\u00e7ekle\u015ftirdi. Bu ise [&hellip;]<\/p>\n","protected":false},"author":1,"featured_media":32795,"comment_status":"open","ping_status":"open","sticky":false,"template":"","format":"standard","meta":[],"categories":[51,53],"tags":[929,68,61,63,67,1009,94,165,148,1346,71],"views":647,"_links":{"self":[{"href":"https:\/\/www.enerjigazetesi.ist\/en\/wp-json\/wp\/v2\/posts\/32794"}],"collection":[{"href":"https:\/\/www.enerjigazetesi.ist\/en\/wp-json\/wp\/v2\/posts"}],"about":[{"href":"https:\/\/www.enerjigazetesi.ist\/en\/wp-json\/wp\/v2\/types\/post"}],"author":[{"embeddable":true,"href":"https:\/\/www.enerjigazetesi.ist\/en\/wp-json\/wp\/v2\/users\/1"}],"replies":[{"embeddable":true,"href":"https:\/\/www.enerjigazetesi.ist\/en\/wp-json\/wp\/v2\/comments?post=32794"}],"version-history":[{"count":1,"href":"https:\/\/www.enerjigazetesi.ist\/en\/wp-json\/wp\/v2\/posts\/32794\/revisions"}],"predecessor-version":[{"id":32796,"href":"https:\/\/www.enerjigazetesi.ist\/en\/wp-json\/wp\/v2\/posts\/32794\/revisions\/32796"}],"wp:featuredmedia":[{"embeddable":true,"href":"https:\/\/www.enerjigazetesi.ist\/en\/wp-json\/wp\/v2\/media\/32795"}],"wp:attachment":[{"href":"https:\/\/www.enerjigazetesi.ist\/en\/wp-json\/wp\/v2\/media?parent=32794"}],"wp:term":[{"taxonomy":"category","embeddable":true,"href":"https:\/\/www.enerjigazetesi.ist\/en\/wp-json\/wp\/v2\/categories?post=32794"},{"taxonomy":"post_tag","embeddable":true,"href":"https:\/\/www.enerjigazetesi.ist\/en\/wp-json\/wp\/v2\/tags?post=32794"}],"curies":[{"name":"wp","href":"https:\/\/api.w.org\/{rel}","templated":true}]}}