{"id":32762,"date":"2014-10-24T15:37:57","date_gmt":"2014-10-24T12:37:57","guid":{"rendered":"https:\/\/www.enerjigazetesi.ist\/?p=32762"},"modified":"2014-10-24T15:37:57","modified_gmt":"2014-10-24T12:37:57","slug":"bakan-yildiz-yaz-saati-uygulamasiyla-500-milyon-lira-tasarruf-yapildi","status":"publish","type":"post","link":"https:\/\/www.enerjigazetesi.ist\/en\/bakan-yildiz-yaz-saati-uygulamasiyla-500-milyon-lira-tasarruf-yapildi\/","title":{"rendered":"(Turkish) Bakan Y\u0131ld\u0131z: \u201cYaz Saati Uygulamas\u0131yla 500 Milyon Lira Tasarruf Yap\u0131ld\u0131\u201d"},"content":{"rendered":"<p class=\"qtranxs-available-languages-message qtranxs-available-languages-message-en\">Sorry, this entry is only available in <a href=\"https:\/\/www.enerjigazetesi.ist\/tr\/wp-json\/wp\/v2\/posts\/32762\" class=\"qtranxs-available-language-link qtranxs-available-language-link-tr\" title=\"Turkish\">Turkish<\/a>. For the sake of viewer convenience, the content is shown below in the alternative language. You may click the link to switch the active language.<\/p><p><strong>Enerji ve Tabii Kaynaklar Bakan\u0131 Taner Y\u0131ld\u0131z, yaz saati uygulamas\u0131n\u0131n enerji tasarrufuna katk\u0131 sa\u011flad\u0131\u011f\u0131n\u0131 belirterek, \u201c\u015eu ana kadar 7 ayl\u0131k s\u00fcre i\u00e7erisinde toplam 1.7 milyar kilovatsaat enerjiden tasarrufumuz oldu. Bunun da parasal kar\u015f\u0131l\u0131\u011f\u0131 500 milyon lira civar\u0131nda\u201d<a href=\"https:\/\/www.enerjigazetesi.ist\/wp-content\/uploads\/2014\/10\/taner-y\u0131ld\u0131z-209303823.jpg\"><img loading=\"lazy\" class=\"alignleft size-medium wp-image-32763\" src=\"https:\/\/www.enerjigazetesi.ist\/wp-content\/uploads\/2014\/10\/taner-y\u0131ld\u0131z-209303823-300x198.jpg\" alt=\"taner-y\u0131ld\u0131z-209303823\" width=\"300\" height=\"198\" srcset=\"https:\/\/www.enerjigazetesi.ist\/wp-content\/uploads\/2014\/10\/taner-y\u0131ld\u0131z-209303823-300x198.jpg 300w, https:\/\/www.enerjigazetesi.ist\/wp-content\/uploads\/2014\/10\/taner-y\u0131ld\u0131z-209303823-500x331.jpg 500w, https:\/\/www.enerjigazetesi.ist\/wp-content\/uploads\/2014\/10\/taner-y\u0131ld\u0131z-209303823-75x50.jpg 75w, https:\/\/www.enerjigazetesi.ist\/wp-content\/uploads\/2014\/10\/taner-y\u0131ld\u0131z-209303823.jpg 800w\" sizes=\"(max-width: 300px) 100vw, 300px\" \/><\/a> dedi.<\/strong><span id=\"more-67679\"><\/span><\/p>\n<p>Y\u0131ld\u0131z, 26 Ekim\u2019de sona erecek yaz saati uygulamas\u0131na ili\u015fkin de\u011ferlendirmelerde bulundu. G\u00fcn \u0131\u015f\u0131\u011f\u0131ndan daha fazla faydalanabilmek i\u00e7in yaz saati uygulamas\u0131n\u0131n \u00f6nemli oldu\u011funu belirten Y\u0131ld\u0131z, valiliklerin bu konuda yetkileri oldu\u011funu ve gerekli durumlarda mesai saatlerini ayarlama yetkileri bulundu\u011funu dile getirdi.<\/p>\n<h4>\u201c\u00d6NEML\u0130 OLAN ENERJ\u0130 VER\u0130ML\u0130L\u0130\u011e\u0130\u201d<\/h4>\n<p>Valiliklerin, g\u00fcn \u0131\u015f\u0131\u011f\u0131na g\u00f6re mesai ba\u015flang\u0131\u00e7 saatlerini d\u00fczenleyebildi\u011fine dikkat \u00e7eken Y\u0131ld\u0131z, \u201c\u00c7al\u0131\u015fma saatleri i\u00e7in bir k\u0131s\u0131m valiliklerimiz 07.30\u2019da, bir k\u0131s\u0131m 08.00\u2019de, bir k\u0131s\u0131m da 08.30\u2019da mesai saatlerini d\u00fczenleyebilir. \u00d6nemli olan enerji tasarrufunu, enerji verimlili\u011fini artt\u0131rmakt\u0131r. Elde edece\u011fimiz tasarrufun, k\u0131\u015f aylar\u0131nda da devam edecek olmas\u0131 bizi sevindirir\u201d diye konu\u015ftu.<\/p>\n<h4>MESA\u0130 SAATLER\u0130 D\u00dcZENLENEB\u0130L\u0130R<\/h4>\n<p>T\u00fcrkiye\u2019nin do\u011fusu ile bat\u0131s\u0131 aras\u0131nda 76 dakikal\u0131k fark oldu\u011funu anlatan Y\u0131ld\u0131z, \u201cBu fark, \u00e7ok b\u00fcy\u00fck bir fark. Yaz\u0131n g\u00fcne\u015f daha erken do\u011fuyor, daha ge\u00e7 bat\u0131yor. G\u00fcn \u0131\u015f\u0131\u011f\u0131ndan daha fazla faydalan\u0131l\u0131yor. K\u0131\u015f\u0131n da valilerimizin g\u00fcn \u0131\u015f\u0131\u011f\u0131ndan daha fazla faydalanmak i\u00e7in mesai saatlerini ayarlama yetkileri var. Bu uygulamay\u0131 biz de do\u011fru buluyoruz\u201d de\u011ferlendirmesinde bulundu.<\/p>\n<p>Kaynak: <a href=\"http:\/\/www.ensonhaber.com\/yaz-saati-500-milyon-tasarruf-demek-2014-10-24.html\" target=\"_blank\" rel=\"nofollow\">ensonhaber<\/a><\/p>","protected":false},"excerpt":{"rendered":"<p>Sorry, this entry is only available in Turkish. For the sake of viewer convenience, the content is shown below in the alternative language. You may click the link to switch the active language.Enerji ve Tabii Kaynaklar Bakan\u0131 Taner Y\u0131ld\u0131z, yaz saati uygulamas\u0131n\u0131n enerji tasarrufuna katk\u0131 sa\u011flad\u0131\u011f\u0131n\u0131 belirterek, \u201c\u015eu ana kadar 7 ayl\u0131k s\u00fcre i\u00e7erisinde toplam [&hellip;]<\/p>\n","protected":false},"author":1,"featured_media":32763,"comment_status":"open","ping_status":"open","sticky":false,"template":"","format":"standard","meta":[],"categories":[53,52],"tags":[103,12,19086,667,109],"views":738,"_links":{"self":[{"href":"https:\/\/www.enerjigazetesi.ist\/en\/wp-json\/wp\/v2\/posts\/32762"}],"collection":[{"href":"https:\/\/www.enerjigazetesi.ist\/en\/wp-json\/wp\/v2\/posts"}],"about":[{"href":"https:\/\/www.enerjigazetesi.ist\/en\/wp-json\/wp\/v2\/types\/post"}],"author":[{"embeddable":true,"href":"https:\/\/www.enerjigazetesi.ist\/en\/wp-json\/wp\/v2\/users\/1"}],"replies":[{"embeddable":true,"href":"https:\/\/www.enerjigazetesi.ist\/en\/wp-json\/wp\/v2\/comments?post=32762"}],"version-history":[{"count":1,"href":"https:\/\/www.enerjigazetesi.ist\/en\/wp-json\/wp\/v2\/posts\/32762\/revisions"}],"predecessor-version":[{"id":32764,"href":"https:\/\/www.enerjigazetesi.ist\/en\/wp-json\/wp\/v2\/posts\/32762\/revisions\/32764"}],"wp:featuredmedia":[{"embeddable":true,"href":"https:\/\/www.enerjigazetesi.ist\/en\/wp-json\/wp\/v2\/media\/32763"}],"wp:attachment":[{"href":"https:\/\/www.enerjigazetesi.ist\/en\/wp-json\/wp\/v2\/media?parent=32762"}],"wp:term":[{"taxonomy":"category","embeddable":true,"href":"https:\/\/www.enerjigazetesi.ist\/en\/wp-json\/wp\/v2\/categories?post=32762"},{"taxonomy":"post_tag","embeddable":true,"href":"https:\/\/www.enerjigazetesi.ist\/en\/wp-json\/wp\/v2\/tags?post=32762"}],"curies":[{"name":"wp","href":"https:\/\/api.w.org\/{rel}","templated":true}]}}