{"id":32677,"date":"2014-10-21T20:41:48","date_gmt":"2014-10-21T17:41:48","guid":{"rendered":"https:\/\/www.enerjigazetesi.ist\/?p=32677"},"modified":"2014-10-21T20:41:48","modified_gmt":"2014-10-21T17:41:48","slug":"icsg-istanbul-2015-akilli-sebeke-akilci-kalkinma","status":"publish","type":"post","link":"https:\/\/www.enerjigazetesi.ist\/en\/icsg-istanbul-2015-akilli-sebeke-akilci-kalkinma\/","title":{"rendered":"(Turkish) ICSG \u0130stanbul 2015 Ak\u0131ll\u0131 \u015eebeke, Ak\u0131lc\u0131 Kalk\u0131nma&#8230;"},"content":{"rendered":"<p class=\"qtranxs-available-languages-message qtranxs-available-languages-message-en\">Sorry, this entry is only available in <a href=\"https:\/\/www.enerjigazetesi.ist\/tr\/wp-json\/wp\/v2\/posts\/32677\" class=\"qtranxs-available-language-link qtranxs-available-language-link-tr\" title=\"Turkish\">Turkish<\/a>. For the sake of viewer convenience, the content is shown below in the alternative language. You may click the link to switch the active language.<\/p><p><strong>T.C. Bilim, Sanayi ve Teknoloji Bakanl\u0131\u011f\u0131, T.C. Enerji ve Tabii Kaynaklar Bakanl\u0131\u011f\u0131 ve UGETAM\u2019\u0131n himayelerin de 29-30 Nisan 2015 tarihlerinde, \u0130stanbul Hali\u00e7 Kongre Merkezi\u2019nde 3.s\u00fc d\u00fczenlenecek olan \u201c3. Uluslararas\u0131 \u0130stanbul Ak\u0131ll\u0131 \u015eebekeler Kongre ve Fuar\u0131\u201d n\u0131n 2. Y\u00fcr\u00fctme Kurulu toplant\u0131s\u0131, Kongre Ba\u015fkan\u0131 olan ayn\u0131 zamanda UGETAM Y\u00f6netim Kurulu Ba\u015fkan\u0131 Say\u0131n Prof.Dr. \u00dcmit Do\u011fay Ar\u0131n\u00e7 ba\u015fta olmak \u00fczere, Kongre Ba\u015fkan Yard\u0131mc\u0131lar\u0131 T.C. Bilim Sanayi ve Teknoloji Bakanl\u0131\u011f\u0131 Metroloji ve Standardizasyon Genel M\u00fcd\u00fcr\u00fc Say\u0131n Prof. Dr. Necip Camu\u015fcu, T.C. Enerji ve Tabii Kaynaklar Bakanl\u0131\u011f\u0131 Enerji \u0130\u015fleri Genel M\u00fcd\u00fcr\u00fc Say\u0131n Dr. Zafer Demircan ve T\u00fcrkiye Enerji Vakf\u0131 Ba\u015fkan\u0131 Say\u0131n Hasan K\u00f6kta\u015f\u2019\u0131n yan\u0131 s\u0131ra kurumlardan, derneklerden ve firmalardan bir \u00e7ok \u00fcst d\u00fczey kat\u0131l\u0131mc\u0131n\u0131n te\u015frifleriyle 26 Eyl\u00fcl 2014 tarihinde, \u201cTUB\u0130TAK UME \u201dnin ev sahipli\u011finde ger\u00e7ekle\u015fmi\u015ftir.<\/strong><\/p>\n<p>A\u00e7\u0131l\u0131\u015f\u0131n\u0131 T.C. Bilim, Sanayi ve Teknoloji Bakan\u0131 Say\u0131n Fikri I\u015f\u0131k ve T.C. Enerji ve Tabii Kaynaklar Bakan\u0131 Say\u0131n Taner Y\u0131ld\u0131z\u2019\u0131n yapaca\u011f\u0131, T\u00fcrkiye\u2019nin b\u00f6lge ve \u00fclkeler aras\u0131nda enerji merkezi haline gelmesini sa\u011flayan ICSG \u0130stanbul 2015\u2019e bu y\u0131l da, yerli ve yabanc\u0131, elektrik, su, \u0131s\u0131 ve gaz sayac\u0131 \u00fcreten ve ithal eden firmalar, transformat\u00f6r \u00fcretici ve ithalat\u00e7\u0131 firmalar\u0131, co\u011frafi bilgi sistemi firmalar\u0131, yenilenebilir<a href=\"https:\/\/www.enerjigazetesi.ist\/wp-content\/uploads\/2014\/10\/icsg-istanbul-2015-akilli-sebeke-akilci-kalkinma.jpg\"><img loading=\"lazy\" class=\"alignleft size-medium wp-image-32678\" src=\"https:\/\/www.enerjigazetesi.ist\/wp-content\/uploads\/2014\/10\/icsg-istanbul-2015-akilli-sebeke-akilci-kalkinma-300x218.jpg\" alt=\"icsg-istanbul-2015-akilli-sebeke-akilci-kalkinma\" width=\"300\" height=\"218\" srcset=\"https:\/\/www.enerjigazetesi.ist\/wp-content\/uploads\/2014\/10\/icsg-istanbul-2015-akilli-sebeke-akilci-kalkinma-300x218.jpg 300w, https:\/\/www.enerjigazetesi.ist\/wp-content\/uploads\/2014\/10\/icsg-istanbul-2015-akilli-sebeke-akilci-kalkinma-500x363.jpg 500w, https:\/\/www.enerjigazetesi.ist\/wp-content\/uploads\/2014\/10\/icsg-istanbul-2015-akilli-sebeke-akilci-kalkinma-68x50.jpg 68w, https:\/\/www.enerjigazetesi.ist\/wp-content\/uploads\/2014\/10\/icsg-istanbul-2015-akilli-sebeke-akilci-kalkinma.jpg 600w\" sizes=\"(max-width: 300px) 100vw, 300px\" \/><\/a> enerji ve r\u00fczgar enerjisi firmalar\u0131, enerji depolama firmalar\u0131, faturalama hizmetleri firmalar\u0131, IT g\u00fcvenlik firmalar\u0131, modem \u00fcreticileri, elektrik ve do\u011fal gaz da\u011f\u0131t\u0131m \u015firketleri, organize sanayi b\u00f6lgeleri, belediyeler, uygunluk de\u011ferlendirme kurulu\u015flar\u0131, otomasyon firmalar\u0131, muayene, test ve kalibrasyon kurulu\u015flar\u0131, Ar-ge firmalar\u0131, enerji \u00fcretim\/iletim\/da\u011f\u0131t\u0131m firmalar\u0131, GSM operat\u00f6rleri, yaz\u0131l\u0131m firmalar\u0131, elektrikli ara\u00e7lar, su idareleri, telekom\u00fcnikasyon firmalar\u0131 ile ilgili 250 firma ve 5 bin sekt\u00f6r temsilcisinin kat\u0131lmas\u0131 bekleniyor.<\/p>\n<p>\u00d6n\u00fcm\u00fczdeki d\u00f6nemde mevcut enerji \u015febeke sisteminin ak\u0131ll\u0131 \u015febeke y\u00f6netim sistemine kayaca\u011f\u0131 ve uluslararas\u0131 anlamda daha yayg\u0131nla\u015faca\u011f\u0131 beklenmektedir. Bu kongrenin d\u00fcnyada giderek artan enerji talebinin daha rasyonel kullan\u0131lmas\u0131na ak\u0131ll\u0131 saya\u00e7 politik ve stratejileri ile ak\u0131ll\u0131 binalar ile otomasyon sistemlerine b\u00fcy\u00fck katk\u0131 sa\u011flanaca\u011f\u0131 d\u00fc\u015f\u00fcn\u00fclmektedir. Ak\u0131ll\u0131 \u015febekeler ile enerji kay\u0131plar\u0131n\u0131n b\u00fcy\u00fck oranda azalt\u0131lmas\u0131 beklenmekle birlikte, T\u00fcrkiye\u2019de ba\u015fka bir muadili olmayan ICSG \u0130stanbul Kongre ve Fuar\u0131 sekt\u00f6r i\u00e7in bir ilktir. \u0130hracat\u0131n geli\u015fimi ile ilgili olarak yarar sa\u011flamakla birlikte \u00fcretici firmalar i\u00e7in Orta Do\u011fuda ve CIS \u00dclkelerin de sermaye yapma imkan\u0131 sa\u011fl\u0131yor. Amerika ve Avrupa\u2019 da ki \u00fclkelerden T\u00fcrkiye\u2019de yat\u0131r\u0131m\u0131n artt\u0131r\u0131lmas\u0131na da katk\u0131da bulunmaktad\u0131r. Bu ba\u011flam da ICSG 2015 i\u00e7in \u00f6zellikle CIS \u00dclkeleri, Orta ve Do\u011fu Afrika, G\u00fcney Amerika ve Orta do\u011fu, \u0130ngiltere, \u00fclkelerinden h\u00fck\u00fcmet ve b\u00fcrokrat d\u00fczeyin de heyetler fuara kat\u0131lacakt\u0131r.<\/p>\n<p>ICSG \u0130stanbul 2015 i\u00e7in Almanya , \u0130ngiltere, \u0130talya, Danimarka, Hollanda ve Fransa ilgili kurumlar ile i\u015f birli\u011fi i\u00e7ine girilmi\u015f olup bu \u00fclkelerden kongreye heyetler gelecek ve Uluslararas\u0131 ikili g\u00f6r\u00fc\u015fmeler ger\u00e7ekle\u015fecektir.<\/p>\n<p><strong>4-6 Kas\u0131m 2014<\/strong> tarihleri aras\u0131nda T\u00fcrkiye partneri oldu\u011fumuz Amsterdam\u2019da ger\u00e7ekle\u015fecek olan European Utility Week Kongre ve Fuar\u0131\u2019nda ICSG \u0130stanbul 2015 tan\u0131t\u0131m\u0131 yap\u0131lacakt\u0131r.<\/p>\n<p>\u00dclkemizin enerji alan\u0131ndaki kamu y\u00f6neticilerine, karar vericilere, \u00f6zel sekt\u00f6re, yat\u0131r\u0131mc\u0131lara ve enerji sekt\u00f6r\u00fcnde mal ve hizmet sunanlara yararl\u0131 olmas\u0131 ama\u00e7lanan 3.Uluslararas\u0131 \u0130stanbul Ak\u0131ll\u0131 \u015eebekeler Kongre ve Fuar\u0131\u2019na \u015fimdiden b\u00fcy\u00fck ilgi g\u00f6sterilmektedir.<\/p>\n<p>ICSG \u0130stanbul 2015 te T\u00fcrkiyenin 2023 vizyonu ve \u2018 Ak\u0131ll\u0131 \u015eebeke, Ak\u0131lc\u0131 Kalk\u0131nma\u2019 temas\u0131 cercevesinde \u00fclkemizin \u2018 Ak\u0131ll\u0131 \u015eebekelerde Yol Haritas\u0131 \u2018 nin belirlenmesi hedeflenmektedir.<\/p>\n<p><strong>3. Uluslararas\u0131 \u0130stanbul Ak\u0131ll\u0131 \u015eebekeler Kongre ve Fuar\u0131\u2019<\/strong> ile ilgili detayl\u0131 bilgiye <a href=\"http:\/\/www.icsgistanbul.com%20\" target=\"_blank\"><strong>www.icsgistanbul.com<\/strong> <\/a>adresinden ula\u015fabilirsiniz.<\/p>\n<p>&nbsp;<\/p>","protected":false},"excerpt":{"rendered":"<p>Sorry, this entry is only available in Turkish. For the sake of viewer convenience, the content is shown below in the alternative language. You may click the link to switch the active language.T.C. Bilim, Sanayi ve Teknoloji Bakanl\u0131\u011f\u0131, T.C. Enerji ve Tabii Kaynaklar Bakanl\u0131\u011f\u0131 ve UGETAM\u2019\u0131n himayelerin de 29-30 Nisan 2015 tarihlerinde, \u0130stanbul Hali\u00e7 Kongre [&hellip;]<\/p>\n","protected":false},"author":1,"featured_media":32678,"comment_status":"open","ping_status":"open","sticky":false,"template":"","format":"standard","meta":[],"categories":[53],"tags":[17650,63,67,1009,165,17649,19012,19013,2395],"views":704,"_links":{"self":[{"href":"https:\/\/www.enerjigazetesi.ist\/en\/wp-json\/wp\/v2\/posts\/32677"}],"collection":[{"href":"https:\/\/www.enerjigazetesi.ist\/en\/wp-json\/wp\/v2\/posts"}],"about":[{"href":"https:\/\/www.enerjigazetesi.ist\/en\/wp-json\/wp\/v2\/types\/post"}],"author":[{"embeddable":true,"href":"https:\/\/www.enerjigazetesi.ist\/en\/wp-json\/wp\/v2\/users\/1"}],"replies":[{"embeddable":true,"href":"https:\/\/www.enerjigazetesi.ist\/en\/wp-json\/wp\/v2\/comments?post=32677"}],"version-history":[{"count":1,"href":"https:\/\/www.enerjigazetesi.ist\/en\/wp-json\/wp\/v2\/posts\/32677\/revisions"}],"predecessor-version":[{"id":32679,"href":"https:\/\/www.enerjigazetesi.ist\/en\/wp-json\/wp\/v2\/posts\/32677\/revisions\/32679"}],"wp:featuredmedia":[{"embeddable":true,"href":"https:\/\/www.enerjigazetesi.ist\/en\/wp-json\/wp\/v2\/media\/32678"}],"wp:attachment":[{"href":"https:\/\/www.enerjigazetesi.ist\/en\/wp-json\/wp\/v2\/media?parent=32677"}],"wp:term":[{"taxonomy":"category","embeddable":true,"href":"https:\/\/www.enerjigazetesi.ist\/en\/wp-json\/wp\/v2\/categories?post=32677"},{"taxonomy":"post_tag","embeddable":true,"href":"https:\/\/www.enerjigazetesi.ist\/en\/wp-json\/wp\/v2\/tags?post=32677"}],"curies":[{"name":"wp","href":"https:\/\/api.w.org\/{rel}","templated":true}]}}