{"id":32653,"date":"2014-10-21T09:53:45","date_gmt":"2014-10-21T06:53:45","guid":{"rendered":"https:\/\/www.enerjigazetesi.ist\/?p=32653"},"modified":"2014-10-21T09:53:45","modified_gmt":"2014-10-21T06:53:45","slug":"kose-yazisi-enerji-kapani-fiyat-tuzagi-ve-careler","status":"publish","type":"post","link":"https:\/\/www.enerjigazetesi.ist\/en\/kose-yazisi-enerji-kapani-fiyat-tuzagi-ve-careler\/","title":{"rendered":"(Turkish) K\u00f6\u015fe Yaz\u0131s\u0131: Enerji Kapan\u0131, Fiyat Tuza\u011f\u0131 ve \u00c7areler!"},"content":{"rendered":"<p class=\"qtranxs-available-languages-message qtranxs-available-languages-message-en\">Sorry, this entry is only available in <a href=\"https:\/\/www.enerjigazetesi.ist\/tr\/wp-json\/wp\/v2\/posts\/32653\" class=\"qtranxs-available-language-link qtranxs-available-language-link-tr\" title=\"Turkish\">Turkish<\/a>. For the sake of viewer convenience, the content is shown below in the alternative language. You may click the link to switch the active language.<\/p><p><em><strong>Okan M\u00fcderriso\u011flu \/ Sabah<\/strong><\/em><\/p>\n<p><strong>Ekonomide y\u00f6netilebilir risklerin yan\u0131nda, \u201cy\u00f6netilemez\u201d varsay\u0131lan d\u0131\u015fsal riskler de s\u00f6z konusudur. \u00d6rne\u011fin, T\u00fcrkiye i\u00e7in \u201cenerji\u201d bu ba\u015fl\u0131k alt\u0131nda de\u011ferlendirilir.<span id=\"more-67598\"><\/span> Enerji fiyatlar\u0131ndaki art\u0131\u015fa kur art\u0131\u015f\u0131 da eklendi mi, karar vericilere neredeyse hareket alan\u0131 kalmaz.<a href=\"https:\/\/www.enerjigazetesi.ist\/wp-content\/uploads\/2014\/10\/bota\u015f-do\u011falgaz-2978973823.jpg\"><img loading=\"lazy\" class=\"alignright size-medium wp-image-32654\" src=\"https:\/\/www.enerjigazetesi.ist\/wp-content\/uploads\/2014\/10\/bota\u015f-do\u011falgaz-2978973823-300x150.jpg\" alt=\"bota\u015f-do\u011falgaz-2978973823\" width=\"300\" height=\"150\" srcset=\"https:\/\/www.enerjigazetesi.ist\/wp-content\/uploads\/2014\/10\/bota\u015f-do\u011falgaz-2978973823-300x150.jpg 300w, https:\/\/www.enerjigazetesi.ist\/wp-content\/uploads\/2014\/10\/bota\u015f-do\u011falgaz-2978973823-500x249.jpg 500w, https:\/\/www.enerjigazetesi.ist\/wp-content\/uploads\/2014\/10\/bota\u015f-do\u011falgaz-2978973823-80x40.jpg 80w, https:\/\/www.enerjigazetesi.ist\/wp-content\/uploads\/2014\/10\/bota\u015f-do\u011falgaz-2978973823.jpg 870w\" sizes=\"(max-width: 300px) 100vw, 300px\" \/><\/a><\/strong><\/p>\n<p>Belki bir s\u00fcre, s\u00fcbvansiyonlarla idare edilebilir ama bu tercih de s\u00fcrd\u00fcr\u00fclebilir de\u011fildir. Peki \u201cenerji fiyatlar\u0131ndan kaynaklanan riskler T\u00fcrkiye i\u00e7in kader midir?\u201d Eski ekonomi yakla\u015f\u0131m\u0131nda \u00f6yleydi. Yani, ham petrol fiyatlar\u0131 artt\u0131 m\u0131, form\u00fcl\u00fc petrole ba\u011fl\u0131 do\u011falgaz fiyatlar\u0131 da artar ve bu ikili enerji s\u0131k\u0131\u015ft\u0131rmas\u0131, nda da etkisini g\u00f6sterir, tam anlam\u0131yla \u201cfiyat tuza\u011f\u0131na\u201d d\u00fc\u015f\u00fcl\u00fcrd\u00fc. T\u00fcrkiye ekonomisinin g\u00fcncel manada enerji kapan\u0131ndan kurtuldu\u011fu s\u00f6ylenemez. Lakin yeni ekonomi yakla\u015f\u0131m\u0131nda kader \u00e7izgisini de\u011fi\u015ftirecek stratejik ad\u0131mlar\u0131n at\u0131ld\u0131\u011f\u0131 s\u00f6ylenebilir.<\/p>\n<p>***<\/p>\n<p>Ge\u00e7ti\u011fimiz hafta SETA\u2019da \u00f6nemli bir panel vard\u0131. \u201cEnerji Arz G\u00fcvenli\u011fi ve G\u00fcney Gaz Koridoru.\u201d SETA Genel Koordinat\u00f6r\u00fc Burhanettin Duran\u2019\u0131n ev sahipli\u011findeki panelde, SETA Ankara\u2019dan Prof. Dr. Erdal Tanas Karag\u00f6l ile ara\u015ft\u0131rma asistan\u0131 Salihe Kaya taraf\u0131ndan haz\u0131rlanan rapor tart\u0131\u015f\u0131ld\u0131. Enerji ve Tabii Kaynaklar Bakan\u0131 Taner Y\u0131ld\u0131z, BP T\u00fcrkiye CEO\u2019su Bud Fackrell\u2019la kat\u0131ld\u0131\u011f\u0131m oturumda, Azerbaycan \u015eah Deniz II\u2019de ke\u015ffedilen 1.2 trilyon m3 do\u011falgaz\u0131n 2018\u2019de T\u00fcrkiye\u2019ye, 2019\u2019da Avrupa\u2019ya ula\u015ft\u0131r\u0131lmas\u0131n\u0131n beraberinde getirece\u011fi sonu\u00e7lar ele al\u0131nd\u0131. Projenin T\u00fcrkiye aya\u011f\u0131 \u201cTANAP\u201d olarak biliniyor ve dileyen internet taramas\u0131 ile ayr\u0131nt\u0131l\u0131 bilgilere ula\u015fabilir. Benim \u00fczerinde durmak istedi\u011fim husus, \u201cenerji diplomasisinin ekonomik yans\u0131malar\u0131.\u201d<\/p>\n<p>***<\/p>\n<p>T\u00fcrkiye, uluslararas\u0131 enerji denkleminde \u201cge\u00e7i\u015f \u00fclkesi\u201d olman\u0131n \u00f6tesinde bir konuma ta\u015f\u0131n\u0131yor. D\u00fcnyadaki petrol ve do\u011falgaz kaynaklar\u0131n\u0131n y\u00fczde 74\u2019\u00fc T\u00fcrkiye\u2019nin \u00e7evresindeki \u00fclkelerde bulunuyor. Ve T\u00fcrkiye ilk kez enerjiyi ithal veya \u00fc\u00e7\u00fcnc\u00fc \u00fclkelere transfer eden \u00fclke konumundan kurtuluyor. Enerjinin bulundu\u011fu merkezlerde do\u011frudan \u201csaha \u00fcreticisi\u201d haline geliyor. Bu, Hazar Denizi\u2019nde de b\u00f6yle Kuzey Irak ve Libya\u2019da da\u2026<\/p>\n<p>DEVAMI \u0130\u00c7\u0130N <a href=\"http:\/\/www.sabah.com.tr\/yazarlar\/muderrisoglu\/2014\/10\/21\/enerji-kapani-fiyat-tuzagi-ve-careler\" target=\"_blank\" rel=\"nofollow\">TIKLAYINIZ&gt;&gt;&gt;<\/a><\/p>\n<p>Kaynak: Enerji Enstit\u00fcs\u00fc<\/p>","protected":false},"excerpt":{"rendered":"<p>Sorry, this entry is only available in Turkish. For the sake of viewer convenience, the content is shown below in the alternative language. You may click the link to switch the active language.Okan M\u00fcderriso\u011flu \/ Sabah Ekonomide y\u00f6netilebilir risklerin yan\u0131nda, \u201cy\u00f6netilemez\u201d varsay\u0131lan d\u0131\u015fsal riskler de s\u00f6z konusudur. \u00d6rne\u011fin, T\u00fcrkiye i\u00e7in \u201cenerji\u201d bu ba\u015fl\u0131k alt\u0131nda de\u011ferlendirilir. [&hellip;]<\/p>\n","protected":false},"author":1,"featured_media":32654,"comment_status":"open","ping_status":"open","sticky":false,"template":"","format":"standard","meta":[],"categories":[46,53],"tags":[18996,92,343,774,18997,18998,11409,3238,2297,667,18999],"views":515,"_links":{"self":[{"href":"https:\/\/www.enerjigazetesi.ist\/en\/wp-json\/wp\/v2\/posts\/32653"}],"collection":[{"href":"https:\/\/www.enerjigazetesi.ist\/en\/wp-json\/wp\/v2\/posts"}],"about":[{"href":"https:\/\/www.enerjigazetesi.ist\/en\/wp-json\/wp\/v2\/types\/post"}],"author":[{"embeddable":true,"href":"https:\/\/www.enerjigazetesi.ist\/en\/wp-json\/wp\/v2\/users\/1"}],"replies":[{"embeddable":true,"href":"https:\/\/www.enerjigazetesi.ist\/en\/wp-json\/wp\/v2\/comments?post=32653"}],"version-history":[{"count":1,"href":"https:\/\/www.enerjigazetesi.ist\/en\/wp-json\/wp\/v2\/posts\/32653\/revisions"}],"predecessor-version":[{"id":32655,"href":"https:\/\/www.enerjigazetesi.ist\/en\/wp-json\/wp\/v2\/posts\/32653\/revisions\/32655"}],"wp:featuredmedia":[{"embeddable":true,"href":"https:\/\/www.enerjigazetesi.ist\/en\/wp-json\/wp\/v2\/media\/32654"}],"wp:attachment":[{"href":"https:\/\/www.enerjigazetesi.ist\/en\/wp-json\/wp\/v2\/media?parent=32653"}],"wp:term":[{"taxonomy":"category","embeddable":true,"href":"https:\/\/www.enerjigazetesi.ist\/en\/wp-json\/wp\/v2\/categories?post=32653"},{"taxonomy":"post_tag","embeddable":true,"href":"https:\/\/www.enerjigazetesi.ist\/en\/wp-json\/wp\/v2\/tags?post=32653"}],"curies":[{"name":"wp","href":"https:\/\/api.w.org\/{rel}","templated":true}]}}