{"id":32647,"date":"2014-10-21T09:28:31","date_gmt":"2014-10-21T06:28:31","guid":{"rendered":"https:\/\/www.enerjigazetesi.ist\/?p=32647"},"modified":"2014-10-21T09:55:01","modified_gmt":"2014-10-21T06:55:01","slug":"guris-holding-efeler-jeotermal-enerji-santralinin-ikinci-fazini-tamamladi","status":"publish","type":"post","link":"https:\/\/www.enerjigazetesi.ist\/en\/guris-holding-efeler-jeotermal-enerji-santralinin-ikinci-fazini-tamamladi\/","title":{"rendered":"(Turkish) G\u00dcR\u0130\u015e Holding, Efeler Jeotermal Santrali\u2019nin \u0130kinci Faz\u0131n\u0131 Tamamlad\u0131!"},"content":{"rendered":"<p class=\"qtranxs-available-languages-message qtranxs-available-languages-message-en\">Sorry, this entry is only available in <a href=\"https:\/\/www.enerjigazetesi.ist\/tr\/wp-json\/wp\/v2\/posts\/32647\" class=\"qtranxs-available-language-link qtranxs-available-language-link-tr\" title=\"Turkish\">Turkish<\/a>. For the sake of viewer convenience, the content is shown below in the alternative language. You may click the link to switch the active language.<\/p><p><strong>G\u00dcR\u0130\u015e Holding, Germencik\u2019teki Efeler Jeotermal Enerji Santrali\u2019nin (JES) ikinci faz\u0131n\u0131 tamamlad\u0131. Ger\u00e7ekle\u015ftirilen yat\u0131r\u0131mla 69,9 MW \u00fcretim kapasitesine ula\u015fan Efeler JES, T\u00fcrkiye\u2019nin lider, Avrupa\u2019n\u0131n ikinci b\u00fcy\u00fck jeotermal enerji \u00fcretim merkezi haline gelme yolunda bir ad\u0131m daha att\u0131.<a href=\"https:\/\/www.enerjigazetesi.ist\/wp-content\/uploads\/2014\/10\/g\u00fcri\u015f-efeler-jes.jpg\"><img loading=\"lazy\" class=\"alignright size-medium wp-image-32648\" src=\"https:\/\/www.enerjigazetesi.ist\/wp-content\/uploads\/2014\/10\/g\u00fcri\u015f-efeler-jes-300x200.jpg\" alt=\"g\u00fcri\u015f-efeler-jes\" width=\"300\" height=\"200\" srcset=\"https:\/\/www.enerjigazetesi.ist\/wp-content\/uploads\/2014\/10\/g\u00fcri\u015f-efeler-jes-300x200.jpg 300w, https:\/\/www.enerjigazetesi.ist\/wp-content\/uploads\/2014\/10\/g\u00fcri\u015f-efeler-jes-500x333.jpg 500w, https:\/\/www.enerjigazetesi.ist\/wp-content\/uploads\/2014\/10\/g\u00fcri\u015f-efeler-jes-75x50.jpg 75w, https:\/\/www.enerjigazetesi.ist\/wp-content\/uploads\/2014\/10\/g\u00fcri\u015f-efeler-jes.jpg 870w\" sizes=\"(max-width: 300px) 100vw, 300px\" \/><\/a><\/strong><\/p>\n<p><span id=\"more-67596\"><\/span>G\u00dcR\u0130\u015e \u0130n\u015faat A.\u015e. Y\u00f6netim Kurulu Ba\u015fkan\u0131 ve Genel M\u00fcd\u00fcr\u00fc M\u00fc\u015ffik H. Yamant\u00fcrk, \u201cEnerji ithalat\u00e7\u0131s\u0131 konumunda olan \u00fclkemizde, G\u00dcR\u0130\u015e olarak, Efeler JES\u2019in \u00fcretti\u011fi enerji ile 825.000 bin konut ve i\u015fyerinin elektrik ihtiyac\u0131 kar\u015f\u0131lanacakt\u0131r. K\u00fcresel \u0131s\u0131nmayla m\u00fccadelenin giderek daha b\u00fcy\u00fck \u00f6nem kazand\u0131\u011f\u0131 g\u00fcn\u00fcm\u00fczde, gelecek ku\u015faklara daha ya\u015fanabilir bir d\u00fcnya b\u0131rak\u0131lmas\u0131na katk\u0131da bulunmaktan b\u00fcy\u00fck mutluluk duyuyoruz\u201d dedi.<\/p>\n<p>G\u00dcR\u0130\u015e, Ayd\u0131n Germencik\u2019teki Efeler Jeotermal Enerji Santrali\u2019ni (JES) T\u00fcrkiye\u2019nin lider Avrupa\u2019n\u0131n ikinci b\u00fcy\u00fck jeotermal enerji \u00fcretim merkezine d\u00f6n\u00fc\u015ft\u00fcr\u00fcyor. Efeler JES\u2019in 22.5 MW kapasiteli ikinci santrali 1 Ekim 2014\u2019de hizmete girdi. Toplamda 232,3 MW \u00fcretim kapasitesine sahip olacak jeotermal santralleri y\u0131lda 1.920.000.000 kWh elektrik \u00fcretecek, T\u00fcrkiye\u2019de 825.000 konut ve i\u015fyerinin bir y\u0131ll\u0131k elektrik ve \u0131s\u0131nma ihtiyac\u0131n\u0131 kar\u015f\u0131layacakt\u0131r. Bu yat\u0131r\u0131mla G\u00dcR\u0130\u015e Holding T\u00fcrkiye\u2019nin toplam jeotermal enerji \u00fcretiminin y\u00fczde 25\u2019ini tek ba\u015f\u0131na ger\u00e7ekle\u015ftirmi\u015f olacakt\u0131r. \u0130kinci santralin devreye girmesiyle birlikte 69,9 MW \u00fcretim kapasitesine ula\u015fan jeotermal yat\u0131r\u0131mlar\u0131 h\u0131zla devam etmektedir. Yat\u0131r\u0131m\u0131n 3. a\u015famas\u0131 Ocak 2015\u2019de, takip eden di\u011fer a\u015famalar\u0131 ise 2015 y\u0131l\u0131 i\u00e7inde her 4 ayda bir devreye girecektir.<\/p>\n<p>Kaynak: Enerji Enstit\u00fcs\u00fc<\/p>","protected":false},"excerpt":{"rendered":"<p>Sorry, this entry is only available in Turkish. For the sake of viewer convenience, the content is shown below in the alternative language. You may click the link to switch the active language.G\u00dcR\u0130\u015e Holding, Germencik\u2019teki Efeler Jeotermal Enerji Santrali\u2019nin (JES) ikinci faz\u0131n\u0131 tamamlad\u0131. Ger\u00e7ekle\u015ftirilen yat\u0131r\u0131mla 69,9 MW \u00fcretim kapasitesine ula\u015fan Efeler JES, T\u00fcrkiye\u2019nin lider, Avrupa\u2019n\u0131n [&hellip;]<\/p>\n","protected":false},"author":1,"featured_media":32648,"comment_status":"open","ping_status":"open","sticky":false,"template":"","format":"standard","meta":[],"categories":[53,48],"tags":[18990,18991,6320,18992,18993,105],"views":1149,"_links":{"self":[{"href":"https:\/\/www.enerjigazetesi.ist\/en\/wp-json\/wp\/v2\/posts\/32647"}],"collection":[{"href":"https:\/\/www.enerjigazetesi.ist\/en\/wp-json\/wp\/v2\/posts"}],"about":[{"href":"https:\/\/www.enerjigazetesi.ist\/en\/wp-json\/wp\/v2\/types\/post"}],"author":[{"embeddable":true,"href":"https:\/\/www.enerjigazetesi.ist\/en\/wp-json\/wp\/v2\/users\/1"}],"replies":[{"embeddable":true,"href":"https:\/\/www.enerjigazetesi.ist\/en\/wp-json\/wp\/v2\/comments?post=32647"}],"version-history":[{"count":2,"href":"https:\/\/www.enerjigazetesi.ist\/en\/wp-json\/wp\/v2\/posts\/32647\/revisions"}],"predecessor-version":[{"id":32656,"href":"https:\/\/www.enerjigazetesi.ist\/en\/wp-json\/wp\/v2\/posts\/32647\/revisions\/32656"}],"wp:featuredmedia":[{"embeddable":true,"href":"https:\/\/www.enerjigazetesi.ist\/en\/wp-json\/wp\/v2\/media\/32648"}],"wp:attachment":[{"href":"https:\/\/www.enerjigazetesi.ist\/en\/wp-json\/wp\/v2\/media?parent=32647"}],"wp:term":[{"taxonomy":"category","embeddable":true,"href":"https:\/\/www.enerjigazetesi.ist\/en\/wp-json\/wp\/v2\/categories?post=32647"},{"taxonomy":"post_tag","embeddable":true,"href":"https:\/\/www.enerjigazetesi.ist\/en\/wp-json\/wp\/v2\/tags?post=32647"}],"curies":[{"name":"wp","href":"https:\/\/api.w.org\/{rel}","templated":true}]}}