{"id":32643,"date":"2014-10-20T22:14:58","date_gmt":"2014-10-20T19:14:58","guid":{"rendered":"https:\/\/www.enerjigazetesi.ist\/?p=32643"},"modified":"2014-10-20T22:15:55","modified_gmt":"2014-10-20T19:15:55","slug":"solartr-2014-gunesi-hak-ettigi-yere-getirecek","status":"publish","type":"post","link":"https:\/\/www.enerjigazetesi.ist\/en\/solartr-2014-gunesi-hak-ettigi-yere-getirecek\/","title":{"rendered":"(Turkish) \u201cSolartr 2014 G\u00fcne\u015f\u2019i Hak Etti\u011fi Yere Getirecek&#8230;\u201d"},"content":{"rendered":"<p class=\"qtranxs-available-languages-message qtranxs-available-languages-message-en\">Sorry, this entry is only available in <a href=\"https:\/\/www.enerjigazetesi.ist\/tr\/wp-json\/wp\/v2\/posts\/32643\" class=\"qtranxs-available-language-link qtranxs-available-language-link-tr\" title=\"Turkish\">Turkish<\/a>. For the sake of viewer convenience, the content is shown below in the alternative language. You may click the link to switch the active language.<\/p><p><strong>19 \u2013 21 Kas\u0131m tarihlerinde \u0130zmir&#8217;de ger\u00e7ekle\u015ftirilecek olan SolarTR 2014&#8217;\u00fcn Y\u00fcr\u00fctme Kurulu Ba\u015fkan\u0131 Prof. Dr. G\u00fcnnur Ko\u00e7ar, T\u00fcrkiye&#8217;nin bir g\u00fcne\u015f \u00fclkesi olmas\u0131na ra\u011fmen, Karadeniz B\u00f6lgesi\u2019nden bile daha az g\u00fcne\u015f alan Almanya gibi Avrupa\u2019n\u0131n kuzey \u00fclkelerinde g\u00fcne\u015f enerjisinin kurulu g\u00fcc\u00fcn\u00fcn T\u00fcrkiye\u2019den 300 kat fazla oldu\u011funu s\u00f6yledi.<\/strong><\/p>\n<p><strong>G\u00fcne\u015ften gelen enerji 10 dakika tutulsa t\u00fcm d\u00fcnyan\u0131n 1 y\u0131ll\u0131k enerji ihtiyac\u0131n\u0131n kar\u015f\u0131lanaca\u011f\u0131n\u0131 belirten Ko\u00e7ar, \u201cG\u00fcne\u015f, bu kadar b\u00fcy\u00fck bir potansiyele sahipken bu do\u011fal g\u00fc\u00e7 potansiyeli mutlaka de\u011ferlendirilmelidir. SOLAR TR 2014 ile biz bu g\u00fcc\u00fcn fark\u0131na var\u0131lmas\u0131n\u0131 sa\u011flayaca\u011f\u0131z ve g\u00fcne\u015fi hak etti\u011fi yere getirece\u011fiz\u201d dedi.<\/strong><\/p>\n<p>\u00d6nemi giderek artan g\u00fcne\u015f enerjisinin yayg\u0131n kullan\u0131m\u0131nda, yenilik\u00e7i teknoloji ve uygulamalar\u0131 konu alan \u201cSOLARTR 2014\u201d, 19 \u2013 21 Kas\u0131m tarihleri aras\u0131nda \u0130zmir\u2019de \u00fcniversiteden sanayiye, kamudan uygulamac\u0131ya b\u00fct\u00fcn payda\u015flar\u0131n kat\u0131l\u0131m\u0131 ile ger\u00e7ekle\u015fecek.<\/p>\n<p>G\u00fcne\u015f enerjisi alan\u0131nda yap\u0131lan en \u00f6nemli uluslararas\u0131 konferanslardan biri olan SolarTR 2014&#8217;\u00fcn Y\u00fcr\u00fctm<a href=\"https:\/\/www.enerjigazetesi.ist\/wp-content\/uploads\/2014\/10\/solartr-2014-gunesi-hak-ettigi-yere-getirecek.jpg\"><img loading=\"lazy\" class=\"alignright wp-image-32644 size-medium\" src=\"https:\/\/www.enerjigazetesi.ist\/wp-content\/uploads\/2014\/10\/solartr-2014-gunesi-hak-ettigi-yere-getirecek-300x224.jpg\" alt=\"solartr-2014-gunesi-hak-ettigi-yere-getirecek\" width=\"300\" height=\"224\" srcset=\"https:\/\/www.enerjigazetesi.ist\/wp-content\/uploads\/2014\/10\/solartr-2014-gunesi-hak-ettigi-yere-getirecek-300x224.jpg 300w, https:\/\/www.enerjigazetesi.ist\/wp-content\/uploads\/2014\/10\/solartr-2014-gunesi-hak-ettigi-yere-getirecek-500x374.jpg 500w, https:\/\/www.enerjigazetesi.ist\/wp-content\/uploads\/2014\/10\/solartr-2014-gunesi-hak-ettigi-yere-getirecek-66x50.jpg 66w, https:\/\/www.enerjigazetesi.ist\/wp-content\/uploads\/2014\/10\/solartr-2014-gunesi-hak-ettigi-yere-getirecek.jpg 600w\" sizes=\"(max-width: 300px) 100vw, 300px\" \/><\/a>e Kurulu Ba\u015fkanl\u0131\u011f\u0131&#8217;n\u0131 y\u00fcr\u00fcten Prof. Dr. G\u00fcnnur Ko\u00e7ar, T\u00fcrkiye&#8217;nin \u00e7ok \u00f6nemli bir g\u00fcne\u015f enerjisi potansiyeli oldu\u011funu vurgulayarak, g\u00fcnde ortalama 7,2 saat g\u00fcne\u015flenme s\u00fcresiyle iklim de\u011fi\u015fikli\u011fiyle m\u00fccadele etmek ve d\u00fcnyan\u0131n giri\u015fti\u011fi d\u00fc\u015f\u00fck karbonlu zenginle\u015fme yar\u0131\u015f\u0131nda \u00f6ne ge\u00e7mek i\u00e7in her \u015feye sahip olundu\u011funu belirtti.<\/p>\n<p><strong>\u201cT\u00fcrkiye G\u00fcne\u015f enerjili su \u0131s\u0131tmada d\u00fcnya \u00fc\u00e7\u00fcnc\u00fcs\u00fc\u201d<\/strong><\/p>\n<p>T\u00fcrkiye&#8217;de g\u00fcne\u015fin g\u00fcc\u00fcn\u00fcn fark edildi\u011fini ve bu alanda \u00f6nemli yat\u0131r\u0131mlar yap\u0131ld\u0131\u011f\u0131n\u0131 s\u00f6yleyen Ko\u00e7ar, \u201cT\u00fcrkiye, g\u00fcne\u015ften s\u0131cak su \u0131s\u0131tma konusunda kurulu g\u00fc\u00e7 bak\u0131m\u0131ndan d\u00fcnyada \u00fc\u00e7\u00fcnc\u00fc s\u0131rada bulunuyor. Yakla\u015f\u0131k 20 milyon m2\u2018lik monte edilmi\u015f g\u00fcne\u015f kolekt\u00f6rleri ile \u015fu anda \u00e7at\u0131larda enerji toplan\u0131yor ve s\u0131cak su elde ediliyor. S\u0131cak su eldesinde kulland\u0131\u011f\u0131m\u0131z g\u00fcne\u015f enerjisinin kar\u015f\u0131l\u0131\u011f\u0131 630 bin ton petrol e\u015fde\u011feri olarak ger\u00e7ekle\u015fti. T\u00fcrkiye bu alanda \u00e7evre \u00fclkelere de hitap eden y\u00fcksek bir imalat kapasitesine sahip. Ancak buna ra\u011fmen \u00fclkemizdeki enerji t\u00fcketim al\u0131\u015fkanl\u0131klar\u0131 \u00e7er\u00e7evesinde g\u00fcne\u015f \u0131s\u0131lda katedilecek \u00e7ok mesafe var. D\u00fcnyan\u0131n 3&#8217;\u00fcnc\u00fc en b\u00fcy\u00fck \u00fcreticisi olmam\u0131za ra\u011fmen \u015fu anda g\u00fcne\u015f zengini b\u00f6lgelerimizdeki binalarda bile do\u011falgaz gibi yenilenemeyen ve ithal enerji kaynaklar\u0131 t\u00fcketilerek elde etti\u011fimiz s\u0131cak suyu kullan\u0131yoruz\u201d dedi.<\/p>\n<p><strong>\u201cT\u00fcrkiye g\u00fcne\u015ften elektrik \u00fcretiminde Kuzey \u00dclkelerinin bile \u00e7ok gerisinde\u201d<\/strong><\/p>\n<p>G\u00fcne\u015f enerjisinden elektrik \u00fcretimi \u00fclkemizde h\u0131zla geli\u015fmekle birlikte halen kurulu g\u00fcc\u00fcn ihmal edilebilecek d\u00fczeyde az oldu\u011funa de\u011finen Ko\u00e7ar, T\u00fcrkiye\u2019nin ki\u015fi ba\u015f\u0131na fotovoltaik kurulu g\u00fc\u00e7 kapasitesinin kuzey \u00fclkelerinden bile d\u00fc\u015f\u00fck oldu\u011funu, T\u00fcrkiye&#8217;nin bir g\u00fcne\u015f \u00fclkesi olmas\u0131na ra\u011fmen, Karadeniz B\u00f6lgesi\u2019nden bile daha az g\u00fcne\u015f alan Almanya gibi Avrupa\u2019n\u0131n kuzey \u00fclkelerinde g\u00fcne\u015f enerjisi kurulu g\u00fcc\u00fcn\u00fcn T\u00fcrkiye\u2019den 300 kat daha fazla oldu\u011funu s\u00f6yledi.<\/p>\n<p>\u201cT\u00fcrkiye arazisinin y\u00fczde 0,21\u2019lik b\u00f6l\u00fcm\u00fc bile zengin g\u00fcne\u015f enerjisi potansiyeli ile T\u00fcrkiye\u2019nin 2050 y\u0131l\u0131nda \u00f6ng\u00f6rd\u00fc\u011f\u00fc elektrik talebinin tamam\u0131n\u0131 kar\u015f\u0131lamaya yetiyor\u201d diyen Ko\u00e7ar, g\u00fcne\u015ften s\u0131cak su ve elektrik enerjisi elde etmenin yan\u0131nda, konutlar\u0131n \u0131s\u0131t\u0131lmas\u0131, so\u011futulmas\u0131, \u0131s\u0131tmaya yard\u0131mc\u0131 \u00f6n \u0131s\u0131tma ve sanayideki s\u0131cak veya k\u0131zg\u0131n su proseslerinde de g\u00fcne\u015ften yararlan\u0131labilece\u011fini, mimari ve planlama yakla\u015f\u0131mlar\u0131 ile binalardan \u015fehirlere g\u00fcne\u015f merkezli d\u00f6n\u00fc\u015f\u00fcme ba\u015flanabilece\u011fini ifade etti.<\/p>\n<p><strong>\u201cSOLARTR 2014 g\u00fcne\u015fi hak etti\u011fi yere getirecek\u201d<\/strong><\/p>\n<p>G\u00fcne\u015f enerjisi sekt\u00f6r\u00fcn\u00fcn t\u00fcm payda\u015flar\u0131 olarak 19 \u2013 21 Kas\u0131m tarihlerinde \u0130zmir&#8217;de ger\u00e7ekle\u015ftirilecek olan SOLARTR 2014&#8217;te bulu\u015facaklar\u0131n\u0131 ve T\u00fcrkiye&#8217;de g\u00fcne\u015fin hak etti\u011fi yere gelmesini sa\u011flayacaklar\u0131n\u0131 belirten Ko\u00e7ar, g\u00fcne\u015ften gelen enerjinin 10 dakika tutulsa d\u00fcnyan\u0131n 1 y\u0131ll\u0131k enerji ihtiyac\u0131n\u0131n kar\u015f\u0131lanaca\u011f\u0131n\u0131 belirtti.<\/p>\n<p>Ko\u00e7ar, \u201cSOLARTR 2014 ile biz bu g\u00fcc\u00fcn fark\u0131na var\u0131lmas\u0131n\u0131 sa\u011flayaca\u011f\u0131z. G\u00fcne\u015f enerji potansiyelimiz \u00e7ok y\u00fcksek. G\u00fcne\u015f, bu kadar b\u00fcy\u00fck bir potansiyele sahip ve biz de \u00fclke olarak \u00e7ok \u015fansl\u0131 bir konumda iken, bu do\u011fal g\u00fc\u00e7 potansiyelini mutlaka de\u011ferlendirmeliyiz. SOLARTR 2014 sekt\u00f6r\u00fcn t\u00fcm payda\u015flar\u0131n\u0131n dahil oldu\u011fu \u00e7ok \u00f6nemli bir organizasyon. \u00d6nemi giderek artan ve d\u00fc\u015f\u00fck karbon ekonomisinin \u00f6nemli kald\u0131ra\u00e7lar\u0131ndan olan g\u00fcne\u015f enerjisinin yayg\u0131n kullan\u0131m\u0131nda yenilik\u00e7i teknoloji ve uygulamalar\u0131 konu alan, bilim ve teknoloji a\u011f\u0131rl\u0131kl\u0131, uluslararas\u0131 konferans ve sergi etkinli\u011fi SOLARTR 2014; \u00fcniversite, sanayi, kamu kurum ve kurulu\u015flar\u0131, sivil toplum \u00f6rg\u00fctleri i\u015fbirli\u011finde ger\u00e7ekle\u015ftirilecek. Konferansta; h\u0131zl\u0131 b\u00fcy\u00fcmekte olan g\u00fcne\u015f enerjisi sekt\u00f6r\u00fcn\u00fcn etkin geli\u015fimi, tehditlerin giderilmesi ve engellerin kald\u0131r\u0131lmas\u0131 i\u00e7in \u00f6nerilerle birlikte mevzuat ve gereklilikleri, sorun ve \u00e7\u00f6z\u00fcm \u00f6nerileri, b\u00fct\u00fcnle\u015fik sekt\u00f6r yap\u0131lanmas\u0131n\u0131n ulusal, b\u00f6lgesel ve uluslararas\u0131 boyutta ihtiya\u00e7lar\u0131 dile getirilecek, geli\u015ftirilen bilimsel ve teknolojik yenilikler payla\u015f\u0131lacak. G\u00fcne\u015f Enerjisi payda\u015flar\u0131n\u0131n biraraya gelerek t\u00fcm y\u00f6nleriyle sekt\u00f6r\u00fc ve geli\u015fimini de\u011ferlendirmelerine platform te\u015fkil etmek \u00fczere kurgulanan, SOLARTR 2014, ara\u015ft\u0131rmac\u0131dan sanayiye, kamudan tasar\u0131m ve uygulamac\u0131ya t\u00fcm taraflar\u0131 biraraya getirdi\u011fi i\u00e7in ayr\u0131 bir \u00f6neme de sahip\u201d \u015feklinde konu\u015ftu.<\/p>\n<p>Ko\u00e7ar s\u00f6zlerini \u201c\u00d6nceli\u011fimiz, t\u00fcm payda\u015flar\u0131n faydalanabilece\u011fi, \u00fclkemizde G\u00fcne\u015f\u2019in hak etti\u011fi sayg\u0131y\u0131 kazanmas\u0131nda yard\u0131mc\u0131 olabilecek \u00f6nemli bir bilgi ve tecr\u00fcbe de\u011fi\u015fim platformunu te\u015fkil edebilmek ve s\u00fcrd\u00fcr\u00fclebilirli\u011fini sa\u011flamak.\u201d diyerek tamamlad\u0131.<\/p>\n<p><strong>SOLARTR 2014 Hakk\u0131nda<\/strong><\/p>\n<p>G\u00fcne\u015f enerjisinin yayg\u0131n kullan\u0131m\u0131nda yenilik\u00e7i teknoloji ve uygulamalar\u0131 konu alan, bilim ve teknoloji a\u011f\u0131rl\u0131kl\u0131, uluslararas\u0131 konferans ve sergi etkinli\u011fi \u201cSOLARTR 2014\u201d; 19-21 Kas\u0131m 2014 tarihleri aras\u0131nda, Swissotel B\u00fcy\u00fck Efes \u0130zmir\u2019de ger\u00e7ekle\u015ftirilecek. T\u00fcrkiye g\u00fcne\u015f enerjisi sekt\u00f6r\u00fcn\u00fcn \u00f6nc\u00fc kurulu\u015flar\u0131 i\u015fbirli\u011finde d\u00fczenlenecek\u201cSOLARTR 2014\u201d, g\u00fcne\u015f enerjisi sekt\u00f6r\u00fcn\u00fcn geli\u015fimi i\u00e7in \u00f6neriler ve teknolojik yeniliklerle birlikte \u00f6nemli bir bilgi ve tecr\u00fcbe de\u011fi\u015fim platformunu da te\u015fkil edecektir.<\/p>\n<p>Konferansta, g\u00fcne\u015f enerjisi teknolojileri (FV, Is\u0131l) ve yeni e\u011filimler, FV malzeme ve cihazlar\u0131n\u0131n \u00f6l\u00e7\u00fcm ve karakterizasyonu, FV enerji tesisleri, yo\u011funla\u015ft\u0131r\u0131lm\u0131\u015f g\u00fcne\u015f enerjisi (CSP, CPV), g\u00fcne\u015f enerjisi sistemlerinin i\u015fletimi, performans\u0131 ve g\u00fcvenilirli\u011fi, g\u00fcne\u015f \u0131s\u0131l ve g\u00fcne\u015f elektri\u011fi sekt\u00f6r\u00fc ve pazar dinamikleri, kent planlamas\u0131nda g\u00fcne\u015f enerjisi, g\u00fcne\u015f enerjisi ile \u0131s\u0131tma ve so\u011futma, b\u00fcy\u00fck \u00f6l\u00e7ekli sistemler, sanayi \u00fcretim s\u00fcre\u00e7leri ile g\u00fcne\u015f \u0131s\u0131l enerjisinin b\u00fct\u00fcnle\u015ftirilmesi, binalarda b\u00fct\u00fcnle\u015fik g\u00fcne\u015f enerjisi sistemleri, binalar\u0131n yenilenmesinde g\u00fcne\u015f enerjisi kullan\u0131m\u0131, s\u0131f\u0131r enerjili binalarda g\u00fcne\u015f enerjisinin rol\u00fc, enerji depolama sistemleri, hibrid sistemler, de\u011ferlendirme ve sertifikaland\u0131rma prosed\u00fcrleri, yeni malzeme ve yakla\u015f\u0131mlar, y\u00f6netmelikler, \u00e7er\u00e7eve mevzuat ve b\u00f6lgesel kalk\u0131nma, g\u00fcne\u015f enerjisinde yenilik\u00e7i finansman modelleri, Ar-Ge, \u00dcr-Ge ve gelecek i\u015fbirlikleri, \u00e7evre sa\u011fl\u0131\u011f\u0131 ve i\u015f g\u00fcvenli\u011fi konular\u0131 \u00e7ok y\u00f6nl\u00fc olarak ele al\u0131nacak.<\/p>\n<p><strong>SOLARTR 2014<\/strong> ile ilgili;<\/p>\n<p><strong>Detayl\u0131 Bilgi \u0130\u00e7in:<\/strong> konferans@solartr.org.tr &#8211; www.solartr.org.tr<\/p>\n<p>Yay\u0131nc\u0131: <a href=\"https:\/\/www.enerjigazetesi.ist\" target=\"_blank\">Enerji Gazetesi<\/a><\/p>","protected":false},"excerpt":{"rendered":"<p>Sorry, this entry is only available in Turkish. For the sake of viewer convenience, the content is shown below in the alternative language. You may click the link to switch the active language.19 \u2013 21 Kas\u0131m tarihlerinde \u0130zmir&#8217;de ger\u00e7ekle\u015ftirilecek olan SolarTR 2014&#8217;\u00fcn Y\u00fcr\u00fctme Kurulu Ba\u015fkan\u0131 Prof. Dr. G\u00fcnnur Ko\u00e7ar, T\u00fcrkiye&#8217;nin bir g\u00fcne\u015f \u00fclkesi olmas\u0131na ra\u011fmen, [&hellip;]<\/p>\n","protected":false},"author":1,"featured_media":32644,"comment_status":"open","ping_status":"open","sticky":false,"template":"","format":"standard","meta":[],"categories":[53,49],"tags":[63,67,1009,165,2257,2403,227,16387,13,2206,2676,18989,1405,16388],"views":1038,"_links":{"self":[{"href":"https:\/\/www.enerjigazetesi.ist\/en\/wp-json\/wp\/v2\/posts\/32643"}],"collection":[{"href":"https:\/\/www.enerjigazetesi.ist\/en\/wp-json\/wp\/v2\/posts"}],"about":[{"href":"https:\/\/www.enerjigazetesi.ist\/en\/wp-json\/wp\/v2\/types\/post"}],"author":[{"embeddable":true,"href":"https:\/\/www.enerjigazetesi.ist\/en\/wp-json\/wp\/v2\/users\/1"}],"replies":[{"embeddable":true,"href":"https:\/\/www.enerjigazetesi.ist\/en\/wp-json\/wp\/v2\/comments?post=32643"}],"version-history":[{"count":2,"href":"https:\/\/www.enerjigazetesi.ist\/en\/wp-json\/wp\/v2\/posts\/32643\/revisions"}],"predecessor-version":[{"id":32646,"href":"https:\/\/www.enerjigazetesi.ist\/en\/wp-json\/wp\/v2\/posts\/32643\/revisions\/32646"}],"wp:featuredmedia":[{"embeddable":true,"href":"https:\/\/www.enerjigazetesi.ist\/en\/wp-json\/wp\/v2\/media\/32644"}],"wp:attachment":[{"href":"https:\/\/www.enerjigazetesi.ist\/en\/wp-json\/wp\/v2\/media?parent=32643"}],"wp:term":[{"taxonomy":"category","embeddable":true,"href":"https:\/\/www.enerjigazetesi.ist\/en\/wp-json\/wp\/v2\/categories?post=32643"},{"taxonomy":"post_tag","embeddable":true,"href":"https:\/\/www.enerjigazetesi.ist\/en\/wp-json\/wp\/v2\/tags?post=32643"}],"curies":[{"name":"wp","href":"https:\/\/api.w.org\/{rel}","templated":true}]}}