{"id":32634,"date":"2014-10-20T18:24:53","date_gmt":"2014-10-20T15:24:53","guid":{"rendered":"https:\/\/www.enerjigazetesi.ist\/?p=32634"},"modified":"2014-10-20T18:24:53","modified_gmt":"2014-10-20T15:24:53","slug":"norvec-rusya-gazi-keserse-norvec-gazinin-talebi-karsilamayacagini-bildirdi","status":"publish","type":"post","link":"https:\/\/www.enerjigazetesi.ist\/en\/norvec-rusya-gazi-keserse-norvec-gazinin-talebi-karsilamayacagini-bildirdi\/","title":{"rendered":"(Turkish) Norve\u00e7, Rusya Gaz\u0131 Keserse Norve\u00e7 Gaz\u0131n\u0131n Talebi Kar\u015f\u0131lamayaca\u011f\u0131n\u0131 Bildirdi!"},"content":{"rendered":"<p class=\"qtranxs-available-languages-message qtranxs-available-languages-message-en\">Sorry, this entry is only available in <a href=\"https:\/\/www.enerjigazetesi.ist\/tr\/wp-json\/wp\/v2\/posts\/32634\" class=\"qtranxs-available-language-link qtranxs-available-language-link-tr\" title=\"Turkish\">Turkish<\/a>. For the sake of viewer convenience, the content is shown below in the alternative language. You may click the link to switch the active language.<\/p><p><strong><a class=\"ktg6us78hf8vdu7\"><span style=\"text-decoration: underline;\">Norve\u00e7<\/span><\/a> Petrol ve Enerji Bakan\u0131 Lien, AB\u2019li yetkililere g\u00f6nderdi\u011fi mektupta, Rusya\u2019n\u0131n gaz\u0131 kesmesi durumunda Norve\u00e7 gaz\u0131n\u0131n talebi kar\u015f\u0131lamayaca\u011f\u0131n\u0131 iletti.\u00a0<a class=\"ktg6us78hf8vdu7\"><span style=\"text-decoration: underline;\">Norve<\/span><\/a>\u00e7 Petrol ve E<img loading=\"lazy\" class=\"alignright size-medium wp-image-32635\" src=\"https:\/\/www.enerjigazetesi.ist\/wp-content\/uploads\/2014\/10\/norvec-rusya-gazi-keserse-norvec-gazinin-talebi-karsilamayacagini-bildirdi-300x218.jpg\" alt=\"norvec-rusya-gazi-keserse-norvec-gazinin-talebi-karsilamayacagini-bildirdi\" width=\"300\" height=\"218\" srcset=\"https:\/\/www.enerjigazetesi.ist\/wp-content\/uploads\/2014\/10\/norvec-rusya-gazi-keserse-norvec-gazinin-talebi-karsilamayacagini-bildirdi-300x218.jpg 300w, https:\/\/www.enerjigazetesi.ist\/wp-content\/uploads\/2014\/10\/norvec-rusya-gazi-keserse-norvec-gazinin-talebi-karsilamayacagini-bildirdi-500x364.jpg 500w, https:\/\/www.enerjigazetesi.ist\/wp-content\/uploads\/2014\/10\/norvec-rusya-gazi-keserse-norvec-gazinin-talebi-karsilamayacagini-bildirdi-68x50.jpg 68w, https:\/\/www.enerjigazetesi.ist\/wp-content\/uploads\/2014\/10\/norvec-rusya-gazi-keserse-norvec-gazinin-talebi-karsilamayacagini-bildirdi.jpg 607w\" sizes=\"(max-width: 300px) 100vw, 300px\" \/>nerji Bakan\u0131 Tord Lien, Rusya\u2019n\u0131n gaz vanalar\u0131n\u0131 kapatmas\u0131 durumunda Avrupa i\u00e7in yeterli alternatif olamayacaklar\u0131n\u0131 Avrupa Birli\u011fi (AB) yetkililerine mektupla iletti.<\/strong><\/p>\n<p>Norve\u00e7\u2019teki Aftenposten gazetesinin haberine g\u00f6re, Bakan <a class=\"ktg6us78hf8vdu7\"><span style=\"text-decoration: underline;\">Lien<\/span><\/a>, bir s\u00fcre \u00f6nce AB yetkililerine mektup g\u00f6ndererek, AB \u00fcyesi 28 \u00fclkenin ihtiyac\u0131n\u0131 kar\u015f\u0131layacak durumda olmad\u0131klar\u0131n\u0131 <span id=\"o06jofd7m65_7\" class=\"o06jofd7m65\">yazd<\/span>\u0131.<\/p>\n<p>Mektubunda \u00fcretim kapasitesinin artt\u0131r\u0131lmas\u0131n\u0131n m\u00fcmk\u00fcn olmad\u0131\u011f\u0131 vurgulayan Lien, bunun denenmesi halinde ise sisteme a\u015f\u0131r\u0131 y\u00fck binece\u011fini kaydetti.<\/p>\n<p>Avrupa\u2019da, Rusya\u2019dan sonra en \u00f6nemli gaz tedarik\u00e7isi olan Norve\u00e7\u2019e temmuz ay\u0131nda ba\u015fvuran AB yetkilileri, Norve\u00e7\u2019in katk\u0131s\u0131n\u0131 bildirmesini istemi\u015fti. 25 Eyl\u00fcl\u2019de AB yetkilileriyle Norve\u00e7 aras\u0131nda ikincisi yap\u0131lan enerji konferans\u0131nda da Avrupa \u00fclkelerinin <a class=\"ktg6us78hf8vdu7\"><span style=\"text-decoration: underline;\">gaz s\u0131k\u0131nt\u0131s\u0131<\/span><\/a> ya\u015famas\u0131 durumunda Norve\u00e7\u2019in arz potansiyeli ele al\u0131nm\u0131\u015ft\u0131.<\/p>\n<p>Bu y\u0131l 106 milyar k\u00fcbik gaz \u00fcreten Norve\u00e7\u2019in gelecek y\u0131l i\u00e7in planlanan \u00fcretim miktar\u0131 105 milyar k\u00fcbik. Bu rakamlar da Norve\u00e7\u2019in var olan anla\u015fmalardan daha fazla gaz aktar\u0131m\u0131n\u0131 sa\u011flayamayaca\u011f\u0131n\u0131 g\u00f6steriyor.<\/p>\n<p>Kaynak:\u00a0<a href=\"http:\/\/www.bloomberght.com\/haberler\/haber\/1647481-norvec-avrupaya-fazla-gaz-veremeyecegini-bildirdi\" target=\"_blank\" rel=\"nofollow\">Bloomberg HT<\/a><\/p>","protected":false},"excerpt":{"rendered":"<p>Sorry, this entry is only available in Turkish. For the sake of viewer convenience, the content is shown below in the alternative language. You may click the link to switch the active language.Norve\u00e7 Petrol ve Enerji Bakan\u0131 Lien, AB\u2019li yetkililere g\u00f6nderdi\u011fi mektupta, Rusya\u2019n\u0131n gaz\u0131 kesmesi durumunda Norve\u00e7 gaz\u0131n\u0131n talebi kar\u015f\u0131lamayaca\u011f\u0131n\u0131 iletti.\u00a0Norve\u00e7 Petrol ve Enerji Bakan\u0131 [&hellip;]<\/p>\n","protected":false},"author":1,"featured_media":32635,"comment_status":"open","ping_status":"open","sticky":false,"template":"","format":"standard","meta":[],"categories":[46,53],"tags":[2132,92,226,63,67,1009,165,17389,18982,8018,4221,14421,18983],"views":778,"_links":{"self":[{"href":"https:\/\/www.enerjigazetesi.ist\/en\/wp-json\/wp\/v2\/posts\/32634"}],"collection":[{"href":"https:\/\/www.enerjigazetesi.ist\/en\/wp-json\/wp\/v2\/posts"}],"about":[{"href":"https:\/\/www.enerjigazetesi.ist\/en\/wp-json\/wp\/v2\/types\/post"}],"author":[{"embeddable":true,"href":"https:\/\/www.enerjigazetesi.ist\/en\/wp-json\/wp\/v2\/users\/1"}],"replies":[{"embeddable":true,"href":"https:\/\/www.enerjigazetesi.ist\/en\/wp-json\/wp\/v2\/comments?post=32634"}],"version-history":[{"count":1,"href":"https:\/\/www.enerjigazetesi.ist\/en\/wp-json\/wp\/v2\/posts\/32634\/revisions"}],"predecessor-version":[{"id":32636,"href":"https:\/\/www.enerjigazetesi.ist\/en\/wp-json\/wp\/v2\/posts\/32634\/revisions\/32636"}],"wp:featuredmedia":[{"embeddable":true,"href":"https:\/\/www.enerjigazetesi.ist\/en\/wp-json\/wp\/v2\/media\/32635"}],"wp:attachment":[{"href":"https:\/\/www.enerjigazetesi.ist\/en\/wp-json\/wp\/v2\/media?parent=32634"}],"wp:term":[{"taxonomy":"category","embeddable":true,"href":"https:\/\/www.enerjigazetesi.ist\/en\/wp-json\/wp\/v2\/categories?post=32634"},{"taxonomy":"post_tag","embeddable":true,"href":"https:\/\/www.enerjigazetesi.ist\/en\/wp-json\/wp\/v2\/tags?post=32634"}],"curies":[{"name":"wp","href":"https:\/\/api.w.org\/{rel}","templated":true}]}}