{"id":32631,"date":"2014-10-20T18:10:37","date_gmt":"2014-10-20T15:10:37","guid":{"rendered":"https:\/\/www.enerjigazetesi.ist\/?p=32631"},"modified":"2014-10-20T18:10:37","modified_gmt":"2014-10-20T15:10:37","slug":"kose-yazisi-dunyada-komur-fiyati-yuzde-47-dustu-turkiyede-yuzde-35-artti","status":"publish","type":"post","link":"https:\/\/www.enerjigazetesi.ist\/en\/kose-yazisi-dunyada-komur-fiyati-yuzde-47-dustu-turkiyede-yuzde-35-artti\/","title":{"rendered":"(Turkish) K\u00f6\u015fe Yaz\u0131s\u0131: D\u00fcnyada K\u00f6m\u00fcr Fiyat\u0131 Y\u00fczde 47 D\u00fc\u015ft\u00fc, T\u00fcrkiye\u2019de Y\u00fczde 35 Artt\u0131&#8230;"},"content":{"rendered":"<p class=\"qtranxs-available-languages-message qtranxs-available-languages-message-en\">Sorry, this entry is only available in <a href=\"https:\/\/www.enerjigazetesi.ist\/tr\/wp-json\/wp\/v2\/posts\/32631\" class=\"qtranxs-available-language-link qtranxs-available-language-link-tr\" title=\"Turkish\">Turkish<\/a>. For the sake of viewer convenience, the content is shown below in the alternative language. You may click the link to switch the active language.<\/p><p><strong>D\u00fcnya ekonomisinde b\u00fcy\u00fcme h\u0131z\u0131 yava\u015flad\u0131\u011f\u0131ndan emtia fiyatlar\u0131 h\u0131zla geriliyor. \u00d6zellikle \u00c7in ekonomisinin y\u00fczde 10 d\u00fczeyinde olan b\u00fcy\u00fcme h\u0131z\u0131n\u0131n son \u00fc\u00e7 y\u0131ld\u0131r y\u00fczde 7 d\u00fczeyine gerilemesi hammadde talebini azalt\u0131yor.<span id=\"more-67579\"><\/span> Yine Avrupa ekonomilerindeki durgunluk emtia fiyatlar\u0131n\u0131n azalmas\u0131na neden oluyor.<\/strong><\/p>\n<p><strong>Peki, niye bu konuyu ele al\u0131yoruz?<\/strong><\/p>\n<p>\u015eundan ele al\u0131yoruz. D\u00fcnya ekonomisinin <a href=\"https:\/\/www.enerjigazetesi.ist\/wp-content\/uploads\/2014\/10\/kose-yazisi-dunyada-komur-fiyati-yuzde-47-dustu-turkiyede-yuzde-35-artti.jpg\"><img loading=\"lazy\" class=\"alignleft size-medium wp-image-32632\" src=\"https:\/\/www.enerjigazetesi.ist\/wp-content\/uploads\/2014\/10\/kose-yazisi-dunyada-komur-fiyati-yuzde-47-dustu-turkiyede-yuzde-35-artti-300x205.jpg\" alt=\"kose-yazisi-dunyada-komur-fiyati-yuzde-47-dustu-turkiyede-yuzde-35-artti\" width=\"300\" height=\"205\" srcset=\"https:\/\/www.enerjigazetesi.ist\/wp-content\/uploads\/2014\/10\/kose-yazisi-dunyada-komur-fiyati-yuzde-47-dustu-turkiyede-yuzde-35-artti-300x205.jpg 300w, https:\/\/www.enerjigazetesi.ist\/wp-content\/uploads\/2014\/10\/kose-yazisi-dunyada-komur-fiyati-yuzde-47-dustu-turkiyede-yuzde-35-artti-500x341.jpg 500w, https:\/\/www.enerjigazetesi.ist\/wp-content\/uploads\/2014\/10\/kose-yazisi-dunyada-komur-fiyati-yuzde-47-dustu-turkiyede-yuzde-35-artti-73x50.jpg 73w, https:\/\/www.enerjigazetesi.ist\/wp-content\/uploads\/2014\/10\/kose-yazisi-dunyada-komur-fiyati-yuzde-47-dustu-turkiyede-yuzde-35-artti.jpg 870w\" sizes=\"(max-width: 300px) 100vw, 300px\" \/><\/a>b\u00fcy\u00fcme h\u0131z\u0131ndaki yava\u015flama nedeniyle k\u00f6m\u00fcr fiyatlar\u0131 son \u00fc\u00e7 y\u0131lda y\u00fczde 47 oran\u0131nda, ayn\u0131 d\u00f6nemde ham petrol fiyatlar\u0131 y\u00fczde 23 oran\u0131nda geriledi. O h\u00e2lde T\u00fcrkiye\u2019de bu iki emtian\u0131n fiyat\u0131n\u0131n ne oldu\u011funa bakmak i\u00e7in bu konuyu ele al\u0131yoruz.<\/p>\n<p>Peki, d\u00fcnyada k\u00f6m\u00fcr ve petrol\u00fcn fiyat\u0131 gerilerken T\u00fcrkiye\u2019de ne oldu, sorusunu sorup hemen cevaplayal\u0131m. Ayn\u0131 d\u00f6nemde T\u00fcrkiye\u2019de k\u00f6m\u00fcr fiyatlar\u0131 y\u00fczde 35, petrol fiyatlar\u0131 y\u00fczde 20 oran\u0131nda \u00e7o\u011fald\u0131.<\/p>\n<p>Nereden \u00e7\u0131kard\u0131n bu fiyatlar\u0131, diyerek sorarsan\u0131z, y\u0131kanm\u0131\u015f 5200 kilokalorilik k\u00f6m\u00fcr\u00fcn tonu \u00fc\u00e7 y\u0131l \u00f6nce T\u00fcrkiye K\u00f6m\u00fcr \u0130\u015fletmeleri\u2019nden 203 liraya sat\u0131l\u0131rken \u015fimdi 275 liraya sat\u0131l\u0131yor.<\/p>\n<p>Yine \u00fc\u00e7 y\u0131l \u00f6nce 95 oktan benzinin litresi 4 liradan sat\u0131l\u0131rken \u015fimdi 4,83 liradan sat\u0131l\u0131yor. Bu fiyat art\u0131\u015f\u0131n\u0131n T\u00fcrk paras\u0131ndaki de\u011fer kayb\u0131ndan kaynakland\u0131\u011f\u0131 akl\u0131n\u0131za gelebilir. Hemen T\u00fcrk paras\u0131n\u0131n de\u011fer kayb\u0131na bakal\u0131m, Amerikan Dolar\u0131 \u00fc\u00e7 sene \u00f6nce 1,90 lirayd\u0131. O h\u00e2lde T\u00fcrk paras\u0131n\u0131n bug\u00fcne g\u00f6re y\u00fczde 18 oran\u0131nda de\u011fer kaybetti\u011fini s\u00f6yleyebiliriz.<\/p>\n<p>\u0130\u015fte bu rakamlar bize d\u00fcnya k\u00f6m\u00fcr ve petrol fiyatlar\u0131ndaki de\u011fi\u015fmeyle T\u00fcrkiye fiyatlar\u0131 aras\u0131nda bir tutars\u0131zl\u0131k oldu\u011funu g\u00f6steriyor. \u00c7\u00fcnk\u00fc d\u00fcnya k\u00f6m\u00fcr ve petrol fiyatlar\u0131 s\u0131ras\u0131yla y\u00fczde 47 ve y\u00fczde 20 oran\u0131nda gerilerken bu \u00fclke paras\u0131nda ayn\u0131 d\u00f6nemde y\u00fczde 18 oran\u0131nda de\u011fer kayb\u0131 oldu\u011funa g\u00f6re en az\u0131ndan bu iki emtian\u0131n fiyatlar\u0131n\u0131n sabit kalmas\u0131 d\u00fc\u015f\u00fcn\u00fclebilir. Oysa tam aksine k\u00f6m\u00fcr ve petrol fiyatlar\u0131 s\u0131ras\u0131yla y\u00fczde 35 ve y\u00fczde 20 oran\u0131nda artt\u0131 bu \u00fclkede.<\/p>\n<p>Haberin Devam\u0131 i\u00e7in <a href=\"http:\/\/www.taraf.com.tr\/yazilar\/suleyman-yasar\/dunyada-komur-fiyati-yuzde-47-dustu-turkiyede-yuzde-35-artti\/31094\/\" target=\"_blank\" rel=\"nofollow\">t\u0131klay\u0131n\u0131z&gt;&gt;&gt;<\/a><\/p>\n<p>Kaynak: Taraf<\/p>","protected":false},"excerpt":{"rendered":"<p>Sorry, this entry is only available in Turkish. For the sake of viewer convenience, the content is shown below in the alternative language. You may click the link to switch the active language.D\u00fcnya ekonomisinde b\u00fcy\u00fcme h\u0131z\u0131 yava\u015flad\u0131\u011f\u0131ndan emtia fiyatlar\u0131 h\u0131zla geriliyor. \u00d6zellikle \u00c7in ekonomisinin y\u00fczde 10 d\u00fczeyinde olan b\u00fcy\u00fcme h\u0131z\u0131n\u0131n son \u00fc\u00e7 y\u0131ld\u0131r y\u00fczde 7 [&hellip;]<\/p>\n","protected":false},"author":1,"featured_media":32632,"comment_status":"open","ping_status":"open","sticky":false,"template":"","format":"standard","meta":[],"categories":[53],"tags":[4059,18979,63,67,1009,165,6972,1675,18980,6806,846,18981],"views":990,"_links":{"self":[{"href":"https:\/\/www.enerjigazetesi.ist\/en\/wp-json\/wp\/v2\/posts\/32631"}],"collection":[{"href":"https:\/\/www.enerjigazetesi.ist\/en\/wp-json\/wp\/v2\/posts"}],"about":[{"href":"https:\/\/www.enerjigazetesi.ist\/en\/wp-json\/wp\/v2\/types\/post"}],"author":[{"embeddable":true,"href":"https:\/\/www.enerjigazetesi.ist\/en\/wp-json\/wp\/v2\/users\/1"}],"replies":[{"embeddable":true,"href":"https:\/\/www.enerjigazetesi.ist\/en\/wp-json\/wp\/v2\/comments?post=32631"}],"version-history":[{"count":1,"href":"https:\/\/www.enerjigazetesi.ist\/en\/wp-json\/wp\/v2\/posts\/32631\/revisions"}],"predecessor-version":[{"id":32633,"href":"https:\/\/www.enerjigazetesi.ist\/en\/wp-json\/wp\/v2\/posts\/32631\/revisions\/32633"}],"wp:featuredmedia":[{"embeddable":true,"href":"https:\/\/www.enerjigazetesi.ist\/en\/wp-json\/wp\/v2\/media\/32632"}],"wp:attachment":[{"href":"https:\/\/www.enerjigazetesi.ist\/en\/wp-json\/wp\/v2\/media?parent=32631"}],"wp:term":[{"taxonomy":"category","embeddable":true,"href":"https:\/\/www.enerjigazetesi.ist\/en\/wp-json\/wp\/v2\/categories?post=32631"},{"taxonomy":"post_tag","embeddable":true,"href":"https:\/\/www.enerjigazetesi.ist\/en\/wp-json\/wp\/v2\/tags?post=32631"}],"curies":[{"name":"wp","href":"https:\/\/api.w.org\/{rel}","templated":true}]}}