{"id":32622,"date":"2014-10-20T17:54:40","date_gmt":"2014-10-20T14:54:40","guid":{"rendered":"https:\/\/www.enerjigazetesi.ist\/?p=32622"},"modified":"2014-10-20T17:54:40","modified_gmt":"2014-10-20T14:54:40","slug":"korfez-ulkeleri-opec-uretiminin-dusurulmesine-itiraz-edecek","status":"publish","type":"post","link":"https:\/\/www.enerjigazetesi.ist\/en\/korfez-ulkeleri-opec-uretiminin-dusurulmesine-itiraz-edecek\/","title":{"rendered":"(Turkish) K\u00f6rfez \u00dclkeleri OPEC \u00dcretiminin D\u00fc\u015f\u00fcr\u00fclmesine \u0130tiraz Edecek&#8230;"},"content":{"rendered":"<p class=\"qtranxs-available-languages-message qtranxs-available-languages-message-en\">Sorry, this entry is only available in <a href=\"https:\/\/www.enerjigazetesi.ist\/tr\/wp-json\/wp\/v2\/posts\/32622\" class=\"qtranxs-available-language-link qtranxs-available-language-link-tr\" title=\"Turkish\">Turkish<\/a>. For the sake of viewer convenience, the content is shown below in the alternative language. You may click the link to switch the active language.<\/p><p><strong>OPEC faaliyetlerine yak\u0131n kaynaklar\u0131n verdi\u011fi bilgilere g\u00f6re aralar\u0131nda <a class=\"ktg6us78hf8vdu7\"><span style=\"text-decoration: underline;\">Suudi Arabistan<\/span><\/a>, <span id=\"o06jofd7m65_8\" class=\"o06jofd7m65\">Kuveyt<\/span> ve <a class=\"ktg6us78hf8vdu7\"><span style=\"text-decoration: underline;\">Birle\u015fik<\/span><\/a> Arap Emrlikleri\u2019nin de bulundu\u011fu k\u00f6rfez \u00fclkeleri OPEC\u2019in gelecek ay yap\u0131laca<a href=\"https:\/\/www.enerjigazetesi.ist\/wp-content\/uploads\/2014\/10\/korfez-ulkeleri-opec-uretiminin-dusurulmesine-itiraz-edecek.jpg\"><img loading=\"lazy\" class=\"alignright size-medium wp-image-32623\" src=\"https:\/\/www.enerjigazetesi.ist\/wp-content\/uploads\/2014\/10\/korfez-ulkeleri-opec-uretiminin-dusurulmesine-itiraz-edecek-300x197.jpg\" alt=\"korfez-ulkeleri-opec-uretiminin-dusurulmesine-itiraz-edecek\" width=\"300\" height=\"197\" srcset=\"https:\/\/www.enerjigazetesi.ist\/wp-content\/uploads\/2014\/10\/korfez-ulkeleri-opec-uretiminin-dusurulmesine-itiraz-edecek-300x197.jpg 300w, https:\/\/www.enerjigazetesi.ist\/wp-content\/uploads\/2014\/10\/korfez-ulkeleri-opec-uretiminin-dusurulmesine-itiraz-edecek-500x328.jpg 500w, https:\/\/www.enerjigazetesi.ist\/wp-content\/uploads\/2014\/10\/korfez-ulkeleri-opec-uretiminin-dusurulmesine-itiraz-edecek-76x50.jpg 76w, https:\/\/www.enerjigazetesi.ist\/wp-content\/uploads\/2014\/10\/korfez-ulkeleri-opec-uretiminin-dusurulmesine-itiraz-edecek.jpg 840w\" sizes=\"(max-width: 300px) 100vw, 300px\" \/><\/a>k toplant\u0131s\u0131nda \u00fcretim tavan\u0131n\u0131n d\u00fc\u015f\u00fcr\u00fclmesine itiraz etmeye haz\u0131rlan\u0131yor.<\/strong><span id=\"more-67576\"><\/span><\/p>\n<p>Petrol fiyatlar\u0131nda son d\u00f6nemlerde g\u00f6r\u00fclen sert d\u00fc\u015f\u00fc\u015fe ra\u011fmen <a class=\"ktg6us78hf8vdu7\"><span style=\"text-decoration: underline;\">k\u00f6rfez \u00fclkeleri<\/span><\/a>, OPEC\u2019in \u00fcretiminin d\u00fc\u015f\u00fcr\u00fclmesinin \u00fcyelerin k\u00fcresel petrol piyasalar\u0131ndaki pazar paylar\u0131n\u0131 kaybetmelerine neden olmas\u0131ndan endi\u015fe ediyor.<\/p>\n<p>OPEC\u2019in k\u00f6<a class=\"ktg6us78hf8vdu7\"><span style=\"text-decoration: underline;\">rfez<\/span><\/a> \u00fcyelerinden bir yetkili konu hakk\u0131nda, \u201cSuudi Arabistan ile di\u011fer k\u00f6rfez \u00fclkeleri Kas\u0131m ay\u0131nda yap\u0131lacak toplant\u0131da \u00fcretimin d\u00fc\u015f\u00fcr\u00fclmesi gibi bir fikri kabul etme niyetinde de\u011fil. Piyasa pay\u0131m\u0131z d\u00fc\u015ferse fiyatlar zaten gerileyecek,\u201d diye konu\u015ftu.<\/p>\n<p>Ba\u015fka bir yetkili ise ABD petrol\u00fcn\u00fcn varil fiyat\u0131n\u0131n 70 dolar civar\u0131na gerileyebilece\u011fini belirtti.<\/p>\n<p>OPEC toplant\u0131s\u0131 27 Kas\u0131m\u2019da Viyana\u2019da yap\u0131lacak.<\/p>\n<p>Kaynak:\u00a0<a href=\"http:\/\/www.wsj.com.tr\/articles\/SB12003192308051073864504580223843921591872\" target=\"_blank\" rel=\"nofollow\">The Wall Street Journal<\/a><\/p>","protected":false},"excerpt":{"rendered":"<p>Sorry, this entry is only available in Turkish. For the sake of viewer convenience, the content is shown below in the alternative language. You may click the link to switch the active language.OPEC faaliyetlerine yak\u0131n kaynaklar\u0131n verdi\u011fi bilgilere g\u00f6re aralar\u0131nda Suudi Arabistan, Kuveyt ve Birle\u015fik Arap Emrlikleri\u2019nin de bulundu\u011fu k\u00f6rfez \u00fclkeleri OPEC\u2019in gelecek ay yap\u0131lacak [&hellip;]<\/p>\n","protected":false},"author":1,"featured_media":32623,"comment_status":"open","ping_status":"open","sticky":false,"template":"","format":"standard","meta":[],"categories":[53,44],"tags":[6859,18975,63,67,1009,165,2558,1373,11046,18976,347,6402,1463],"views":518,"_links":{"self":[{"href":"https:\/\/www.enerjigazetesi.ist\/en\/wp-json\/wp\/v2\/posts\/32622"}],"collection":[{"href":"https:\/\/www.enerjigazetesi.ist\/en\/wp-json\/wp\/v2\/posts"}],"about":[{"href":"https:\/\/www.enerjigazetesi.ist\/en\/wp-json\/wp\/v2\/types\/post"}],"author":[{"embeddable":true,"href":"https:\/\/www.enerjigazetesi.ist\/en\/wp-json\/wp\/v2\/users\/1"}],"replies":[{"embeddable":true,"href":"https:\/\/www.enerjigazetesi.ist\/en\/wp-json\/wp\/v2\/comments?post=32622"}],"version-history":[{"count":1,"href":"https:\/\/www.enerjigazetesi.ist\/en\/wp-json\/wp\/v2\/posts\/32622\/revisions"}],"predecessor-version":[{"id":32624,"href":"https:\/\/www.enerjigazetesi.ist\/en\/wp-json\/wp\/v2\/posts\/32622\/revisions\/32624"}],"wp:featuredmedia":[{"embeddable":true,"href":"https:\/\/www.enerjigazetesi.ist\/en\/wp-json\/wp\/v2\/media\/32623"}],"wp:attachment":[{"href":"https:\/\/www.enerjigazetesi.ist\/en\/wp-json\/wp\/v2\/media?parent=32622"}],"wp:term":[{"taxonomy":"category","embeddable":true,"href":"https:\/\/www.enerjigazetesi.ist\/en\/wp-json\/wp\/v2\/categories?post=32622"},{"taxonomy":"post_tag","embeddable":true,"href":"https:\/\/www.enerjigazetesi.ist\/en\/wp-json\/wp\/v2\/tags?post=32622"}],"curies":[{"name":"wp","href":"https:\/\/api.w.org\/{rel}","templated":true}]}}