{"id":32578,"date":"2014-10-18T20:22:51","date_gmt":"2014-10-18T17:22:51","guid":{"rendered":"https:\/\/www.enerjigazetesi.ist\/?p=32578"},"modified":"2014-10-18T20:22:51","modified_gmt":"2014-10-18T17:22:51","slug":"statkraft-turkiye-yatirimlarini-surdurecek","status":"publish","type":"post","link":"https:\/\/www.enerjigazetesi.ist\/en\/statkraft-turkiye-yatirimlarini-surdurecek\/","title":{"rendered":"(Turkish) Statkraft T\u00fcrkiye Yat\u0131r\u0131mlar\u0131n\u0131 S\u00fcrd\u00fcrecek&#8230;"},"content":{"rendered":"<p class=\"qtranxs-available-languages-message qtranxs-available-languages-message-en\">Sorry, this entry is only available in <a href=\"https:\/\/www.enerjigazetesi.ist\/tr\/wp-json\/wp\/v2\/posts\/32578\" class=\"qtranxs-available-language-link qtranxs-available-language-link-tr\" title=\"Turkish\">Turkish<\/a>. For the sake of viewer convenience, the content is shown below in the alternative language. You may click the link to switch the active language.<\/p><p><strong>Norve\u00e7 devlet enerji \u015firketi Statkraft, T\u00fcrkiye`de devam eden iki HES projesinin tamamlanmas\u0131n\u0131n ard\u0131ndan hidroelektrik santrallerini art\u0131rmay\u0131 planl\u0131yor.<\/strong><\/p>\n<p>Statkraft CEO`su Christian Ryn<a href=\"https:\/\/www.enerjigazetesi.ist\/wp-content\/uploads\/2014\/10\/statkraft-turkiye-yatirimlarini-surdurecek.jpg\"><img loading=\"lazy\" class=\"alignleft size-medium wp-image-32579\" src=\"https:\/\/www.enerjigazetesi.ist\/wp-content\/uploads\/2014\/10\/statkraft-turkiye-yatirimlarini-surdurecek-300x200.jpg\" alt=\"statkraft-turkiye-yatirimlarini-surdurecek\" width=\"300\" height=\"200\" srcset=\"https:\/\/www.enerjigazetesi.ist\/wp-content\/uploads\/2014\/10\/statkraft-turkiye-yatirimlarini-surdurecek-300x200.jpg 300w, https:\/\/www.enerjigazetesi.ist\/wp-content\/uploads\/2014\/10\/statkraft-turkiye-yatirimlarini-surdurecek-74x50.jpg 74w, https:\/\/www.enerjigazetesi.ist\/wp-content\/uploads\/2014\/10\/statkraft-turkiye-yatirimlarini-surdurecek.jpg 448w\" sizes=\"(max-width: 300px) 100vw, 300px\" \/><\/a>ning-Toennesen, Reuters`a d\u00fcn yapt\u0131\u011f\u0131 a\u00e7\u0131klamada &#8220;\u015eu anda devam eden iki in\u015faat\u0131n tamamlanmas\u0131n\u0131n ard\u0131ndan T\u00fcrkiye`de yeni projeler yapmak istiyoruz&#8221; dedi.<\/p>\n<p>Avrupa`n\u0131n en b\u00fcy\u00fck yenilenebilir enerji \u00fcreticisi olan \u015firkete g\u00f6re, Avrupa`n\u0131n en h\u0131zl\u0131 b\u00fcy\u00fcyen enerji pazar\u0131 olan T\u00fcrkiye enerji pazar\u0131 sadece n\u00fcfus art\u0131\u015f\u0131 ve ki\u015fi ba\u015f\u0131 t\u00fcketim art\u0131\u015f\u0131n\u0131n etkisiyle 2020`e kadar her y\u0131l y\u00fczde 6 b\u00fcy\u00fcyecek.<\/p>\n<p>Statkraft \u015fu anda T\u00fcrkiye`e 620 megawatt (MW) g\u00fcc\u00fcnde iki hidroelektrik santralinin in\u015faat\u0131n\u0131 y\u00fcr\u00fct\u00fcyor. \u0130n\u015faat\u0131 devam eden 102 MW g\u00fcc\u00fcndeki Karg\u0131 HES`in gelecek y\u0131l\u0131n ilk \u00e7eyre\u011finde, 517 MW g\u00fcc\u00fcndeki \u00c7etin HES`in \u00a0ise 2018`de tamamlanmas\u0131 bekleniyor.<\/p>\n<p>Kaynak: <a href=\"http:\/\/enerjigunlugu.net\/statkraft-turkiye-yatirimlarini-surdurecek_10467.html\" target=\"_blank\" rel=\"nofollow\">Enerji G\u00fcnl\u00fc\u011f\u00fc<\/a><\/p>","protected":false},"excerpt":{"rendered":"<p>Sorry, this entry is only available in Turkish. For the sake of viewer convenience, the content is shown below in the alternative language. You may click the link to switch the active language.Norve\u00e7 devlet enerji \u015firketi Statkraft, T\u00fcrkiye`de devam eden iki HES projesinin tamamlanmas\u0131n\u0131n ard\u0131ndan hidroelektrik santrallerini art\u0131rmay\u0131 planl\u0131yor. Statkraft CEO`su Christian Rynning-Toennesen, Reuters`a d\u00fcn [&hellip;]<\/p>\n","protected":false},"author":1,"featured_media":32579,"comment_status":"open","ping_status":"open","sticky":false,"template":"","format":"standard","meta":[],"categories":[53,47],"tags":[9372,18942,18940,63,67,1009,165,35370,1090,18941,17574,846,1286],"views":845,"_links":{"self":[{"href":"https:\/\/www.enerjigazetesi.ist\/en\/wp-json\/wp\/v2\/posts\/32578"}],"collection":[{"href":"https:\/\/www.enerjigazetesi.ist\/en\/wp-json\/wp\/v2\/posts"}],"about":[{"href":"https:\/\/www.enerjigazetesi.ist\/en\/wp-json\/wp\/v2\/types\/post"}],"author":[{"embeddable":true,"href":"https:\/\/www.enerjigazetesi.ist\/en\/wp-json\/wp\/v2\/users\/1"}],"replies":[{"embeddable":true,"href":"https:\/\/www.enerjigazetesi.ist\/en\/wp-json\/wp\/v2\/comments?post=32578"}],"version-history":[{"count":1,"href":"https:\/\/www.enerjigazetesi.ist\/en\/wp-json\/wp\/v2\/posts\/32578\/revisions"}],"predecessor-version":[{"id":32580,"href":"https:\/\/www.enerjigazetesi.ist\/en\/wp-json\/wp\/v2\/posts\/32578\/revisions\/32580"}],"wp:featuredmedia":[{"embeddable":true,"href":"https:\/\/www.enerjigazetesi.ist\/en\/wp-json\/wp\/v2\/media\/32579"}],"wp:attachment":[{"href":"https:\/\/www.enerjigazetesi.ist\/en\/wp-json\/wp\/v2\/media?parent=32578"}],"wp:term":[{"taxonomy":"category","embeddable":true,"href":"https:\/\/www.enerjigazetesi.ist\/en\/wp-json\/wp\/v2\/categories?post=32578"},{"taxonomy":"post_tag","embeddable":true,"href":"https:\/\/www.enerjigazetesi.ist\/en\/wp-json\/wp\/v2\/tags?post=32578"}],"curies":[{"name":"wp","href":"https:\/\/api.w.org\/{rel}","templated":true}]}}