{"id":3256,"date":"2012-11-07T10:48:41","date_gmt":"2012-11-07T07:48:41","guid":{"rendered":"https:\/\/www.enerjigazetesi.ist\/?p=3256"},"modified":"2012-11-07T10:48:51","modified_gmt":"2012-11-07T07:48:51","slug":"350-milyon-dolara-40-kuyu-daha-aciyoruz","status":"publish","type":"post","link":"https:\/\/www.enerjigazetesi.ist\/en\/350-milyon-dolara-40-kuyu-daha-aciyoruz\/","title":{"rendered":"(Turkish) 350 Milyon Dolara 40 Kuyu Daha A\u00e7\u0131yoruz"},"content":{"rendered":"<p class=\"qtranxs-available-languages-message qtranxs-available-languages-message-en\">Sorry, this entry is only available in <a href=\"https:\/\/www.enerjigazetesi.ist\/tr\/wp-json\/wp\/v2\/posts\/3256\" class=\"qtranxs-available-language-link qtranxs-available-language-link-tr\" title=\"Turkish\">Turkish<\/a>. For the sake of viewer convenience, the content is shown below in the alternative language. You may click the link to switch the active language.<\/p><p><\/p>\n<h2>Enerji ve Tabii Kaynaklar Bakan\u0131 Taner Y\u0131ld\u0131z, Basra\u2019da 40 kuyu a\u00e7\u0131lmas\u0131 i\u00e7in 350 milyon dolarl\u0131k anla\u015fma imzaland\u0131\u011f\u0131n\u0131 s\u00f6yledi. Y\u0131ld\u0131z, Suriye resmi kaynaklar\u0131n\u0131n da T\u00fcrk \u00f6zel sekt\u00f6r\u00fcnden elektrik almak i\u00e7in yeniden talepte bulundu\u011funu a\u00e7\u0131klad\u0131.<\/h2>\n<div>T\u00dcRK\u0130YE, Irak petrollerinden daha \u00e7ok faydalanmak i\u00e7in giri\u015fimlerini yo\u011funla\u015ft\u0131r\u0131yor. Enerji ve Tabii Kaynaklar Bakan\u0131 Taner Y\u0131ld\u0131z, \u201cKuzey Irak\u2019tan ald\u0131\u011f\u0131m\u0131z petrolde rakamlar m\u00fctevaz\u0131. Ancak Basra\u2019da 350 milyon dolarl\u0131k 40 kuyunun daha a\u00e7\u0131lmas\u0131 i\u00e7in anla\u015fma imzalad\u0131k\u201d dedi. Irak\u2019\u0131n tamam\u0131nda 7 bin kuyunun a\u00e7\u0131lmas\u0131 i\u00e7in merkezi h\u00fckmetle \u00e7al\u0131\u015fmalara da devam edildi\u011fini s\u00f6yleyen Y\u0131ld\u0131z, T\u00fcrkiye\u2019nin Irak\u2019\u0131n tamam\u0131nda i\u015f yapt\u0131\u011f\u0131n\u0131 ve Irak\u2019\u0131n b\u00fcy\u00fcmesine katk\u0131 koydu\u011funu vurgulad\u0131.<\/div>\n<div id=\"DivAdnetHaberDetay\">\n<div>\n<p><strong>SUR\u0130YE ELEKTR\u0130K \u0130STED\u0130<\/strong><\/p>\n<p><img loading=\"lazy\" class=\"alignright size-medium wp-image-3257\" title=\"40-petrol-kuyusu-acma-350-milyon-dolar\" src=\"https:\/\/www.enerjigazetesi.ist\/wp-content\/uploads\/2012\/11\/40-petrol-kuyusu-acma-350-milyon-dolar-300x188.jpg\" alt=\"\" width=\"300\" height=\"188\" srcset=\"https:\/\/www.enerjigazetesi.ist\/wp-content\/uploads\/2012\/11\/40-petrol-kuyusu-acma-350-milyon-dolar-300x188.jpg 300w, https:\/\/www.enerjigazetesi.ist\/wp-content\/uploads\/2012\/11\/40-petrol-kuyusu-acma-350-milyon-dolar-80x50.jpg 80w, https:\/\/www.enerjigazetesi.ist\/wp-content\/uploads\/2012\/11\/40-petrol-kuyusu-acma-350-milyon-dolar.jpg 497w\" sizes=\"(max-width: 300px) 100vw, 300px\" \/>Suriye resmi kaynaklar\u0131n\u0131n da \u00f6zel sekt\u00f6rden tekrar elektrik almak istedi\u011fini bildiren Bakan Taner Y\u0131ld\u0131z bu konuda \u015funlar\u0131 s\u00f6yledi: \u201c\u2018Biz resmi kaynaklarla g\u00f6r\u00fc\u015fm\u00fcyoruz. Ancak Suriye resmi kaynaklar\u0131 \u00f6zel \u015firketten bu elektri\u011fi tekrar almak istedi\u011fini belirtti. Suriye\u2019ye tekrar elektrik ihracat\u0131 yap\u0131labilmesi i\u00e7in \u00f6zel \u015firketin T\u00fcrkiye Elektrik \u0130letim Anonim \u015eirketi (TE\u0130A\u015e) ile biten s\u00f6zle\u015fmesini tekrar yenilemesi ve EPDK\u2019n\u0131n da bunu onaylamas\u0131 gerek. 1 hafta, 10 g\u00fcn al\u0131r.\u201d<\/p>\n<p><strong>\u0130RAN DO\u011eALGAZI VE AMBARGO <\/strong><\/p>\n<p>\u0130ran\u2019dan al\u0131nan do\u011falgazla ilgili olarak da Y\u0131ld\u0131z, \u201cT\u00fcrkiye\u2019nin do\u011falgaz ihtiyac\u0131n\u0131n y\u00fczde 18-20\u2019sine kar\u015f\u0131l\u0131k gelen \u0130ran\u2019dan ithal etti\u011fimiz do\u011falgaz miktar\u0131n\u0131n azalt\u0131lmas\u0131yla alakal\u0131 bize ne b\u00f6yle bir talep geldi ne de biz azaltmay\u0131 d\u00fc\u015f\u00fcn\u00fcyoruz\u201d ifadesini kulland\u0131.<\/p>\n<p><strong>BOTA\u015e VE TPAO<\/strong><\/p>\n<p>BOTA\u015e veya TPAO\u2019nun \u00f6zelle\u015ftirilmesinin s\u00f6z konusu olmad\u0131\u011f\u0131n\u0131 bildiren Y\u0131ld\u0131z, \u201cHalka a\u00e7\u0131k \u015firketler haline getirilmesi, te\u015fkilat yap\u0131s\u0131n\u0131n de\u011fi\u015ftirilmesi, BOTA\u015e\u2019\u0131n ikiye \u00fc\u00e7e b\u00f6l\u00fcnerek olu\u015fturulacak yeni bir yap\u0131ya kavu\u015fturulmas\u0131 s\u00f6z konusu. TPAO\u2019nun da THY gibi \u00f6zel sekt\u00f6r dinamizmiyle uluslararas\u0131 arenada olmas\u0131 laz\u0131m. BOTA\u015e\u2019\u0131n g\u00fcmr\u00fckleme ve vergiyle alakal\u0131 bor\u00e7lar\u0131 var. 2013\u2019te bu borcun 5.5 milyar liras\u0131 \u00f6denecek\u201d dedi.<\/p>\n<p><strong>T\u00fcrkiye\u2019nin alt\u0131n \u00fcretimini art\u0131r\u0131yoruz<\/strong><\/p>\n<p>ENERJ\u0130 ve Tabii Kaynaklar Bakan\u0131 Taner Y\u0131ld\u0131z, T\u00fcrkiye\u2019nin alt\u0131n \u00fcretimini art\u0131rmak i\u00e7in de \u00e7al\u0131\u015fmalar\u0131 h\u0131zland\u0131racaklar\u0131n\u0131 a\u00e7\u0131klad\u0131. Bakan Taner, \u201c\u00d6n\u00fcm\u00fczdeki y\u0131l yakla\u015f\u0131k 36 ton alt\u0131n \u00fcretimine ula\u015f\u0131p alt\u0131n ithalat\u0131n\u0131 yakla\u015f\u0131k yar\u0131 yar\u0131ya kar\u015f\u0131lamay\u0131 d\u00fc\u015f\u00fcn\u00fcyoruz\u201d dedi.<\/p>\n<p><strong>EN\u0130\u2019nin faaliyetleri bizi d\u00fc\u015f\u00fcnd\u00fcr\u00fcyor<\/strong><\/p>\n<p>\u0130TALYAN enerji \u015firketi ENI\u2019nin G\u00fcney K\u0131br\u0131s ile uluslararas\u0131 hukuka ayk\u0131r\u0131 olarak tart\u0131\u015fmal\u0131 alanlarda petrol arama yapmas\u0131n\u0131 do\u011fru buld\u0131\u011f\u0131n\u0131 dile getiren Taner Y\u0131ld\u0131z, \u201cENI b\u00f6yle bir \u015feye giriyorsa biz de T\u00fcrkiye\u2019deki yat\u0131r\u0131mlar\u0131 oturup tekrar d\u00fc\u015f\u00fcn\u00fcr\u00fcz. Bildi\u011finiz gibi Samsun-Ceyhan\u2019da ortakl\u0131klar\u0131 vard\u0131, bu konuyu tabii ki g\u00fcndeme al\u0131r\u0131z. ENI\u2019nin K\u0131br\u0131s\u2019\u0131n tamam\u0131na ait olan bir alanda G\u00fcney K\u0131br\u0131s\u2019la \u00e7al\u0131\u015fma yapmas\u0131n\u0131 do\u011fru bulmuyoruz\u201d dedi.<\/p>\n<p>Kaynak: <a href=\"http:\/\/www.hurriyet.com.tr\/ekonomi\/21840853.asp\" target=\"_blank\">H\u00fcrriyet<\/a><\/p>\n<\/div>\n<\/div>\n<p><\/p>","protected":false},"excerpt":{"rendered":"<p>Sorry, this entry is only available in Turkish. For the sake of viewer convenience, the content is shown below in the alternative language. You may click the link to switch the active language. Enerji ve Tabii Kaynaklar Bakan\u0131 Taner Y\u0131ld\u0131z, Basra\u2019da 40 kuyu a\u00e7\u0131lmas\u0131 i\u00e7in 350 milyon dolarl\u0131k anla\u015fma imzaland\u0131\u011f\u0131n\u0131 s\u00f6yledi. Y\u0131ld\u0131z, Suriye resmi kaynaklar\u0131n\u0131n [&hellip;]<\/p>\n","protected":false},"author":1,"featured_media":3257,"comment_status":"open","ping_status":"open","sticky":false,"template":"","format":"standard","meta":[],"categories":[53,44],"tags":[917,918,531,92,59,916,904],"views":761,"_links":{"self":[{"href":"https:\/\/www.enerjigazetesi.ist\/en\/wp-json\/wp\/v2\/posts\/3256"}],"collection":[{"href":"https:\/\/www.enerjigazetesi.ist\/en\/wp-json\/wp\/v2\/posts"}],"about":[{"href":"https:\/\/www.enerjigazetesi.ist\/en\/wp-json\/wp\/v2\/types\/post"}],"author":[{"embeddable":true,"href":"https:\/\/www.enerjigazetesi.ist\/en\/wp-json\/wp\/v2\/users\/1"}],"replies":[{"embeddable":true,"href":"https:\/\/www.enerjigazetesi.ist\/en\/wp-json\/wp\/v2\/comments?post=3256"}],"version-history":[{"count":2,"href":"https:\/\/www.enerjigazetesi.ist\/en\/wp-json\/wp\/v2\/posts\/3256\/revisions"}],"predecessor-version":[{"id":3259,"href":"https:\/\/www.enerjigazetesi.ist\/en\/wp-json\/wp\/v2\/posts\/3256\/revisions\/3259"}],"wp:featuredmedia":[{"embeddable":true,"href":"https:\/\/www.enerjigazetesi.ist\/en\/wp-json\/wp\/v2\/media\/3257"}],"wp:attachment":[{"href":"https:\/\/www.enerjigazetesi.ist\/en\/wp-json\/wp\/v2\/media?parent=3256"}],"wp:term":[{"taxonomy":"category","embeddable":true,"href":"https:\/\/www.enerjigazetesi.ist\/en\/wp-json\/wp\/v2\/categories?post=3256"},{"taxonomy":"post_tag","embeddable":true,"href":"https:\/\/www.enerjigazetesi.ist\/en\/wp-json\/wp\/v2\/tags?post=3256"}],"curies":[{"name":"wp","href":"https:\/\/api.w.org\/{rel}","templated":true}]}}