{"id":32493,"date":"2014-10-15T13:50:07","date_gmt":"2014-10-15T10:50:07","guid":{"rendered":"https:\/\/www.enerjigazetesi.ist\/?p=32493"},"modified":"2014-10-15T13:50:07","modified_gmt":"2014-10-15T10:50:07","slug":"soma-komurleri-a-sye-ait-isiklar-maden-ocaginda-bin-700-isci-isbasi-yapti","status":"publish","type":"post","link":"https:\/\/www.enerjigazetesi.ist\/en\/soma-komurleri-a-sye-ait-isiklar-maden-ocaginda-bin-700-isci-isbasi-yapti\/","title":{"rendered":"(Turkish) Soma K\u00f6m\u00fcrleri A.\u015e\u2019ye Ait I\u015f\u0131klar Maden Oca\u011f\u0131\u2019nda Bin 700 \u0130\u015f\u00e7i \u0130\u015fba\u015f\u0131 Yapt\u0131!"},"content":{"rendered":"<p class=\"qtranxs-available-languages-message qtranxs-available-languages-message-en\">Sorry, this entry is only available in <a href=\"https:\/\/www.enerjigazetesi.ist\/tr\/wp-json\/wp\/v2\/posts\/32493\" class=\"qtranxs-available-language-link qtranxs-available-language-link-tr\" title=\"Turkish\">Turkish<\/a>. For the sake of viewer convenience, the content is shown below in the alternative language. You may click the link to switch the active language.<\/p><p><strong>Soma\u2019da maden facias\u0131n\u0131n ya\u015fand\u0131\u011f\u0131 Eynez Maden Oca\u011f\u0131n\u0131 \u00e7al\u0131\u015ft\u0131ran Soma K\u00f6m\u00fcrleri A\u015e\u2019ye ait I\u015f\u0131klar Maden Oca\u011f\u0131\u2019nda \u00fcretim i\u00e7in yakla\u015f\u0131k bin 700 i\u015f\u00e7i i\u015fba\u015f\u0131 yapt\u0131.<a href=\"https:\/\/www.enerjigazetesi.ist\/wp-content\/uploads\/2014\/10\/soma-maden-i\u015fba\u015f\u0131-23987233.jpg\"><img loading=\"lazy\" class=\"alignleft size-medium wp-image-32494\" src=\"https:\/\/www.enerjigazetesi.ist\/wp-content\/uploads\/2014\/10\/soma-maden-i\u015fba\u015f\u0131-23987233-300x168.jpg\" alt=\"soma-maden-i\u015fba\u015f\u0131-23987233\" width=\"300\" height=\"168\" srcset=\"https:\/\/www.enerjigazetesi.ist\/wp-content\/uploads\/2014\/10\/soma-maden-i\u015fba\u015f\u0131-23987233-300x168.jpg 300w, https:\/\/www.enerjigazetesi.ist\/wp-content\/uploads\/2014\/10\/soma-maden-i\u015fba\u015f\u0131-23987233-500x281.jpg 500w, https:\/\/www.enerjigazetesi.ist\/wp-content\/uploads\/2014\/10\/soma-maden-i\u015fba\u015f\u0131-23987233-80x45.jpg 80w, https:\/\/www.enerjigazetesi.ist\/wp-content\/uploads\/2014\/10\/soma-maden-i\u015fba\u015f\u0131-23987233.jpg 640w\" sizes=\"(max-width: 300px) 100vw, 300px\" \/><\/a><\/strong><span id=\"more-67529\"><\/span><\/p>\n<p>Manisa\u2019n\u0131n Soma, Akhisar ve K\u0131rka\u011fa\u00e7, Bal\u0131kesir\u2019in Sava\u015ftepe ve \u0130zmir\u2019in K\u0131n\u0131k il\u00e7elerinden gelen ve hen\u00fcz g\u00fcn do\u011fmadan servislerle binen i\u015f\u00e7iler, sabah saat 07.30\u2019da madendeki mesailerine ba\u015flad\u0131.<\/p>\n<p>Daha \u00f6nce \u00fc\u00e7\u00fcnc\u00fc ayakta \u00fcretim izni verilen ocakta \u00fcretim yap\u0131lacak.<\/p>\n<p>Faciadan sonra yap\u0131lan denetimlerde i\u015f g\u00fcvenli\u011fi ko\u015fullar\u0131na uygun olmad\u0131\u011f\u0131 gerek\u00e7esiyle i\u015f m\u00fcfetti\u015flerince faaliyetleri durdurulan ve eksikleri giderilmesi s\u00fcre verilen I\u015f\u0131klar maden oca\u011f\u0131nda 9 Eyl\u00fcl\u2019de \u00fc\u00e7\u00fcnc\u00fc ayakta \u00fcretim i\u00e7in bin 200 i\u015f\u00e7i i\u015fba\u015f\u0131 yapm\u0131\u015ft\u0131.<\/p>\n<p>Soma Kaymakam\u0131 Bahatin At\u00e7\u0131 d\u00fcn yapt\u0131\u011f\u0131 a\u00e7\u0131klamada I\u015f\u0131klar Maden Oca\u011f\u0131\u2019nda \u00fcretimin yeniden ba\u015flamas\u0131 i\u00e7in gereken i\u015f g\u00fcvenli\u011fi raporunun olumlu \u00e7\u0131kt\u0131\u011f\u0131n\u0131 belirtmi\u015fti.<\/p>\n<p>\u0130l\u00e7ede 13 May\u0131s\u2019ta meydana gelen maden facias\u0131nda 301 i\u015f\u00e7i ya\u015fam\u0131n\u0131 yitirmi\u015fti.<\/p>\n<p>Kaynak: <a href=\"http:\/\/www.yenisafak.com.tr\/ekonomi\/somada-bin-700-isci-isbasi-yapti-692657\" target=\"_blank\" rel=\"nofollow\">yeni \u015fafak<\/a><\/p>","protected":false},"excerpt":{"rendered":"<p>Sorry, this entry is only available in Turkish. For the sake of viewer convenience, the content is shown below in the alternative language. You may click the link to switch the active language.Soma\u2019da maden facias\u0131n\u0131n ya\u015fand\u0131\u011f\u0131 Eynez Maden Oca\u011f\u0131n\u0131 \u00e7al\u0131\u015ft\u0131ran Soma K\u00f6m\u00fcrleri A\u015e\u2019ye ait I\u015f\u0131klar Maden Oca\u011f\u0131\u2019nda \u00fcretim i\u00e7in yakla\u015f\u0131k bin 700 i\u015f\u00e7i i\u015fba\u015f\u0131 yapt\u0131. [&hellip;]<\/p>\n","protected":false},"author":1,"featured_media":32494,"comment_status":"open","ping_status":"open","sticky":false,"template":"","format":"standard","meta":[],"categories":[53],"tags":[18888,18821,1816,15070,18277,18889],"views":597,"_links":{"self":[{"href":"https:\/\/www.enerjigazetesi.ist\/en\/wp-json\/wp\/v2\/posts\/32493"}],"collection":[{"href":"https:\/\/www.enerjigazetesi.ist\/en\/wp-json\/wp\/v2\/posts"}],"about":[{"href":"https:\/\/www.enerjigazetesi.ist\/en\/wp-json\/wp\/v2\/types\/post"}],"author":[{"embeddable":true,"href":"https:\/\/www.enerjigazetesi.ist\/en\/wp-json\/wp\/v2\/users\/1"}],"replies":[{"embeddable":true,"href":"https:\/\/www.enerjigazetesi.ist\/en\/wp-json\/wp\/v2\/comments?post=32493"}],"version-history":[{"count":1,"href":"https:\/\/www.enerjigazetesi.ist\/en\/wp-json\/wp\/v2\/posts\/32493\/revisions"}],"predecessor-version":[{"id":32495,"href":"https:\/\/www.enerjigazetesi.ist\/en\/wp-json\/wp\/v2\/posts\/32493\/revisions\/32495"}],"wp:featuredmedia":[{"embeddable":true,"href":"https:\/\/www.enerjigazetesi.ist\/en\/wp-json\/wp\/v2\/media\/32494"}],"wp:attachment":[{"href":"https:\/\/www.enerjigazetesi.ist\/en\/wp-json\/wp\/v2\/media?parent=32493"}],"wp:term":[{"taxonomy":"category","embeddable":true,"href":"https:\/\/www.enerjigazetesi.ist\/en\/wp-json\/wp\/v2\/categories?post=32493"},{"taxonomy":"post_tag","embeddable":true,"href":"https:\/\/www.enerjigazetesi.ist\/en\/wp-json\/wp\/v2\/tags?post=32493"}],"curies":[{"name":"wp","href":"https:\/\/api.w.org\/{rel}","templated":true}]}}