{"id":32456,"date":"2014-10-14T13:31:34","date_gmt":"2014-10-14T10:31:34","guid":{"rendered":"https:\/\/www.enerjigazetesi.ist\/?p=32456"},"modified":"2014-10-14T13:31:34","modified_gmt":"2014-10-14T10:31:34","slug":"iklim-degisikligi-ile-mucadelede-turkiyeden-buyuk-adim","status":"publish","type":"post","link":"https:\/\/www.enerjigazetesi.ist\/en\/iklim-degisikligi-ile-mucadelede-turkiyeden-buyuk-adim\/","title":{"rendered":"(Turkish) \u0130klim De\u011fi\u015fikli\u011fi \u0130le M\u00fccadelede T\u00fcrkiye\u2019den B\u00fcy\u00fck Ad\u0131m!"},"content":{"rendered":"<p class=\"qtranxs-available-languages-message qtranxs-available-languages-message-en\">Sorry, this entry is only available in <a href=\"https:\/\/www.enerjigazetesi.ist\/tr\/wp-json\/wp\/v2\/posts\/32456\" class=\"qtranxs-available-language-link qtranxs-available-language-link-tr\" title=\"Turkish\">Turkish<\/a>. For the sake of viewer convenience, the content is shown below in the alternative language. You may click the link to switch the active language.<\/p><p><strong>\u00c7evre ve \u015eehircilik Bakanl\u0131\u011f\u0131 taraf\u0131ndan \u201cSera Gaz\u0131 Emisyonlar\u0131n\u0131n \u0130zlenmesi ve Raporlanmas\u0131\u201d hakk\u0131nda yay\u0131mlanan y\u00f6netmeli\u011fin T\u00fcrkiye a\u00e7\u0131s\u0131ndan d\u00f6n\u00fcm noktas\u0131 oldu\u011fu bildirildi<\/strong><\/p>\n<p>\u0130stanbul Karbon Zirvesi Komite Ba\u015fkan\u0131 Prof. Dr. Etem Karakaya:<\/p>\n<p>\u201cSera gaz\u0131 emisyonlar\u0131n\u0131n izlenmesi ve raporlanmas\u0131 ile \u00fclkemizde bu emisyonlar\u0131n do\u011fru olarak hesaplanmas\u0131 ve bunlara kaynakl\u0131k eden fakt\u00f6rler daha net bir<a href=\"https:\/\/www.enerjigazetesi.ist\/wp-content\/uploads\/2014\/10\/iklim-degisikligi-ile-mucadelede-turkiyeden-buyuk-adim.jpg\"><img loading=\"lazy\" class=\"alignleft size-medium wp-image-32457\" src=\"https:\/\/www.enerjigazetesi.ist\/wp-content\/uploads\/2014\/10\/iklim-degisikligi-ile-mucadelede-turkiyeden-buyuk-adim-300x223.jpg\" alt=\"iklim-degisikligi-ile-mucadelede-turkiyeden-buyuk-adim\" width=\"300\" height=\"223\" srcset=\"https:\/\/www.enerjigazetesi.ist\/wp-content\/uploads\/2014\/10\/iklim-degisikligi-ile-mucadelede-turkiyeden-buyuk-adim-300x223.jpg 300w, https:\/\/www.enerjigazetesi.ist\/wp-content\/uploads\/2014\/10\/iklim-degisikligi-ile-mucadelede-turkiyeden-buyuk-adim-500x372.jpg 500w, https:\/\/www.enerjigazetesi.ist\/wp-content\/uploads\/2014\/10\/iklim-degisikligi-ile-mucadelede-turkiyeden-buyuk-adim-67x50.jpg 67w, https:\/\/www.enerjigazetesi.ist\/wp-content\/uploads\/2014\/10\/iklim-degisikligi-ile-mucadelede-turkiyeden-buyuk-adim.jpg 600w\" sizes=\"(max-width: 300px) 100vw, 300px\" \/><\/a> \u015fekilde belirlenecek. Bu anlamda sera gaz\u0131 emisyonu konusunda \u00f6nleyici politikalar\u0131n olu\u015fturulmas\u0131 kolayla\u015facak\u201d<\/p>\n<p>\u00c7evre ve \u015eehircilik Bakanl\u0131\u011f\u0131 taraf\u0131ndan \u201cSera Gaz\u0131 Emisyonlar\u0131n\u0131n \u0130zlenmesi ve Raporlanmas\u0131\u201d hakk\u0131nda yay\u0131mlanan y\u00f6netmelik ve tebli\u011f ile sekt\u00f6rdeki \u00e7ok say\u0131da firman\u0131n sera gaz\u0131 emisyon izleme plan\u0131 olu\u015fturarak y\u0131ll\u0131k sera gaz\u0131 emisyonlar\u0131n\u0131 raporlayacak olmas\u0131n\u0131n T\u00fcrkiye a\u00e7\u0131s\u0131ndan d\u00f6n\u00fcm noktas\u0131 oldu\u011fu bildirildi.<\/p>\n<p>Y\u00fcr\u00fcrl\u00fc\u011fe giren y\u00f6netmelik ile birlikte 1 Ocak 2015 tarihinden itibaren ilgili sekt\u00f6rdeki enerji-yo\u011fun firmalar, y\u0131ll\u0131k sera gaz\u0131 emisyonlar\u0131n\u0131 izlemekle y\u00fck\u00fcml\u00fc olacak ve 30 Nisan 2016 tarihine kadar 2015 y\u0131l\u0131 i\u00e7in haz\u0131rlanm\u0131\u015f ve do\u011frulanm\u0131\u015f y\u0131ll\u0131k sera gaz\u0131 emisyonlar\u0131n\u0131 yine \u00c7evre ve \u015eehircilik Bakanl\u0131\u011f\u0131\u2019na sunacaklar.<\/p>\n<p>Avrupa Emisyon Ticaret Sistemi takip edilerek haz\u0131rlanan y\u00f6netmeli\u011fin, emisyona neden olan sekt\u00f6rleri belirlemek a\u00e7\u0131s\u0131ndan son derece faydal\u0131 olaca\u011f\u0131n\u0131 belirten Adnan Menderes \u00dcniversitesi \u00d6\u011fretim \u00dcyesi ve \u0130stanbul Karbon Zirvesi Komite Ba\u015fkan\u0131 Prof. Dr. Etem Karakaya, \u201cBu y\u00f6netmelik iklim de\u011fi\u015fikli\u011fi ile m\u00fccadelede T\u00fcrkiye a\u00e7\u0131s\u0131ndan \u00e7ok \u00f6nemli bir d\u00f6n\u00fcm noktas\u0131. Bu \u015fekilde sera gaz\u0131 emisyonlar\u0131na kaynakl\u0131k eden fakt\u00f6rler daha net bir \u015fekilde belirlenecek. Bu anlamda sera gaz\u0131 emisyonu konusunda \u00f6nleyici politikalar\u0131n olu\u015fturulmas\u0131 kolayla\u015facak. T\u00fcrkiye\u2019de emisyon verilerinin \u00f6l\u00e7\u00fcl\u00fcp, raporlanabiliyor olmas\u0131, T\u00fcrkiye\u2019nin uluslararas\u0131 arenada yap\u0131lan iklim de\u011fi\u015fikli\u011fi \u00e7al\u0131\u015fmalar\u0131nda daha aktif rol oynamas\u0131 a\u00e7\u0131s\u0131ndan da son derece \u00f6nem ta\u015f\u0131yor\u201d dedi.<\/p>\n<p>Karakaya, \u00fclkemizde b\u00fcy\u00fck \u00f6l\u00e7ekli firmalar\u0131n \u00f6nemli b\u00f6l\u00fcm\u00fcn\u00fcn karbon izi konusunda \u00e7al\u0131\u015fmalara ba\u015flamas\u0131n\u0131n s\u00f6z konusu raporlamada \u00e7ok \u00f6nemli bir alt yap\u0131 olaca\u011f\u0131n\u0131, tebli\u011fin eksiklerin h\u0131zla giderilmesi i\u00e7in art\u0131 de\u011fer kataca\u011f\u0131n\u0131 vurgulad\u0131.<\/p>\n<p><strong>\u201c\u00d6zel sekt\u00f6r yine \u00f6nc\u00fc olacak\u201d<\/strong><\/p>\n<p>Prof. Dr. Etem Karakaya, T\u00fcrkiye\u2019ye uluslararas\u0131 arenada ciddi prestij katacak bu ad\u0131mda \u00f6zel sekt\u00f6r\u00fcn bundan sonra da \u00fczerine d\u00fc\u015feni yapmas\u0131 ve \u00f6nc\u00fc olmas\u0131 gerekti\u011fini ifade ederek, \u015funlar\u0131 s\u00f6yledi:<\/p>\n<p>\u201cY\u00f6netmelik kapsam\u0131nda enerji \u00fcretiminin yan\u0131 s\u0131ra, rafineriler, \u00e7imento, demir \u00e7elik, kimya,cam ve ka\u011f\u0131t \u00fcretimi yapan firmalar bulunuyor. Sera gaz\u0131 emisyonunun izlenmesi, raporlanmas\u0131 ve do\u011frulanmas\u0131 konusundaki \u00e7al\u0131\u015fmalara \u00f6nc\u00fcl\u00fck edecek bu firmalar\u0131n konuyla ilgili bilin\u00e7lendirilmeleri gerekiyor. Dahas\u0131, s\u00f6z konusu y\u00f6netmelik kapsam\u0131nda izlenen ve raporlanan emisyonlar\u0131n do\u011frulanmas\u0131 i\u015flemini T\u00fcrk Akreditasyon Kurumu (T\u00dcRKAK) taraf\u0131ndan akredite edilerek yapacak olan do\u011frulay\u0131c\u0131 kurulu\u015flar\u0131n rol\u00fc ve hangi kriterlere g\u00f6re se\u00e7ilece\u011fi \u00f6nemlidir.<\/p>\n<p>Bu ba\u011flamda \u00c7evre ve \u015eehircilik Bakanl\u0131\u011f\u0131 \u00f6nc\u00fcl\u00fc\u011f\u00fcnde geli\u015ftirilen projelerle haz\u0131rl\u0131k \u00e7al\u0131\u015fmalar\u0131 yap\u0131lmaktad\u0131r. Bunun yan\u0131nda STK\u2019lar, \u00fcniversiteler ve di\u011fer ilgili payda\u015flarda haz\u0131rl\u0131k \u00e7al\u0131\u015fmalar\u0131 yapmal\u0131d\u0131r. \u00c7\u00fcnk\u00fc bu konudaki \u00e7al\u0131\u015fmalar\u0131n alt yap\u0131s\u0131ndaki yetersizlikler sistemin ayakta durmas\u0131n\u0131 tehlikeye sokabilir. 2-3 Nisan 2015\u2019te ikincisi d\u00fczenlenecek olan \u0130stanbul Karbon Zirvesi\u2019nde de bu konular ilgili payda\u015flarla detayl\u0131 olarak ele al\u0131nacak. Bu anlamda II. \u0130stanbul Karbon Zirvesi karbon emisyonu konusunda bilin\u00e7lenme ad\u0131na \u00e7ok say\u0131da firma ve sekt\u00f6r a\u00e7\u0131s\u0131ndan da son derece \u00f6nemli bir f\u0131rsat niteli\u011findedir.\u201d<\/p>\n<p>Yay\u0131nc\u0131: <a href=\"https:\/\/www.enerjigazetesi.ist\" target=\"_blank\">Enerji Gazetesi<\/a><\/p>","protected":false},"excerpt":{"rendered":"<p>Sorry, this entry is only available in Turkish. For the sake of viewer convenience, the content is shown below in the alternative language. You may click the link to switch the active language.\u00c7evre ve \u015eehircilik Bakanl\u0131\u011f\u0131 taraf\u0131ndan \u201cSera Gaz\u0131 Emisyonlar\u0131n\u0131n \u0130zlenmesi ve Raporlanmas\u0131\u201d hakk\u0131nda yay\u0131mlanan y\u00f6netmeli\u011fin T\u00fcrkiye a\u00e7\u0131s\u0131ndan d\u00f6n\u00fcm noktas\u0131 oldu\u011fu bildirildi \u0130stanbul Karbon Zirvesi [&hellip;]<\/p>\n","protected":false},"author":1,"featured_media":32457,"comment_status":"open","ping_status":"open","sticky":false,"template":"","format":"standard","meta":[],"categories":[53],"tags":[18858,63,67,1009,165,4531,12701,14351,2533,18857,846],"views":1030,"_links":{"self":[{"href":"https:\/\/www.enerjigazetesi.ist\/en\/wp-json\/wp\/v2\/posts\/32456"}],"collection":[{"href":"https:\/\/www.enerjigazetesi.ist\/en\/wp-json\/wp\/v2\/posts"}],"about":[{"href":"https:\/\/www.enerjigazetesi.ist\/en\/wp-json\/wp\/v2\/types\/post"}],"author":[{"embeddable":true,"href":"https:\/\/www.enerjigazetesi.ist\/en\/wp-json\/wp\/v2\/users\/1"}],"replies":[{"embeddable":true,"href":"https:\/\/www.enerjigazetesi.ist\/en\/wp-json\/wp\/v2\/comments?post=32456"}],"version-history":[{"count":1,"href":"https:\/\/www.enerjigazetesi.ist\/en\/wp-json\/wp\/v2\/posts\/32456\/revisions"}],"predecessor-version":[{"id":32458,"href":"https:\/\/www.enerjigazetesi.ist\/en\/wp-json\/wp\/v2\/posts\/32456\/revisions\/32458"}],"wp:featuredmedia":[{"embeddable":true,"href":"https:\/\/www.enerjigazetesi.ist\/en\/wp-json\/wp\/v2\/media\/32457"}],"wp:attachment":[{"href":"https:\/\/www.enerjigazetesi.ist\/en\/wp-json\/wp\/v2\/media?parent=32456"}],"wp:term":[{"taxonomy":"category","embeddable":true,"href":"https:\/\/www.enerjigazetesi.ist\/en\/wp-json\/wp\/v2\/categories?post=32456"},{"taxonomy":"post_tag","embeddable":true,"href":"https:\/\/www.enerjigazetesi.ist\/en\/wp-json\/wp\/v2\/tags?post=32456"}],"curies":[{"name":"wp","href":"https:\/\/api.w.org\/{rel}","templated":true}]}}