{"id":32410,"date":"2014-10-13T15:41:12","date_gmt":"2014-10-13T12:41:12","guid":{"rendered":"https:\/\/www.enerjigazetesi.ist\/?p=32410"},"modified":"2014-10-13T15:41:12","modified_gmt":"2014-10-13T12:41:12","slug":"soma-komur-isletmeleri-a-s-somadaki-tum-uretimini-durdurdu","status":"publish","type":"post","link":"https:\/\/www.enerjigazetesi.ist\/en\/soma-komur-isletmeleri-a-s-somadaki-tum-uretimini-durdurdu\/","title":{"rendered":"(Turkish) Soma K\u00f6m\u00fcr \u0130\u015fletmeleri A.\u015e., Soma\u2019daki T\u00fcm \u00dcretimini Durdurdu!"},"content":{"rendered":"<p class=\"qtranxs-available-languages-message qtranxs-available-languages-message-en\">Sorry, this entry is only available in <a href=\"https:\/\/www.enerjigazetesi.ist\/tr\/wp-json\/wp\/v2\/posts\/32410\" class=\"qtranxs-available-language-link qtranxs-available-language-link-tr\" title=\"Turkish\">Turkish<\/a>. For the sake of viewer convenience, the content is shown below in the alternative language. You may click the link to switch the active language.<\/p><p><strong>Manisa Soma\u2019da 301 ki\u015finin \u00f6ld\u00fc\u011f\u00fc maden facias\u0131n\u0131n ya\u015fand\u0131\u011f\u0131 Eynez k\u00f6m\u00fcr oca\u011f\u0131n\u0131 \u00e7al\u0131\u015ft\u0131ran Soma K\u00f6m\u00fcr \u0130\u015fletmeleri A.\u015e., Cuma \u00f6\u011fleden sonra Soma\u2019daki t\u00fcm \u00fcretimini durdurdu.<\/strong><span id=\"more-67499\"><\/span><\/p>\n<p>Soma K\u00f6m\u00fcr \u0130\u015fletmeleri A.\u015e., Manisa Soma\u2019daki I\u015f\u0131klar maden oca\u011f\u0131nda 10 Ekim Cuma g\u00fcn\u00fc \u00f6\u011fleden sonra \u00fc\u00e7 vardiya halinde \u00e7al\u0131\u015fan bin 200 i\u015f\u00e7iye madeni kapatt\u0131klar\u0131n\u0131 duyurdu.<\/p>\n<p>Soma K\u00f6m\u00fcr \u0130\u015ftetmeleri\u2019nin <a href=\"https:\/\/www.enerjigazetesi.ist\/wp-content\/uploads\/2014\/10\/soma-komur-isletmeleri-a-s-somadaki-tum-uretimini-durdurdu.jpg\"><img loading=\"lazy\" class=\"alignleft size-medium wp-image-32411\" src=\"https:\/\/www.enerjigazetesi.ist\/wp-content\/uploads\/2014\/10\/soma-komur-isletmeleri-a-s-somadaki-tum-uretimini-durdurdu-300x204.jpg\" alt=\"soma-komur-isletmeleri-a-s-somadaki-tum-uretimini-durdurdu\" width=\"300\" height=\"204\" srcset=\"https:\/\/www.enerjigazetesi.ist\/wp-content\/uploads\/2014\/10\/soma-komur-isletmeleri-a-s-somadaki-tum-uretimini-durdurdu-300x204.jpg 300w, https:\/\/www.enerjigazetesi.ist\/wp-content\/uploads\/2014\/10\/soma-komur-isletmeleri-a-s-somadaki-tum-uretimini-durdurdu-500x340.jpg 500w, https:\/\/www.enerjigazetesi.ist\/wp-content\/uploads\/2014\/10\/soma-komur-isletmeleri-a-s-somadaki-tum-uretimini-durdurdu-73x50.jpg 73w, https:\/\/www.enerjigazetesi.ist\/wp-content\/uploads\/2014\/10\/soma-komur-isletmeleri-a-s-somadaki-tum-uretimini-durdurdu.jpg 600w\" sizes=\"(max-width: 300px) 100vw, 300px\" \/><\/a>bir y\u00f6neticisi, \u201c\u00c7al\u0131\u015fma ve Sosyal G\u00fcvenlik Bakanl\u0131\u011f\u0131 ile Enerji Bakanl\u0131\u011f\u0131\u2019n\u0131n denetimleri sonucu I\u015f\u0131klar maden oca\u011f\u0131nda d\u00f6rd\u00fcnc\u00fc ayakta 30 metre uzunlu\u011fundaki bir alanda \u00fcretim yapmam\u0131za izin verilmi\u015fti. Biz de bir ayl\u0131k \u00e7al\u0131\u015fma sonunda buray\u0131 bitirdik. \u0130ki bakanl\u0131k anla\u015f\u0131p i\u015fin devam etmesi konusunda izin veremedi. Bunun \u00fczerine \u015firket de madeni kapatma karar\u0131 ald\u0131\u201d dedi.<\/p>\n<p>Ayn\u0131 yetkili, \u201c\u0130\u015f\u00e7iler i\u015fsiz mi kalacak\u201d sorusuna, \u201cZaten iki maden oca\u011f\u0131m\u0131z Atabacas\u0131 ve kazan\u0131n ya\u015fand\u0131\u011f\u0131 ocak Eynez kapal\u0131 durumdayd\u0131. Burada da \u00fcretim yap\u0131lmazsa i\u015f\u00e7iler de\u011fil y\u00f6netici olarak bizler bile i\u015fsiz kal\u0131r\u0131z. Kesin sonu\u00e7 \u015firketin y\u00f6netim kurulunun Pazartesi g\u00fcnk\u00fc toplant\u0131s\u0131nda belli olacak\u201d dedi. Karar \u00fczerine Maden \u0130\u015f Sendikas\u0131 \u015fubelerinin y\u00f6neticileri acil toplant\u0131 karar\u0131 ald\u0131.<\/p>\n<p>Manisa\u2019n\u0131n Soma il\u00e7esinde 13 May\u0131s\u2019ta 301 madencinin hayat\u0131n\u0131 kaybetmesine neden olan maden facias\u0131n\u0131n ya\u015fand\u0131\u011f\u0131 Eynez k\u00f6m\u00fcr oca\u011f\u0131 ile I\u015f\u0131klar ve Atabacas\u0131 maden ocaklar\u0131n\u0131 i\u015fleten Soma K\u00f6m\u00fcr \u0130\u015fletmeleri A.\u015e.\u2019nin faciadan sonra t\u00fcm faaliyeti durdurulmu\u015ftu. Daha sonra \u015firketin sadece I\u015f\u0131klar maden oca\u011f\u0131nda bir b\u00f6lgede k\u00f6m\u00fcr \u00e7\u0131karmas\u0131na izin verilmi\u015fti.<\/p>\n<p>Kaynak: <a href=\"http:\/\/www.aljazeera.com.tr\/haber\/soma-uretimi-durdurdu\" target=\"_blank\" rel=\"nofollow\">aljazeera<\/a><\/p>","protected":false},"excerpt":{"rendered":"<p>Sorry, this entry is only available in Turkish. For the sake of viewer convenience, the content is shown below in the alternative language. You may click the link to switch the active language.Manisa Soma\u2019da 301 ki\u015finin \u00f6ld\u00fc\u011f\u00fc maden facias\u0131n\u0131n ya\u015fand\u0131\u011f\u0131 Eynez k\u00f6m\u00fcr oca\u011f\u0131n\u0131 \u00e7al\u0131\u015ft\u0131ran Soma K\u00f6m\u00fcr \u0130\u015fletmeleri A.\u015e., Cuma \u00f6\u011fleden sonra Soma\u2019daki t\u00fcm \u00fcretimini durdurdu. [&hellip;]<\/p>\n","protected":false},"author":1,"featured_media":32411,"comment_status":"open","ping_status":"open","sticky":false,"template":"","format":"standard","meta":[],"categories":[53],"tags":[63,963,67,1009,165,18820,18821,18822,15169,18823,18819],"views":1200,"_links":{"self":[{"href":"https:\/\/www.enerjigazetesi.ist\/en\/wp-json\/wp\/v2\/posts\/32410"}],"collection":[{"href":"https:\/\/www.enerjigazetesi.ist\/en\/wp-json\/wp\/v2\/posts"}],"about":[{"href":"https:\/\/www.enerjigazetesi.ist\/en\/wp-json\/wp\/v2\/types\/post"}],"author":[{"embeddable":true,"href":"https:\/\/www.enerjigazetesi.ist\/en\/wp-json\/wp\/v2\/users\/1"}],"replies":[{"embeddable":true,"href":"https:\/\/www.enerjigazetesi.ist\/en\/wp-json\/wp\/v2\/comments?post=32410"}],"version-history":[{"count":1,"href":"https:\/\/www.enerjigazetesi.ist\/en\/wp-json\/wp\/v2\/posts\/32410\/revisions"}],"predecessor-version":[{"id":32412,"href":"https:\/\/www.enerjigazetesi.ist\/en\/wp-json\/wp\/v2\/posts\/32410\/revisions\/32412"}],"wp:featuredmedia":[{"embeddable":true,"href":"https:\/\/www.enerjigazetesi.ist\/en\/wp-json\/wp\/v2\/media\/32411"}],"wp:attachment":[{"href":"https:\/\/www.enerjigazetesi.ist\/en\/wp-json\/wp\/v2\/media?parent=32410"}],"wp:term":[{"taxonomy":"category","embeddable":true,"href":"https:\/\/www.enerjigazetesi.ist\/en\/wp-json\/wp\/v2\/categories?post=32410"},{"taxonomy":"post_tag","embeddable":true,"href":"https:\/\/www.enerjigazetesi.ist\/en\/wp-json\/wp\/v2\/tags?post=32410"}],"curies":[{"name":"wp","href":"https:\/\/api.w.org\/{rel}","templated":true}]}}