{"id":32381,"date":"2014-10-12T13:59:39","date_gmt":"2014-10-12T10:59:39","guid":{"rendered":"https:\/\/www.enerjigazetesi.ist\/?p=32381"},"modified":"2014-10-12T14:02:40","modified_gmt":"2014-10-12T11:02:40","slug":"enerji-verimliligiyle-en-az-enerji-ile-daha-fazlasini-yapmak-zorundayiz","status":"publish","type":"post","link":"https:\/\/www.enerjigazetesi.ist\/en\/enerji-verimliligiyle-en-az-enerji-ile-daha-fazlasini-yapmak-zorundayiz\/","title":{"rendered":"(Turkish) Enerji Verimlili\u011fiyle En Az Enerji \u0130le Daha Fazlas\u0131n\u0131 Yapmak Zorunday\u0131z!"},"content":{"rendered":"<p class=\"qtranxs-available-languages-message qtranxs-available-languages-message-en\">Sorry, this entry is only available in <a href=\"https:\/\/www.enerjigazetesi.ist\/tr\/wp-json\/wp\/v2\/posts\/32381\" class=\"qtranxs-available-language-link qtranxs-available-language-link-tr\" title=\"Turkish\">Turkish<\/a>. For the sake of viewer convenience, the content is shown below in the alternative language. You may click the link to switch the active language.<\/p><p><strong>Schneider Electric Veri Merkezlerinden Sorumlu Global Ba\u015fkan Yard\u0131mc\u0131s\u0131 Paul Francois Cattier, T\u00fcrkiye\u2019nin \u015fu an i\u00e7in en az enerjiyle daha fazlas\u0131n\u0131 yapmak durumunda oldu\u011funu ve bunun i\u00e7in de <a href=\"http:\/\/www.enve.com.tr\" target=\"_blank\">enerji verimlili\u011fi<\/a>nin \u015fart oldu\u011funu s\u00f6yledi.<\/strong><\/p>\n<p>Paul Francois Cattier, T\u00fcrkiye\u2019nin cari a\u00e7\u0131\u011f\u0131n\u0131n \u00f6nemli bir b\u00f6l\u00fcm\u00fcn\u00fc enerjinin olu\u015fturdu\u011funa ve CO2 emisy<a href=\"https:\/\/www.enerjigazetesi.ist\/wp-content\/uploads\/2014\/10\/turkiye-en-az-enerjiyle-daha-fazlasini-yapmak-zorundadir.jpg\"><img loading=\"lazy\" class=\"alignright wp-image-32382 size-medium\" src=\"https:\/\/www.enerjigazetesi.ist\/wp-content\/uploads\/2014\/10\/turkiye-en-az-enerjiyle-daha-fazlasini-yapmak-zorundadir-300x197.jpg\" alt=\"turkiye-en-az-enerjiyle-daha-fazlasini-yapmak-zorundadir\" width=\"300\" height=\"197\" srcset=\"https:\/\/www.enerjigazetesi.ist\/wp-content\/uploads\/2014\/10\/turkiye-en-az-enerjiyle-daha-fazlasini-yapmak-zorundadir-300x197.jpg 300w, https:\/\/www.enerjigazetesi.ist\/wp-content\/uploads\/2014\/10\/turkiye-en-az-enerjiyle-daha-fazlasini-yapmak-zorundadir-75x50.jpg 75w, https:\/\/www.enerjigazetesi.ist\/wp-content\/uploads\/2014\/10\/turkiye-en-az-enerjiyle-daha-fazlasini-yapmak-zorundadir.jpg 448w\" sizes=\"(max-width: 300px) 100vw, 300px\" \/><\/a>onunu yar\u0131 yar\u0131ya indirmesi gerekti\u011fine dikkat \u00e7ekerek, en az enerjiyle daha fazlas\u0131n\u0131 yapmak durumunda oldu\u011funu ve bunun i\u00e7in de enerji verimlili\u011finin \u015fart oldu\u011funu s\u00f6yledi.<\/p>\n<p><strong><a href=\"http:\/\/www.enve.com.tr\" target=\"_blank\">Enerji verimlili\u011fi<\/a> neden ekonomi i\u00e7in \u00f6nemli? Bu konuyla ilgili gelece\u011fe y\u00f6nelik perspektifiniz nedir? <\/strong><\/p>\n<p>Elektrik t\u00fcketiminin 2050 y\u0131l\u0131na gelmeden, hen\u00fcz 2030 y\u0131l\u0131nda iki kat\u0131na \u00e7\u0131kmas\u0131 bekleniyor. Bu durumun da enerji fiyatlar\u0131n\u0131 son derece b\u00fcy\u00fck bir bask\u0131 alt\u0131na sokaca\u011f\u0131n\u0131 d\u00fc\u015f\u00fcn\u00fcyoruz. Ayn\u0131 zamanda, ba\u015fka bir \u00f6nemli sorunsa iklim krizini \u00f6nlemek i\u00e7in CO2 (karbondioksit) emisyonunun yar\u0131 yar\u0131ya indirilmesi gerekiyor.<\/p>\n<p>Elbette yenilenebilir enerji veya d\u00fc\u015f\u00fck karbon emisyonlu yan\u0131c\u0131 maddeler kullanabiliriz, ama bu yeterli olmayacakt\u0131r. Enerji t\u00fcketimini ekonomik b\u00fcy\u00fcmeden ay\u0131rabilmemiz i\u00e7in yeni bir enerji paradigmas\u0131na girmelidir. Bunun tek yolu ise <a href=\"http:\/\/www.enve.com.tr\" target=\"_blank\"><strong>enerji tasarrufu<\/strong> <\/a>sa\u011flayarak daha az enerjiyle maksimum verim sa\u011flamaktan ge\u00e7iyor.<\/p>\n<p><a href=\"http:\/\/www.enve.com.tr\" target=\"_blank\"><strong>Enerji verimlili\u011fi<\/strong><\/a> sayesinde \u015firketler, enerji maliyetlerini y\u00fckseltmeden ve kendilerini etkileyebilecek global iklim krizi s\u0131n\u0131rlar\u0131 dahilinde, kendi ekonomilerini b\u00fcy\u00fctebilirler.<\/p>\n<p><strong><a href=\"http:\/\/www.enve.com.tr\" target=\"_blank\">Enerji verimlili\u011fi <\/a>konusunda \u0130stanbul ve\/veya T\u00fcrkiye i\u00e7in g\u00f6zlemleriniz ve tavsiyeleriniz var m\u0131d\u0131r?<\/strong><\/p>\n<p>T\u00fcrkiye`de <a href=\"http:\/\/www.enve.com.tr\" target=\"_blank\">enerji verimlili\u011fi<\/a> kanunlar\u0131 ve y\u00f6netmelikleri mevcut. Bu hukuksal d\u00fczenlemelerin amac\u0131, enerji kaynaklar\u0131n\u0131 ve enerjiyi kullanmada verimlili\u011fi art\u0131rmak, at\u0131ktan ka\u00e7\u0131nmak, enerjinin ekonomi \u00fczerindeki y\u00fck\u00fcn\u00fc azaltmak ve \u00e7evreyi korumakt\u0131r. Ancak, daha fazla g\u00f6n\u00fcll\u00fc enerji verimlili\u011fi projeleri sa\u011flamam\u0131z ve bunlar\u0131n ger\u00e7ekle\u015fmesini desteklememiz gerekiyor.<\/p>\n<p>Ayr\u0131ca, fark\u0131ndal\u0131\u011f\u0131 artt\u0131rmak ve daha fazla bilin\u00e7 sahibi olunmas\u0131n\u0131 sa\u011flamak i\u00e7in e\u011fitim \u00e7ok \u00f6nemli bir role sahiptir.<\/p>\n<p><strong>Haberin <a href=\"http:\/\/enerjigunlugu.net\/turkiye-en-az-enerjiyle-daha-fazlasini-yapmak-duru_10415.html\" target=\"_blank\" rel=\"nofollow\">Devam\u0131 \u0130\u00e7in TIKLAYINIZ&gt;&gt;&gt;<\/a><\/strong><\/p>\n<p>Kaynak: Enerji G\u00fcnl\u00fc\u011f\u00fc<\/p>","protected":false},"excerpt":{"rendered":"<p>Sorry, this entry is only available in Turkish. For the sake of viewer convenience, the content is shown below in the alternative language. You may click the link to switch the active language.Schneider Electric Veri Merkezlerinden Sorumlu Global Ba\u015fkan Yard\u0131mc\u0131s\u0131 Paul Francois Cattier, T\u00fcrkiye\u2019nin \u015fu an i\u00e7in en az enerjiyle daha fazlas\u0131n\u0131 yapmak durumunda oldu\u011funu [&hellip;]<\/p>\n","protected":false},"author":1,"featured_media":32382,"comment_status":"open","ping_status":"open","sticky":false,"template":"","format":"standard","meta":[],"categories":[53,52],"tags":[63,67,1009,165,103,12,18806,4157,793],"views":600,"_links":{"self":[{"href":"https:\/\/www.enerjigazetesi.ist\/en\/wp-json\/wp\/v2\/posts\/32381"}],"collection":[{"href":"https:\/\/www.enerjigazetesi.ist\/en\/wp-json\/wp\/v2\/posts"}],"about":[{"href":"https:\/\/www.enerjigazetesi.ist\/en\/wp-json\/wp\/v2\/types\/post"}],"author":[{"embeddable":true,"href":"https:\/\/www.enerjigazetesi.ist\/en\/wp-json\/wp\/v2\/users\/1"}],"replies":[{"embeddable":true,"href":"https:\/\/www.enerjigazetesi.ist\/en\/wp-json\/wp\/v2\/comments?post=32381"}],"version-history":[{"count":2,"href":"https:\/\/www.enerjigazetesi.ist\/en\/wp-json\/wp\/v2\/posts\/32381\/revisions"}],"predecessor-version":[{"id":32384,"href":"https:\/\/www.enerjigazetesi.ist\/en\/wp-json\/wp\/v2\/posts\/32381\/revisions\/32384"}],"wp:featuredmedia":[{"embeddable":true,"href":"https:\/\/www.enerjigazetesi.ist\/en\/wp-json\/wp\/v2\/media\/32382"}],"wp:attachment":[{"href":"https:\/\/www.enerjigazetesi.ist\/en\/wp-json\/wp\/v2\/media?parent=32381"}],"wp:term":[{"taxonomy":"category","embeddable":true,"href":"https:\/\/www.enerjigazetesi.ist\/en\/wp-json\/wp\/v2\/categories?post=32381"},{"taxonomy":"post_tag","embeddable":true,"href":"https:\/\/www.enerjigazetesi.ist\/en\/wp-json\/wp\/v2\/tags?post=32381"}],"curies":[{"name":"wp","href":"https:\/\/api.w.org\/{rel}","templated":true}]}}