{"id":32372,"date":"2014-10-12T12:05:55","date_gmt":"2014-10-12T09:05:55","guid":{"rendered":"https:\/\/www.enerjigazetesi.ist\/?p=32372"},"modified":"2014-10-12T13:31:28","modified_gmt":"2014-10-12T10:31:28","slug":"izmirde-enerji-konferansi-gerceklestirilecek","status":"publish","type":"post","link":"https:\/\/www.enerjigazetesi.ist\/en\/izmirde-enerji-konferansi-gerceklestirilecek\/","title":{"rendered":"(Turkish) \u0130zmir\u2019de Enerji Konferans\u0131 Ger\u00e7ekle\u015ftirilecek&#8230;"},"content":{"rendered":"<p class=\"qtranxs-available-languages-message qtranxs-available-languages-message-en\">Sorry, this entry is only available in <a href=\"https:\/\/www.enerjigazetesi.ist\/tr\/wp-json\/wp\/v2\/posts\/32372\" class=\"qtranxs-available-language-link qtranxs-available-language-link-tr\" title=\"Turkish\">Turkish<\/a>. For the sake of viewer convenience, the content is shown below in the alternative language. You may click the link to switch the active language.<\/p><p><strong>\u0130zmir, iki \u00f6nemli enerji konf<a href=\"https:\/\/www.enerjigazetesi.ist\/wp-content\/uploads\/2014\/10\/izmirde-enerji-konferansi-gerceklestirilecek.jpg\"><img loading=\"lazy\" class=\"alignleft size-full wp-image-32373\" src=\"https:\/\/www.enerjigazetesi.ist\/wp-content\/uploads\/2014\/10\/izmirde-enerji-konferansi-gerceklestirilecek.jpg\" alt=\"izmirde-enerji-konferansi-gerceklestirilecek\" width=\"300\" height=\"242\" srcset=\"https:\/\/www.enerjigazetesi.ist\/wp-content\/uploads\/2014\/10\/izmirde-enerji-konferansi-gerceklestirilecek.jpg 300w, https:\/\/www.enerjigazetesi.ist\/wp-content\/uploads\/2014\/10\/izmirde-enerji-konferansi-gerceklestirilecek-61x50.jpg 61w\" sizes=\"(max-width: 300px) 100vw, 300px\" \/><\/a>erans\u0131na ev sahipli\u011fi yapacak.<\/strong><\/p>\n<p>Rafineri ve petrokimya sekt\u00f6r\u00fc ile enerji g\u00fcvenli\u011fi konular\u0131n\u0131n ele al\u0131naca\u011f\u0131 konferanslarda, uluslararas\u0131 enerji \u015firketlerin y\u00f6neticileri, i\u015f adamlar\u0131 ile sivil toplum \u00f6rg\u00fctleri, \u00fcniversiteler ve meslek odalar\u0131n\u0131n temsilcileri, kar\u015f\u0131l\u0131kl\u0131 i\u015fbirli\u011fini geli\u015ftirme f\u0131rsat\u0131 bulacak.<\/p>\n<p>Enerji ve Tabii Kaynaklar Bakan\u0131 Taner Y\u0131ld\u0131z\u2019\u0131n a\u00e7\u0131l\u0131\u015f\u0131n\u0131 yapaca\u011f\u0131 \u201c17. Orta ve Do\u011fu Avrupa Rafineri ve Petrokimya Konferans\u0131\u201d, <strong>14-16 Ekim<\/strong> aras\u0131nda <strong>\u0130zmir Hilton Otel\u2019de<\/strong> ger\u00e7ekle\u015ftirilecek.<\/p>\n<p>\u201cG\u00fcneydo\u011fu Avrupa\u2019da Enerji G\u00fcvenli\u011fi Zirvesi\u201d ise 6-8 Kas\u0131m aras\u0131nda d\u00fczenlenecek.<\/p>\n<p>Kaynak: <a href=\"http:\/\/energyworld.com.tr\/izmirde-enerji-konferansi-gerceklestirilecek.html\" target=\"_blank\" rel=\"nofollow\">Energy World<\/a><\/p>","protected":false},"excerpt":{"rendered":"<p>Sorry, this entry is only available in Turkish. For the sake of viewer convenience, the content is shown below in the alternative language. You may click the link to switch the active language.\u0130zmir, iki \u00f6nemli enerji konferans\u0131na ev sahipli\u011fi yapacak. Rafineri ve petrokimya sekt\u00f6r\u00fc ile enerji g\u00fcvenli\u011fi konular\u0131n\u0131n ele al\u0131naca\u011f\u0131 konferanslarda, uluslararas\u0131 enerji \u015firketlerin y\u00f6neticileri, [&hellip;]<\/p>\n","protected":false},"author":1,"featured_media":32373,"comment_status":"open","ping_status":"open","sticky":false,"template":"","format":"standard","meta":[],"categories":[53,44],"tags":[18803,710,63,67,18802,1009,977,165,961,2689,1853,59,1852,667],"views":552,"_links":{"self":[{"href":"https:\/\/www.enerjigazetesi.ist\/en\/wp-json\/wp\/v2\/posts\/32372"}],"collection":[{"href":"https:\/\/www.enerjigazetesi.ist\/en\/wp-json\/wp\/v2\/posts"}],"about":[{"href":"https:\/\/www.enerjigazetesi.ist\/en\/wp-json\/wp\/v2\/types\/post"}],"author":[{"embeddable":true,"href":"https:\/\/www.enerjigazetesi.ist\/en\/wp-json\/wp\/v2\/users\/1"}],"replies":[{"embeddable":true,"href":"https:\/\/www.enerjigazetesi.ist\/en\/wp-json\/wp\/v2\/comments?post=32372"}],"version-history":[{"count":1,"href":"https:\/\/www.enerjigazetesi.ist\/en\/wp-json\/wp\/v2\/posts\/32372\/revisions"}],"predecessor-version":[{"id":32374,"href":"https:\/\/www.enerjigazetesi.ist\/en\/wp-json\/wp\/v2\/posts\/32372\/revisions\/32374"}],"wp:featuredmedia":[{"embeddable":true,"href":"https:\/\/www.enerjigazetesi.ist\/en\/wp-json\/wp\/v2\/media\/32373"}],"wp:attachment":[{"href":"https:\/\/www.enerjigazetesi.ist\/en\/wp-json\/wp\/v2\/media?parent=32372"}],"wp:term":[{"taxonomy":"category","embeddable":true,"href":"https:\/\/www.enerjigazetesi.ist\/en\/wp-json\/wp\/v2\/categories?post=32372"},{"taxonomy":"post_tag","embeddable":true,"href":"https:\/\/www.enerjigazetesi.ist\/en\/wp-json\/wp\/v2\/tags?post=32372"}],"curies":[{"name":"wp","href":"https:\/\/api.w.org\/{rel}","templated":true}]}}