{"id":32330,"date":"2014-10-11T13:38:03","date_gmt":"2014-10-11T10:38:03","guid":{"rendered":"https:\/\/www.enerjigazetesi.ist\/?p=32330"},"modified":"2014-10-11T13:38:03","modified_gmt":"2014-10-11T10:38:03","slug":"dogu-akdenizdeki-enerji-krizine-diplomatik-cozum-onerisi","status":"publish","type":"post","link":"https:\/\/www.enerjigazetesi.ist\/en\/dogu-akdenizdeki-enerji-krizine-diplomatik-cozum-onerisi\/","title":{"rendered":"(Turkish) Do\u011fu Akdeniz\u2019deki Enerji Krizine Diplomatik \u00c7\u00f6z\u00fcm \u00d6nerisi!"},"content":{"rendered":"<p class=\"qtranxs-available-languages-message qtranxs-available-languages-message-en\">Sorry, this entry is only available in <a href=\"https:\/\/www.enerjigazetesi.ist\/tr\/wp-json\/wp\/v2\/posts\/32330\" class=\"qtranxs-available-language-link qtranxs-available-language-link-tr\" title=\"Turkish\">Turkish<\/a>. For the sake of viewer convenience, the content is shown below in the alternative language. You may click the link to switch the active language.<\/p><p><strong>Akdeniz \u00dclkeleri Enerji \u015eirketleri Birli\u011fi Hidrokarbon Kaynaklar\u0131 M\u00fcd\u00fcr\u00fc Sohbet Karbuz, T\u00fcrkiye\u2019nin, Do\u011fu Akdeniz\u2019deki enerji kaynaklar\u0131yla ilgili haklar\u0131n\u0131 diplomatik yollardan korumas\u0131 gerekti\u011fini belirtti. Son d\u00f6nemde Do\u011fu Akdeniz\u2019de ke\u015ffedilen enerji kaynaklar\u0131 \u00fczerine ya\u015fanan geli\u015fmeler, b\u00f6lgeyi oldu\u011fu kadar T\u00fcrkiye\u2019yi de yak\u0131ndan ilgilendiriyor.<\/strong><\/p>\n<p>G\u00fcney K\u0131br\u0131s\u2019\u0131n, tek yanl\u0131 ilan etti\u011fi m\u00fcnhas\u0131r ekonomik b\u00f6lgede (MEB) 2008\u2019den bu yana y\u00fcr\u00fct<a href=\"https:\/\/www.enerjigazetesi.ist\/wp-content\/uploads\/2014\/10\/dogu-akdenizdeki-enerji-krizine-diplomatik-cozum-onerisi.jpg\"><img loading=\"lazy\" class=\"alignright size-medium wp-image-32331\" src=\"https:\/\/www.enerjigazetesi.ist\/wp-content\/uploads\/2014\/10\/dogu-akdenizdeki-enerji-krizine-diplomatik-cozum-onerisi-300x191.jpg\" alt=\"dogu-akdenizdeki-enerji-krizine-diplomatik-cozum-onerisi\" width=\"300\" height=\"191\" srcset=\"https:\/\/www.enerjigazetesi.ist\/wp-content\/uploads\/2014\/10\/dogu-akdenizdeki-enerji-krizine-diplomatik-cozum-onerisi-300x191.jpg 300w, https:\/\/www.enerjigazetesi.ist\/wp-content\/uploads\/2014\/10\/dogu-akdenizdeki-enerji-krizine-diplomatik-cozum-onerisi-500x318.jpg 500w, https:\/\/www.enerjigazetesi.ist\/wp-content\/uploads\/2014\/10\/dogu-akdenizdeki-enerji-krizine-diplomatik-cozum-onerisi-80x50.jpg 80w, https:\/\/www.enerjigazetesi.ist\/wp-content\/uploads\/2014\/10\/dogu-akdenizdeki-enerji-krizine-diplomatik-cozum-onerisi.jpg 600w\" sizes=\"(max-width: 300px) 100vw, 300px\" \/><\/a>t\u00fc\u011f\u00fc petrol-do\u011falgaz arama faaliyetleri, T\u00fcrk sava\u015f gemileri taraf\u0131ndan yak\u0131ndan izleniyordu. Rum y\u00f6netimi, T\u00fcrkiye\u2019nin bu hareketiyle adadaki bar\u0131\u015f g\u00f6r\u00fc\u015fmelerini sekteye u\u011fratt\u0131\u011f\u0131n\u0131 iddia ederken, T\u00fcrkiye s\u00f6z konusu b\u00f6lgedeki do\u011fal kaynaklar\u0131n t\u00fcm ada halk\u0131na ait oldu\u011fu g\u00f6r\u00fc\u015f\u00fcn\u00fc dile getiriyor.<\/p>\n<p>Bu geli\u015fmelerin ard\u0131ndan 7 Ekim\u2019de, G\u00fcney K\u0131br\u0131s Rum Y\u00f6netimi lideri Nikos Anastasiadis, T\u00fcrkiye\u2019nin do\u011falgaz aramas\u0131 yap\u0131lan b\u00f6lgeye sava\u015f gemilerini g\u00f6ndermesi nedeniyle m\u00fczakere s\u00fcrecinden \u00e7ekildi\u011fini a\u00e7\u0131klam\u0131\u015ft\u0131.<\/p>\n<p>Konuya ili\u015fkin de\u011ferlendirmelerde bulunan Akdeniz \u00dclkeleri Enerji \u015eirketleri Birli\u011fi Hidrokarbon Kaynaklar\u0131 M\u00fcd\u00fcr\u00fc Karbuz, T\u00fcrkiye\u2019nin, Do\u011fu Akdeniz\u2019deki enerji kaynaklar\u0131yla ilgili haklar\u0131n\u0131 diplomatik yollardan korumas\u0131 gerekti\u011fini s\u00f6yledi.<\/p>\n<p>B\u00f6lgede son d\u00f6nemde ya\u015fanan geli\u015fmelerin uzun s\u00fcredir kendini tekrar eden bir s\u00fcre\u00e7 oldu\u011funa dikkati \u00e7eken Karbuz, bat\u0131 \u00fclkelerinin deste\u011fini arkas\u0131na alan G\u00fcney K\u0131br\u0131s Rum Y\u00f6netimi\u2019ne kar\u015f\u0131 T\u00fcrkiye\u2019nin att\u0131\u011f\u0131 ad\u0131mlar\u0131n olumsuz alg\u0131lanabilece\u011fini savundu.<\/p>\n<h2>\u201cRum taraf\u0131n\u0131n att\u0131\u011f\u0131 diplomatik ad\u0131mlar yetersiz\u201d<\/h2>\n<p>Oslo Bar\u0131\u015f Ara\u015ft\u0131rmalar\u0131 Enstit\u00fcs\u00fc K\u0131br\u0131s Merkezi Uzman\u0131 Ayla G\u00fcrel de son d\u00f6nemde ABD y\u00f6netiminin G\u00fcney K\u0131br\u0131s\u2019a s\u0131cak diplomatik mesajlar verdi\u011fini, bu durumun Anastasiadis\u2019in m\u00fczakerelerden \u00e7ekilme karar\u0131 gibi \u201cdramatik\u201d say\u0131labilecek bir karar\u0131 almas\u0131nda etkili oldu\u011funu ifade etti.<\/p>\n<p>Uluslararas\u0131 toplumun G\u00fcney K\u0131br\u0131s\u2019a verdi\u011fi destekten \u00f6t\u00fcr\u00fc, T\u00fcrkiye\u2019nin att\u0131\u011f\u0131 ad\u0131mlar\u0131n olumsuz kar\u015f\u0131land\u0131\u011f\u0131n\u0131 dile getiren G\u00fcrel, \u201cT\u00fcrk sava\u015f gemileri sadece g\u00f6zlem yap\u0131yordu ve Rum taraf\u0131n\u0131n 12 millik karasular\u0131 d\u0131\u015f\u0131nda duruyorlard\u0131. Sadece T\u00fcrk taraf\u0131n\u0131n, Rum taraf\u0131n\u0131n tavr\u0131n\u0131 dengelemek i\u00e7in yapt\u0131\u011f\u0131 bir hamleydi\u201d dedi.<\/p>\n<p>G\u00fcney K\u0131br\u0131s\u2019\u0131n att\u0131\u011f\u0131 diplomatik ad\u0131mlar\u0131n yetersiz oldu\u011funu belirten G\u00fcrel, \u201cG\u00fcney K\u0131br\u0131s \u00f6rne\u011fin adada gelir da\u011f\u0131l\u0131m\u0131 ve bunun hukuksal \u00e7er\u00e7evesi nas\u0131l olabilir gibi konular\u0131 g\u00fcndeme hi\u00e7 getirmedi. Rum taraf\u0131 en az\u0131ndan T\u00fcrk taraf\u0131n\u0131 biraz olsun rahatlatacak etkin bir \u00f6neriyle gelebilirdi. T\u00fcrk taraf\u0131 hep d\u0131\u015flanan taraf olmak istemiyor ve bu y\u00fczden haklar\u0131n\u0131 bazen diplomatik yollardan hat\u0131rlatmak zorunda kal\u0131yor\u201d diye konu\u015ftu.<\/p>\n<p>Haberin Devam\u0131 i\u00e7in <a href=\"http:\/\/www.sondakika.com\/haber\/haber-dogu-akdeniz-deki-enerji-krizine-diplomatik-cozum-6571879\/\" target=\"_blank\" rel=\"nofollow\">t\u0131klay\u0131n\u0131z&gt;&gt;&gt;<\/a><\/p>\n<p>Kaynak: Son Dakika<\/p>","protected":false},"excerpt":{"rendered":"<p>Sorry, this entry is only available in Turkish. For the sake of viewer convenience, the content is shown below in the alternative language. You may click the link to switch the active language.Akdeniz \u00dclkeleri Enerji \u015eirketleri Birli\u011fi Hidrokarbon Kaynaklar\u0131 M\u00fcd\u00fcr\u00fc Sohbet Karbuz, T\u00fcrkiye\u2019nin, Do\u011fu Akdeniz\u2019deki enerji kaynaklar\u0131yla ilgili haklar\u0131n\u0131 diplomatik yollardan korumas\u0131 gerekti\u011fini belirtti. Son [&hellip;]<\/p>\n","protected":false},"author":1,"featured_media":32331,"comment_status":"open","ping_status":"open","sticky":false,"template":"","format":"standard","meta":[],"categories":[46,53,44],"tags":[12953,18786,3885,18790,63,67,1009,7793,165,18787,632,15117,18788,18789],"views":703,"_links":{"self":[{"href":"https:\/\/www.enerjigazetesi.ist\/en\/wp-json\/wp\/v2\/posts\/32330"}],"collection":[{"href":"https:\/\/www.enerjigazetesi.ist\/en\/wp-json\/wp\/v2\/posts"}],"about":[{"href":"https:\/\/www.enerjigazetesi.ist\/en\/wp-json\/wp\/v2\/types\/post"}],"author":[{"embeddable":true,"href":"https:\/\/www.enerjigazetesi.ist\/en\/wp-json\/wp\/v2\/users\/1"}],"replies":[{"embeddable":true,"href":"https:\/\/www.enerjigazetesi.ist\/en\/wp-json\/wp\/v2\/comments?post=32330"}],"version-history":[{"count":1,"href":"https:\/\/www.enerjigazetesi.ist\/en\/wp-json\/wp\/v2\/posts\/32330\/revisions"}],"predecessor-version":[{"id":32332,"href":"https:\/\/www.enerjigazetesi.ist\/en\/wp-json\/wp\/v2\/posts\/32330\/revisions\/32332"}],"wp:featuredmedia":[{"embeddable":true,"href":"https:\/\/www.enerjigazetesi.ist\/en\/wp-json\/wp\/v2\/media\/32331"}],"wp:attachment":[{"href":"https:\/\/www.enerjigazetesi.ist\/en\/wp-json\/wp\/v2\/media?parent=32330"}],"wp:term":[{"taxonomy":"category","embeddable":true,"href":"https:\/\/www.enerjigazetesi.ist\/en\/wp-json\/wp\/v2\/categories?post=32330"},{"taxonomy":"post_tag","embeddable":true,"href":"https:\/\/www.enerjigazetesi.ist\/en\/wp-json\/wp\/v2\/tags?post=32330"}],"curies":[{"name":"wp","href":"https:\/\/api.w.org\/{rel}","templated":true}]}}