{"id":32301,"date":"2014-10-10T11:14:24","date_gmt":"2014-10-10T08:14:24","guid":{"rendered":"https:\/\/www.enerjigazetesi.ist\/?p=32301"},"modified":"2014-10-10T11:14:24","modified_gmt":"2014-10-10T08:14:24","slug":"turkiye-gelecek-3-yilda-1813-milyar-dolarlik-enerji-ithal-edecek","status":"publish","type":"post","link":"https:\/\/www.enerjigazetesi.ist\/en\/turkiye-gelecek-3-yilda-1813-milyar-dolarlik-enerji-ithal-edecek\/","title":{"rendered":"(Turkish) T\u00fcrkiye, Gelecek 3 Y\u0131lda 181,3 Milyar Dolarl\u0131k Enerji \u0130thal Edecek&#8230;"},"content":{"rendered":"<p class=\"qtranxs-available-languages-message qtranxs-available-languages-message-en\">Sorry, this entry is only available in <a href=\"https:\/\/www.enerjigazetesi.ist\/tr\/wp-json\/wp\/v2\/posts\/32301\" class=\"qtranxs-available-language-link qtranxs-available-language-link-tr\" title=\"Turkish\">Turkish<\/a>. For the sake of viewer convenience, the content is shown below in the alternative language. You may click the link to switch the active language.<\/p><p><strong>2015-2017 y\u0131llar\u0131n\u0131 kapsayan Orta Vadeli Program\u2019dan (OVP) derlenen verilere g\u00f6re T\u00fcrkiye, y\u0131l sonuna kadar enerji ithalat\u0131 i\u00e7in toplam 56,2 milyar dolar harcayacak.<\/strong><span id=\"more-67463\"><\/span><\/p>\n<p>Gelecek y\u0131l 57,3 milyar dolar, 2016\u2019da 60,1 milyar dolar, 2017\u2019de ise 63,9 milyar dolarl\u0131k enerji ithal edilecek. B\u00f6ylece T\u00fcrkiye, <a href=\"https:\/\/www.enerjigazetesi.ist\/wp-content\/uploads\/2014\/01\/nisanda-dogalgaza-yuzde-15-elektrige-yuzde-10-zam-gelir.jpg\"><img loading=\"lazy\" class=\"alignleft size-medium wp-image-21024\" src=\"https:\/\/www.enerjigazetesi.ist\/wp-content\/uploads\/2014\/01\/nisanda-dogalgaza-yuzde-15-elektrige-yuzde-10-zam-gelir-300x193.jpg\" alt=\"nisanda-dogalgaza-yuzde-15-elektrige-yuzde-10-zam-gelir\" width=\"300\" height=\"193\" srcset=\"https:\/\/www.enerjigazetesi.ist\/wp-content\/uploads\/2014\/01\/nisanda-dogalgaza-yuzde-15-elektrige-yuzde-10-zam-gelir-300x193.jpg 300w, https:\/\/www.enerjigazetesi.ist\/wp-content\/uploads\/2014\/01\/nisanda-dogalgaza-yuzde-15-elektrige-yuzde-10-zam-gelir-500x322.jpg 500w, https:\/\/www.enerjigazetesi.ist\/wp-content\/uploads\/2014\/01\/nisanda-dogalgaza-yuzde-15-elektrige-yuzde-10-zam-gelir-77x50.jpg 77w, https:\/\/www.enerjigazetesi.ist\/wp-content\/uploads\/2014\/01\/nisanda-dogalgaza-yuzde-15-elektrige-yuzde-10-zam-gelir.jpg 698w\" sizes=\"(max-width: 300px) 100vw, 300px\" \/><\/a>gelecek 3 y\u0131lda enerji i\u00e7in toplam 181,3 milyar dolar \u00f6deyecek.<\/p>\n<p>Programa g\u00f6re, brent tipi ham petrol fiyatlar\u0131 da gelecek y\u0131l 101,9 dolar, 2016\u2019da 100,4 dolar ve 2017\u2019de 98,8 dolar olacak.<\/p>\n<p>T\u00fcrkiye\u2019de ekonominin enerji yo\u011funlu\u011funu azaltmak \u00fczere enerji verimlili\u011fine y\u00f6nelik \u00f6zel tedbirler al\u0131nacak. Yurt i\u00e7i ve yurt d\u0131\u015f\u0131nda petrol ve do\u011falgaz arama faaliyetleri h\u0131zland\u0131r\u0131lacak, linyit k\u00f6m\u00fcr\u00fc ve jeotermal gibi yerli kaynaklar\u0131n arama ve \u00fcretim faaliyetleri azami seviyeye \u00e7\u0131kar\u0131lacak, kaya gaz\u0131 ve di\u011fer yeni teknolojilere y\u00f6nelik kapsaml\u0131 ara\u015ft\u0131rma faaliyetleri y\u00fcr\u00fct\u00fclecek.<\/p>\n<p>Maden, enerji hammaddeleri, yenilenebilir enerji ve n\u00fckleer enerji yat\u0131r\u0131mlar\u0131 i\u00e7in ayr\u0131lan kaynaklar \u00f6nemli oranda art\u0131r\u0131larak enerjide d\u0131\u015fa ba\u011f\u0131ml\u0131l\u0131k azalt\u0131lacak.<\/p>\n<p>\u00d6te yandan enerjide d\u0131\u015fa ba\u011f\u0131ml\u0131l\u0131k oran\u0131 y\u00fczde 70 seviyelerinde bulunan T\u00fcrkiye\u2019de enerji talebinin kar\u015f\u0131lanabilmesi i\u00e7in petrol, do\u011falgaz ve k\u00f6m\u00fcr, ithal enerji kaynaklar\u0131n\u0131n ba\u015f\u0131nda geliyor.<\/p>\n<p>T\u00fcrkiye\u2019de ge\u00e7en y\u0131l enerji ithalat\u0131 i\u00e7in 55,9 milyar dolar harcanm\u0131\u015ft\u0131.<\/p>\n<p>Kaynak: <a href=\"http:\/\/www.cnnturk.com\/haber\/ekonomi\/genel\/enerjide-fatura-yuksek-olacak\" target=\"_blank\" rel=\"nofollow\">CNN<\/a><\/p>","protected":false},"excerpt":{"rendered":"<p>Sorry, this entry is only available in Turkish. For the sake of viewer convenience, the content is shown below in the alternative language. You may click the link to switch the active language.2015-2017 y\u0131llar\u0131n\u0131 kapsayan Orta Vadeli Program\u2019dan (OVP) derlenen verilere g\u00f6re T\u00fcrkiye, y\u0131l sonuna kadar enerji ithalat\u0131 i\u00e7in toplam 56,2 milyar dolar harcayacak. Gelecek [&hellip;]<\/p>\n","protected":false},"author":1,"featured_media":21024,"comment_status":"open","ping_status":"open","sticky":false,"template":"","format":"standard","meta":[],"categories":[46,53],"tags":[18752,18753,94,12,58,1717,5562,18754,18755,9519,105,6356],"views":727,"_links":{"self":[{"href":"https:\/\/www.enerjigazetesi.ist\/en\/wp-json\/wp\/v2\/posts\/32301"}],"collection":[{"href":"https:\/\/www.enerjigazetesi.ist\/en\/wp-json\/wp\/v2\/posts"}],"about":[{"href":"https:\/\/www.enerjigazetesi.ist\/en\/wp-json\/wp\/v2\/types\/post"}],"author":[{"embeddable":true,"href":"https:\/\/www.enerjigazetesi.ist\/en\/wp-json\/wp\/v2\/users\/1"}],"replies":[{"embeddable":true,"href":"https:\/\/www.enerjigazetesi.ist\/en\/wp-json\/wp\/v2\/comments?post=32301"}],"version-history":[{"count":1,"href":"https:\/\/www.enerjigazetesi.ist\/en\/wp-json\/wp\/v2\/posts\/32301\/revisions"}],"predecessor-version":[{"id":32302,"href":"https:\/\/www.enerjigazetesi.ist\/en\/wp-json\/wp\/v2\/posts\/32301\/revisions\/32302"}],"wp:featuredmedia":[{"embeddable":true,"href":"https:\/\/www.enerjigazetesi.ist\/en\/wp-json\/wp\/v2\/media\/21024"}],"wp:attachment":[{"href":"https:\/\/www.enerjigazetesi.ist\/en\/wp-json\/wp\/v2\/media?parent=32301"}],"wp:term":[{"taxonomy":"category","embeddable":true,"href":"https:\/\/www.enerjigazetesi.ist\/en\/wp-json\/wp\/v2\/categories?post=32301"},{"taxonomy":"post_tag","embeddable":true,"href":"https:\/\/www.enerjigazetesi.ist\/en\/wp-json\/wp\/v2\/tags?post=32301"}],"curies":[{"name":"wp","href":"https:\/\/api.w.org\/{rel}","templated":true}]}}