{"id":32259,"date":"2014-10-09T10:15:51","date_gmt":"2014-10-09T07:15:51","guid":{"rendered":"https:\/\/www.enerjigazetesi.ist\/?p=32259"},"modified":"2014-10-09T17:44:32","modified_gmt":"2014-10-09T14:44:32","slug":"gap-yenilenebilir-projeleri-ile-enerji-ussu-olacak","status":"publish","type":"post","link":"https:\/\/www.enerjigazetesi.ist\/en\/gap-yenilenebilir-projeleri-ile-enerji-ussu-olacak\/","title":{"rendered":"(Turkish) \u201cGAP Yenilenebilir Projeleri \u0130le Enerji \u00dcss\u00fc Olacak\u201d"},"content":{"rendered":"<p class=\"qtranxs-available-languages-message qtranxs-available-languages-message-en\">Sorry, this entry is only available in <a href=\"https:\/\/www.enerjigazetesi.ist\/tr\/wp-json\/wp\/v2\/posts\/32259\" class=\"qtranxs-available-language-link qtranxs-available-language-link-tr\" title=\"Turkish\">Turkish<\/a>. For the sake of viewer convenience, the content is shown below in the alternative language. You may click the link to switch the active language.<\/p><p><strong>G\u00fcneydo\u011fu Anadolu Projesi (GAP) B\u00f6lge Kalk\u0131nma \u0130daresi Ba\u015fkan\u0131 Sadrettin Karahocagil, yenilenebilir enerjide biyok\u00fctle ile g\u00fcne\u015fe yo\u011funla\u015ft\u0131klar\u0131n\u0131 ve b\u00f6lgenin \u201cenerji \u00fcss\u00fc\u201d olarak an\u0131laca\u011f\u0131n\u0131 s\u00f6yledi.<\/strong><span id=\"more-67439\"><\/span><\/p>\n<p>Karahocagil, GAP b\u00f6lgesindeki enerji projelerine ili\u015fkin sorular\u0131 yan\u0131tlad\u0131. Karahocagil, T\u00fcrkiye\u2019nin enerji ithalat\u0131 sebebiyle 60 milyar dolarl\u0131k cari a\u00e7\u0131k verdi\u011fini an\u0131msatarak, \u201cEnerjiyi istedi\u011fimizde bulamayaca\u011f\u0131m\u0131z zamanlar da gelecek. GAP <a href=\"https:\/\/www.enerjigazetesi.ist\/wp-content\/uploads\/2014\/10\/g\u00fcne\u015f-enerjisi-santrali-t\u00fcrkiye-238029331.jpg\"><img loading=\"lazy\" class=\"alignleft size-medium wp-image-32260\" src=\"https:\/\/www.enerjigazetesi.ist\/wp-content\/uploads\/2014\/10\/g\u00fcne\u015f-enerjisi-santrali-t\u00fcrkiye-238029331-300x138.jpg\" alt=\"g\u00fcne\u015f-enerjisi-santrali-t\u00fcrkiye-238029331\" width=\"300\" height=\"138\" srcset=\"https:\/\/www.enerjigazetesi.ist\/wp-content\/uploads\/2014\/10\/g\u00fcne\u015f-enerjisi-santrali-t\u00fcrkiye-238029331-300x138.jpg 300w, https:\/\/www.enerjigazetesi.ist\/wp-content\/uploads\/2014\/10\/g\u00fcne\u015f-enerjisi-santrali-t\u00fcrkiye-238029331-500x230.jpg 500w, https:\/\/www.enerjigazetesi.ist\/wp-content\/uploads\/2014\/10\/g\u00fcne\u015f-enerjisi-santrali-t\u00fcrkiye-238029331-80x36.jpg 80w, https:\/\/www.enerjigazetesi.ist\/wp-content\/uploads\/2014\/10\/g\u00fcne\u015f-enerjisi-santrali-t\u00fcrkiye-238029331.jpg 870w\" sizes=\"(max-width: 300px) 100vw, 300px\" \/><\/a>b\u00f6lgesindeki enerji projeleri, T\u00fcrkiye\u2019nin gelece\u011fi ve enerji ihtiyac\u0131 i\u00e7in bir cevap, bir haz\u0131rl\u0131kt\u0131r\u201d dedi.<\/p>\n<p>GAP\u2019\u0131n sulama projesi olarak ba\u015flad\u0131\u011f\u0131n\u0131, ancak 1980\u2019li y\u0131llar\u0131n sonunda b\u00f6lgesel kalk\u0131nma projesine d\u00f6n\u00fc\u015ft\u00fcr\u00fcld\u00fc\u011f\u00fcn\u00fc aktaran Karahocagil, GAP b\u00f6lgesinde 22 baraj ve 19 hidroelektrik santrali bulundu\u011funu ifade etti. Karahocagil, bu tesislerden 27 milyar kilovatsaat elektrik \u00fcretimi \u00f6ng\u00f6r\u00fcld\u00fc\u011f\u00fcn\u00fc ve bunun 20 milyar kilovatsaatine ula\u015f\u0131ld\u0131\u011f\u0131n\u0131 s\u00f6yledi.<\/p>\n<p>Il\u0131su ve Cizre baraj\u0131 projeleri ile GAP\u2019\u0131n hidroelektrik k\u0131sm\u0131n\u0131n sona ermi\u015f olaca\u011f\u0131n\u0131 aktaran Karahocagil, di\u011fer yenilenebilir kaynaklara da a\u011f\u0131rl\u0131k verilece\u011fini ve b\u00f6lgenin bir \u201cenerji \u00fcss\u00fc\u201d olarak an\u0131laca\u011f\u0131n\u0131 belirtti.<\/p>\n<p>Birle\u015fmi\u015f Milletler Kalk\u0131nma Program\u0131 (UNDP) ile ortak y\u00fcr\u00fct\u00fclen G\u00fcneydo\u011fu Anadolu B\u00f6lgesi\u2019nde Yenilenebilir Enerji Kaynaklar\u0131n\u0131n Kullan\u0131m\u0131 ve Enerji Verimlili\u011finin Art\u0131r\u0131lmas\u0131 Projesi\u2019ne de\u011finen Karahocagil, \u201cB\u00f6lgenin rekabet g\u00fcc\u00fcn\u00fc ara\u015ft\u0131rd\u0131k ve yenilenebilir enerji, organik tar\u0131m alanlar\u0131nda ve turizmde d\u00fcnya \u00f6l\u00e7e\u011finde rekabet edebilece\u011fini tespit ettik. As\u0131l olarak g\u00fcne\u015fe ve biyok\u00fctleye yo\u011funla\u015ft\u0131k. Bunlar\u0131 yaparken de enerji verimlili\u011fini de g\u00f6z ard\u0131 etmedik. \u00c7\u00fcnk\u00fc \u00f6zellikle tasarruf etmemiz laz\u0131m, sonra \u00fcretmemiz laz\u0131m ve b\u00f6ylece yenilenebilir enerji ve enerji verimlili\u011fi projesi ortaya \u00e7\u0131kt\u0131\u201d diye konu\u015ftu.<\/p>\n<h2>Tar\u0131msal Sulamada 4 Ayr\u0131 Proje<\/h2>\n<p>Tar\u0131msal sulamada g\u00fcne\u015f enerjisinin kullan\u0131lmas\u0131 i\u00e7in d\u00f6rt ayr\u0131 proje geli\u015ftirdiklerini ifade eden Karahocagil, s\u00f6zlerini \u015f\u00f6yle s\u00fcrd\u00fcrd\u00fc:<br \/>\n\u201cBu projelerin karakteristikleri ayr\u0131. Birisi derin kuyu sulama projesi, birisi gride ba\u011fl\u0131 uygulama, di\u011feri k\u00fc\u00e7\u00fck serada uygulama. \u015eimdi 4 ayr\u0131 karakterde pilot projelerimizi uygulay\u0131p ne yapmam\u0131z gerekti\u011fine karar verece\u011fiz, destekleri de buna g\u00f6re belirleyece\u011fiz.\u201d<\/p>\n<p>DEVAMI \u0130\u00c7\u0130N <a href=\"https:\/\/www.avrupagazete.com\/ekonomi\/161688-karahocagil,-gap-yenilenebilir-projeleri-ile-%E2%80%9Cenerji-%C3%BCss%C3%BC%E2%80%9D-olacak.html\" target=\"_blank\">TIKLAYINIZ&gt;&gt;&gt;<\/a><\/p>\n<p>Kaynak: Enerji Enstit\u00fcs\u00fc<\/p>","protected":false},"excerpt":{"rendered":"<p>Sorry, this entry is only available in Turkish. For the sake of viewer convenience, the content is shown below in the alternative language. You may click the link to switch the active language.G\u00fcneydo\u011fu Anadolu Projesi (GAP) B\u00f6lge Kalk\u0131nma \u0130daresi Ba\u015fkan\u0131 Sadrettin Karahocagil, yenilenebilir enerjide biyok\u00fctle ile g\u00fcne\u015fe yo\u011funla\u015ft\u0131klar\u0131n\u0131 ve b\u00f6lgenin \u201cenerji \u00fcss\u00fc\u201d olarak an\u0131laca\u011f\u0131n\u0131 s\u00f6yledi. [&hellip;]<\/p>\n","protected":false},"author":1,"featured_media":32260,"comment_status":"open","ping_status":"open","sticky":false,"template":"","format":"standard","meta":[],"categories":[53,49],"tags":[2219,1678,4486,18703,13,18704,508],"views":599,"_links":{"self":[{"href":"https:\/\/www.enerjigazetesi.ist\/en\/wp-json\/wp\/v2\/posts\/32259"}],"collection":[{"href":"https:\/\/www.enerjigazetesi.ist\/en\/wp-json\/wp\/v2\/posts"}],"about":[{"href":"https:\/\/www.enerjigazetesi.ist\/en\/wp-json\/wp\/v2\/types\/post"}],"author":[{"embeddable":true,"href":"https:\/\/www.enerjigazetesi.ist\/en\/wp-json\/wp\/v2\/users\/1"}],"replies":[{"embeddable":true,"href":"https:\/\/www.enerjigazetesi.ist\/en\/wp-json\/wp\/v2\/comments?post=32259"}],"version-history":[{"count":1,"href":"https:\/\/www.enerjigazetesi.ist\/en\/wp-json\/wp\/v2\/posts\/32259\/revisions"}],"predecessor-version":[{"id":32261,"href":"https:\/\/www.enerjigazetesi.ist\/en\/wp-json\/wp\/v2\/posts\/32259\/revisions\/32261"}],"wp:featuredmedia":[{"embeddable":true,"href":"https:\/\/www.enerjigazetesi.ist\/en\/wp-json\/wp\/v2\/media\/32260"}],"wp:attachment":[{"href":"https:\/\/www.enerjigazetesi.ist\/en\/wp-json\/wp\/v2\/media?parent=32259"}],"wp:term":[{"taxonomy":"category","embeddable":true,"href":"https:\/\/www.enerjigazetesi.ist\/en\/wp-json\/wp\/v2\/categories?post=32259"},{"taxonomy":"post_tag","embeddable":true,"href":"https:\/\/www.enerjigazetesi.ist\/en\/wp-json\/wp\/v2\/tags?post=32259"}],"curies":[{"name":"wp","href":"https:\/\/api.w.org\/{rel}","templated":true}]}}