{"id":32194,"date":"2014-10-07T16:06:33","date_gmt":"2014-10-07T13:06:33","guid":{"rendered":"https:\/\/www.enerjigazetesi.ist\/?p=32194"},"modified":"2014-10-07T16:06:33","modified_gmt":"2014-10-07T13:06:33","slug":"hazar-denizinden-cikarilan-dogalgaz-avrupaya-tap-ile-ulasacak","status":"publish","type":"post","link":"https:\/\/www.enerjigazetesi.ist\/en\/hazar-denizinden-cikarilan-dogalgaz-avrupaya-tap-ile-ulasacak\/","title":{"rendered":"(Turkish) Hazar Denizi\u2019nden \u00c7\u0131kar\u0131lan Do\u011falgaz Avrupa\u2019ya TAP \u0130le Ula\u015facak!"},"content":{"rendered":"<p class=\"qtranxs-available-languages-message qtranxs-available-languages-message-en\">Sorry, this entry is only available in <a href=\"https:\/\/www.enerjigazetesi.ist\/tr\/wp-json\/wp\/v2\/posts\/32194\" class=\"qtranxs-available-language-link qtranxs-available-language-link-tr\" title=\"Turkish\">Turkish<\/a>. For the sake of viewer convenience, the content is shown below in the alternative language. You may click the link to switch the active language.<\/p><p><strong>Hazar Denizi\u2019nden elde edilen do\u011fal gaz Avrupa\u2019ya TAP arac\u0131l\u0131\u011f\u0131yla ula\u015facak. Ancak \u00e7\u00f6z\u00fclmesi gereken sorunlar var. \u00d6zellikle Yunanistan\u2019da halk\u0131n tutumu belirleyici olacak.<\/strong><span id=\"more-67398\"><\/span><\/p>\n<p>Hazar Denizi\u2019nden elde edilen do\u011fal gaz, Trans-Adriyatik Do\u011fal Gaz Boru Hatt\u0131 ile Avrupa\u2019ya ta\u015f\u0131nacak. K\u0131saca TAP ad\u0131 verilen Trans-Adriyatik Boru Hatt\u0131, do\u011fal gaz sevkiyat\u0131nda Avrupa\u2019n\u0131n Rusya\u2019ya olan ba\u011f\u0131ml\u0131l\u0131\u011f\u0131n\u0131 b\u00fcy\u00fck \u00f6l\u00e7\u00fcde ortadan kald\u0131raca\u011f\u0131 i\u00e7in \u00f6nemli. TAP ile Hazar Denizi\u2019nden \u00e7\u0131kar\u0131lan do\u011falgaz Yunanistan\u2019\u0131n kuzeyi ve Arnavutluk \u00fczeninden ge\u00e7erek, \u0130talya\u2019daki mevcut ba\u011flant\u0131 noktalar\u0131na ula\u015ft\u0131r\u0131lacak. Bur<a href=\"https:\/\/www.enerjigazetesi.ist\/wp-content\/uploads\/2014\/10\/hazar-denizinden-cikarilan-dogalgaz-avrupaya-tap-ile-ulasacak.jpg\"><img loading=\"lazy\" class=\"alignleft size-medium wp-image-32195\" src=\"https:\/\/www.enerjigazetesi.ist\/wp-content\/uploads\/2014\/10\/hazar-denizinden-cikarilan-dogalgaz-avrupaya-tap-ile-ulasacak-300x195.jpg\" alt=\"hazar-denizinden-cikarilan-dogalgaz-avrupaya-tap-ile-ulasacak\" width=\"300\" height=\"195\" srcset=\"https:\/\/www.enerjigazetesi.ist\/wp-content\/uploads\/2014\/10\/hazar-denizinden-cikarilan-dogalgaz-avrupaya-tap-ile-ulasacak-300x195.jpg 300w, https:\/\/www.enerjigazetesi.ist\/wp-content\/uploads\/2014\/10\/hazar-denizinden-cikarilan-dogalgaz-avrupaya-tap-ile-ulasacak-500x325.jpg 500w, https:\/\/www.enerjigazetesi.ist\/wp-content\/uploads\/2014\/10\/hazar-denizinden-cikarilan-dogalgaz-avrupaya-tap-ile-ulasacak-76x50.jpg 76w, https:\/\/www.enerjigazetesi.ist\/wp-content\/uploads\/2014\/10\/hazar-denizinden-cikarilan-dogalgaz-avrupaya-tap-ile-ulasacak.jpg 615w\" sizes=\"(max-width: 300px) 100vw, 300px\" \/><\/a>adan da di\u011fer Avrupa \u00fclkelerine nakledilecek. Milyonlarca euro de\u011ferindeki TAP\u2019\u0131n tamamlanmas\u0131, yat\u0131r\u0131mc\u0131lardan Alman Eon ve Frans\u0131z Total\u2019in geri \u00e7ekilmeleriyle sekteye u\u011fram\u0131\u015ft\u0131. Ancak \u0130spanyol Enagas, \u0130ngiliz BP, Norve\u00e7li Statoil ile Azerbaycanl\u0131 Socar hisseleri devralarak, projeyi yeniden canland\u0131rd\u0131lar. S\u0131rada TAP projesiyle ilgili haz\u0131rlad\u0131\u011f\u0131m\u0131z haber var.<\/p>\n<p>Enerji uzmanlar\u0131, Trans-Adria-Pipeline, yani TAP arac\u0131l\u0131\u011f\u0131yla Hazar Denizi\u2019nden \u00e7\u0131kar\u0131lan do\u011fal gaz\u0131n Avrupa\u2019ya sevkiyat\u0131na 2020 y\u0131l\u0131nda ba\u015flanabilece\u011fini belirtiyorlar. S\u00f6z konusu hatt\u0131n Avrupa\u2019n\u0131n toplam do\u011fal gaz ihtiyac\u0131n\u0131n y\u00fczde 20\u2019sini kar\u015f\u0131layaca\u011f\u0131 belirtiliyor.<\/p>\n<p>TAP\u2019\u0131n ya\u015fama ge\u00e7irilmesinde Yunanistan\u2019\u0131n rol\u00fc b\u00fcy\u00fck. \u00c7\u00fcnk\u00fc yakla\u015f\u0131k 880 kilometrelik boru hatt\u0131n\u0131n 540 kilometresi bu \u00fclkeden ge\u00e7ecek. Yunanistan, Arnavutluk ve \u0130talya 2013\u2019te projeye onay vererek politik destekte bulunmu\u015ftu. Ancak Yunanistan\u2019da boru hatt\u0131n\u0131n ge\u00e7ece\u011fi yerlerle ilgili s\u0131k\u0131nt\u0131lar ortaya \u00e7\u0131kt\u0131. Bir\u00e7ok kentte halk, hatt\u0131n kendi b\u00f6lgelerinden ge\u00e7irilmemesi i\u00e7in imza toplayarak, itirazda bulundu. \u015eimdi TAP idaresi, t\u00fcm itirazlar\u0131 de\u011ferlendirerek, engelleri a\u015fmaya \u00e7al\u0131\u015f\u0131yor.<\/p>\n<h2>Yunan bakan iyimser<\/h2>\n<p>Ayr\u0131ca \u00e7evre koruma \u00f6nlemleri kapsam\u0131ndaki yasal izinler de vakit al\u0131yor. Ancak Yunanistan Enerji Bakan\u0131 Yannis Maniatis bu konudaki s\u0131k\u0131nt\u0131lar\u0131n giderildi\u011fini belirterek, \u201cBundan yakla\u015f\u0131k 20 g\u00fcn \u00f6nce projenin \u00e7evre politikalar\u0131na uygunlu\u011funa onay verdi\u011fimi sizlere sevinerek bildirmek isterim. Art\u0131k projenin uygulamaya ge\u00e7ilmesi i\u00e7in gereken ortam haz\u0131rlanm\u0131\u015ft\u0131r. Gecikme yok, s\u00fcre\u00e7 planlad\u0131\u011f\u0131m\u0131z \u015fekilde ilerliyor\u201d diye konu\u015ftu.<\/p>\n<p>Yunan Bakan iyimser, ancak muhalefetten tepkiler var. Radikal sol koalisyon Syriza, iktidara gelmeleri halinde projeyi yeniden masaya yat\u0131racaklar\u0131n\u0131 ilan etti. Bu da yat\u0131r\u0131mc\u0131lar\u0131 d\u00fc\u015f\u00fcnd\u00fcren bir durum.<\/p>\n<p>Yunan Bakan Maniatis sol muhalefetin tutumunu anlams\u0131z buldu\u011funu belirterek, \u201cAkl\u0131 ba\u015f\u0131nda birinin, Avrupa i\u00e7in son derece \u00f6nemli bir projenin, daha somut s\u00f6ylemek gerekirse TAP Projesinin yeniden m\u00fczakere edilmesini isteyece\u011fine ihtimal vermiyorum. Bu projede rekabet ve \u015feffafl\u0131k ilkeleri ile ilgili t\u00fcm kurallar yerine getirilmi\u015ftir. O y\u00fczden partnerlerimizle vard\u0131\u011f\u0131m\u0131z anla\u015fmadaki temel noktalar\u0131n de\u011fi\u015ftirilmesi gibi bir tehlike g\u00f6rm\u00fcyorum\u201d diyerek tepkisini dile getirdi.<\/p>\n<h2>B\u00f6lge i\u00e7in \u00f6nemli<\/h2>\n<p>TAP hatt\u0131n\u0131n sa\u011flayaca\u011f\u0131 avantaj sadece ekonomik de\u011fil. Arnavutluk, \u0130talya ve Yunanstan\u2019\u0131n do\u011fal gaz sevkiyat\u0131nda \u00f6nemli \u00fclkeler haline gelmesine de yol a\u00e7acak. \u00d6zellikle Arnavutluk\u2019un \u00f6nemi artacak. \u00c7\u00fcnk\u00fc proje Arnavutluk\u2019un Avrupa enerji sekt\u00f6r\u00fcne girebilmesinin \u00f6n\u00fcn\u00fc a\u00e7acak. Ayr\u0131ca Arnavutluk kom\u015fu \u00fclkelere de kendi topraklar\u0131ndan ge\u00e7en hattan nakil yapabilecek.<\/p>\n<p>Arnavutluk Enerji ve Sanayi Bakan Yard\u0131mc\u0131s\u0131 Dorian Ducka projenin \u00fclkesi i\u00e7in ne anlama geldi\u011fini \u015fu s\u00f6zlerle a\u00e7\u0131kl\u0131yor:<\/p>\n<p>\u201cTAP projesi Arnavutluk topraklar\u0131ndan ge\u00e7erek Arnavutluk\u2019u g\u00fcney do\u011fal gaz koridorunun bir par\u00e7as\u0131 haline getiriyor. Arnavutluk\u2019u enerji, \u00f6zellikle de do\u011fal gaz a\u011f\u0131n\u0131n bir par\u00e7as\u0131na d\u00f6n\u00fc\u015ft\u00fcr\u00fcyor. Di\u011fer taraftan da ekonomik avantajlar sa\u011fl\u0131yor. Hat, Arnavutluk\u2019a do\u011frudan bir milyar euroluk bir yat\u0131r\u0131m \u00e7ekecek. Vergi geliri artacak, binlerce istihdam alan\u0131 olu\u015facak.\u201d<\/p>\n<p>TAP\u2019\u0131n, 2018\u2019de faaliyete ge\u00e7mesi planlanan, Rus gaz\u0131n\u0131n Ukrayna\u2019ya u\u011framadan, Karadeniz ve Bulgaristan \u00fczerinden Avrupa\u2019ya sevk edilece\u011fi G\u00fcney Do\u011fal Gaz Hatt\u0131\u2019na rakip olaca\u011f\u0131na dair iddialar ise uzmanlarca do\u011frulanm\u0131yor. Enerji uzmanlar\u0131, Avrupa\u2019n\u0131n do\u011fal gaz gereksinimi g\u00f6z\u00f6n\u00fcne al\u0131nd\u0131\u011f\u0131nda t\u00fcm olas\u0131 nakil hatlar\u0131n\u0131n kabul g\u00f6rece\u011fini belirtiyorlar.<\/p>\n<p>Kaynak: <a href=\"http:\/\/www.dw.de\/hazar-gaz%C4%B1-avrupa-yolunda\/a-17978976\" target=\"_blank\" rel=\"nofollow\">Deutsche Welle<\/a><\/p>","protected":false},"excerpt":{"rendered":"<p>Sorry, this entry is only available in Turkish. For the sake of viewer convenience, the content is shown below in the alternative language. You may click the link to switch the active language.Hazar Denizi\u2019nden elde edilen do\u011fal gaz Avrupa\u2019ya TAP arac\u0131l\u0131\u011f\u0131yla ula\u015facak. Ancak \u00e7\u00f6z\u00fclmesi gereken sorunlar var. \u00d6zellikle Yunanistan\u2019da halk\u0131n tutumu belirleyici olacak. Hazar Denizi\u2019nden [&hellip;]<\/p>\n","protected":false},"author":1,"featured_media":32195,"comment_status":"open","ping_status":"open","sticky":false,"template":"","format":"standard","meta":[],"categories":[46,53],"tags":[92,226,63,67,1009,165,18631,7298,6178,3309,15511,18632,2584,17613],"views":1853,"_links":{"self":[{"href":"https:\/\/www.enerjigazetesi.ist\/en\/wp-json\/wp\/v2\/posts\/32194"}],"collection":[{"href":"https:\/\/www.enerjigazetesi.ist\/en\/wp-json\/wp\/v2\/posts"}],"about":[{"href":"https:\/\/www.enerjigazetesi.ist\/en\/wp-json\/wp\/v2\/types\/post"}],"author":[{"embeddable":true,"href":"https:\/\/www.enerjigazetesi.ist\/en\/wp-json\/wp\/v2\/users\/1"}],"replies":[{"embeddable":true,"href":"https:\/\/www.enerjigazetesi.ist\/en\/wp-json\/wp\/v2\/comments?post=32194"}],"version-history":[{"count":1,"href":"https:\/\/www.enerjigazetesi.ist\/en\/wp-json\/wp\/v2\/posts\/32194\/revisions"}],"predecessor-version":[{"id":32196,"href":"https:\/\/www.enerjigazetesi.ist\/en\/wp-json\/wp\/v2\/posts\/32194\/revisions\/32196"}],"wp:featuredmedia":[{"embeddable":true,"href":"https:\/\/www.enerjigazetesi.ist\/en\/wp-json\/wp\/v2\/media\/32195"}],"wp:attachment":[{"href":"https:\/\/www.enerjigazetesi.ist\/en\/wp-json\/wp\/v2\/media?parent=32194"}],"wp:term":[{"taxonomy":"category","embeddable":true,"href":"https:\/\/www.enerjigazetesi.ist\/en\/wp-json\/wp\/v2\/categories?post=32194"},{"taxonomy":"post_tag","embeddable":true,"href":"https:\/\/www.enerjigazetesi.ist\/en\/wp-json\/wp\/v2\/tags?post=32194"}],"curies":[{"name":"wp","href":"https:\/\/api.w.org\/{rel}","templated":true}]}}