{"id":32187,"date":"2014-10-07T15:57:31","date_gmt":"2014-10-07T12:57:31","guid":{"rendered":"https:\/\/www.enerjigazetesi.ist\/?p=32187"},"modified":"2014-10-07T15:57:31","modified_gmt":"2014-10-07T12:57:31","slug":"guney-akim-muzakereleri-yeniden-baslayabilir","status":"publish","type":"post","link":"https:\/\/www.enerjigazetesi.ist\/en\/guney-akim-muzakereleri-yeniden-baslayabilir\/","title":{"rendered":"(Turkish) \u201cG\u00fcney Ak\u0131m M\u00fczakereleri Yeniden Ba\u015flayabilir!\u201d"},"content":{"rendered":"<p class=\"qtranxs-available-languages-message qtranxs-available-languages-message-en\">Sorry, this entry is only available in <a href=\"https:\/\/www.enerjigazetesi.ist\/tr\/wp-json\/wp\/v2\/posts\/32187\" class=\"qtranxs-available-language-link qtranxs-available-language-link-tr\" title=\"Turkish\">Turkish<\/a>. For the sake of viewer convenience, the content is shown below in the alternative language. You may click the link to switch the active language.<\/p><p><strong>AB ile Rusya aras\u0131nda G\u00fcney Ak\u0131m Do\u011falgaz Boru Hatt\u0131 Projesi\u2019ne ili\u015fkin m\u00fczakereler ancak siyasi ko\u015fullar\u0131n sa\u011flanmas\u0131ndan sonra yeniden ba\u015flayabilir.<span id=\"more-67396\"><\/span> A\u00e7\u0131klamay\u0131, \u0130talya D\u0131\u015fi\u015fleri Bakan\u0131 ve AB D\u0131\u015fi\u015flerl<a href=\"https:\/\/www.enerjigazetesi.ist\/wp-content\/uploads\/2014\/10\/guney-akim-muzakereleri-yeniden-baslayabilir.jpg\"><img loading=\"lazy\" class=\"alignright size-medium wp-image-32188\" src=\"https:\/\/www.enerjigazetesi.ist\/wp-content\/uploads\/2014\/10\/guney-akim-muzakereleri-yeniden-baslayabilir-300x220.jpg\" alt=\"guney-akim-muzakereleri-yeniden-baslayabilir\" width=\"300\" height=\"220\" srcset=\"https:\/\/www.enerjigazetesi.ist\/wp-content\/uploads\/2014\/10\/guney-akim-muzakereleri-yeniden-baslayabilir-300x220.jpg 300w, https:\/\/www.enerjigazetesi.ist\/wp-content\/uploads\/2014\/10\/guney-akim-muzakereleri-yeniden-baslayabilir-500x366.jpg 500w, https:\/\/www.enerjigazetesi.ist\/wp-content\/uploads\/2014\/10\/guney-akim-muzakereleri-yeniden-baslayabilir-68x50.jpg 68w, https:\/\/www.enerjigazetesi.ist\/wp-content\/uploads\/2014\/10\/guney-akim-muzakereleri-yeniden-baslayabilir.jpg 600w\" sizes=\"(max-width: 300px) 100vw, 300px\" \/><\/a>eri Y\u00fcksek Temsilcisi Federica Mogherini, pazartesi g\u00fcn\u00fc kat\u0131ld\u0131\u011f\u0131 Avrupa Parlamentosu oturumunda yapt\u0131.<\/strong><\/p>\n<p>Rusya\u2019n\u0131n, G\u00fcney Ak\u0131m Projesi ile ilgili Avusturya, Bulgaristan, Macaristan, Yunanistan, S\u0131rbistan, Slovenya ve H\u0131rvatistan ile imzalad\u0131\u011f\u0131 h\u00fck\u00fcmetleraras\u0131 anla\u015fmalar, Avrupa Komisyonu taraf\u0131ndan \u00dc\u00e7\u00fcnc\u00fc Enerji Paketi\u2019ne ayk\u0131r\u0131 bulunmu\u015f, Aral\u0131k 2013 y\u0131l\u0131nda ise anla\u015fma imzalayan \u00fclkeler hukuki \u00e7er\u00e7eveyi sa\u011flamak \u00fczere Avrupa Komisyonu\u2019nu Rusya ile m\u00fczakere yapmaya yetkilendirmi\u015fti.<br \/>\nAB D\u0131\u015fi\u015fleri Y\u00fcksek Temsilcisi ve Avrupa Komisyonu Ba\u015fkan Yard\u0131mc\u0131s\u0131 olarak se\u00e7ilen Mogherini \u201cGelinen a\u015famada, Ukrayna\u2019daki duruma ve Rusya ile ili\u015fkilerimize ba\u011fl\u0131 olarak, G\u00fcney Ak\u0131m i\u00e7in siyasi ko\u015fullar\u0131n hen\u00fcz olu\u015fmad\u0131\u011f\u0131n\u0131 d\u00fc\u015f\u00fcn\u00fcyorum\u201d dedi.<br \/>\nT\u00fcm altyap\u0131 projelerinin sa\u011flam hukuki dayanaklara sahip olmas\u0131 gerekti\u011fini de s\u00f6yleyen Federica Mogherini, \u201cSiyasi ko\u015fullar normale d\u00f6nerse ve ancak d\u00f6n\u00fckten sonra teknik m\u00fczakerelerin de yeniden ba\u015flat\u0131labilece\u011fini d\u00fc\u015f\u00fcn\u00fcyorum. Gereken hukuki temellere uyup uymad\u0131\u011f\u0131na bakar\u0131z\u201d dedi.<\/p>\n<p>Kaynak: <a href=\"http:\/\/turkish.ruvr.ru\/news\/2014_10_07\/guney-akim-muzakereleri\/\" target=\"_blank\" rel=\"nofollow\">Rusya\u2019n\u0131n Sesi<\/a><\/p>","protected":false},"excerpt":{"rendered":"<p>Sorry, this entry is only available in Turkish. For the sake of viewer convenience, the content is shown below in the alternative language. You may click the link to switch the active language.AB ile Rusya aras\u0131nda G\u00fcney Ak\u0131m Do\u011falgaz Boru Hatt\u0131 Projesi\u2019ne ili\u015fkin m\u00fczakereler ancak siyasi ko\u015fullar\u0131n sa\u011flanmas\u0131ndan sonra yeniden ba\u015flayabilir. A\u00e7\u0131klamay\u0131, \u0130talya D\u0131\u015fi\u015fleri Bakan\u0131 [&hellip;]<\/p>\n","protected":false},"author":1,"featured_media":32188,"comment_status":"open","ping_status":"open","sticky":false,"template":"","format":"standard","meta":[],"categories":[46,53],"tags":[18627,3969,63,67,1009,165,18628,4287,18629,6495],"views":581,"_links":{"self":[{"href":"https:\/\/www.enerjigazetesi.ist\/en\/wp-json\/wp\/v2\/posts\/32187"}],"collection":[{"href":"https:\/\/www.enerjigazetesi.ist\/en\/wp-json\/wp\/v2\/posts"}],"about":[{"href":"https:\/\/www.enerjigazetesi.ist\/en\/wp-json\/wp\/v2\/types\/post"}],"author":[{"embeddable":true,"href":"https:\/\/www.enerjigazetesi.ist\/en\/wp-json\/wp\/v2\/users\/1"}],"replies":[{"embeddable":true,"href":"https:\/\/www.enerjigazetesi.ist\/en\/wp-json\/wp\/v2\/comments?post=32187"}],"version-history":[{"count":1,"href":"https:\/\/www.enerjigazetesi.ist\/en\/wp-json\/wp\/v2\/posts\/32187\/revisions"}],"predecessor-version":[{"id":32189,"href":"https:\/\/www.enerjigazetesi.ist\/en\/wp-json\/wp\/v2\/posts\/32187\/revisions\/32189"}],"wp:featuredmedia":[{"embeddable":true,"href":"https:\/\/www.enerjigazetesi.ist\/en\/wp-json\/wp\/v2\/media\/32188"}],"wp:attachment":[{"href":"https:\/\/www.enerjigazetesi.ist\/en\/wp-json\/wp\/v2\/media?parent=32187"}],"wp:term":[{"taxonomy":"category","embeddable":true,"href":"https:\/\/www.enerjigazetesi.ist\/en\/wp-json\/wp\/v2\/categories?post=32187"},{"taxonomy":"post_tag","embeddable":true,"href":"https:\/\/www.enerjigazetesi.ist\/en\/wp-json\/wp\/v2\/tags?post=32187"}],"curies":[{"name":"wp","href":"https:\/\/api.w.org\/{rel}","templated":true}]}}