{"id":32185,"date":"2014-10-06T17:45:28","date_gmt":"2014-10-06T14:45:28","guid":{"rendered":"https:\/\/www.enerjigazetesi.ist\/?p=32185"},"modified":"2014-10-06T19:41:49","modified_gmt":"2014-10-06T16:41:49","slug":"yildiz-ruzgar-elektrigi-toplam-uretimin-una-ulasti","status":"publish","type":"post","link":"https:\/\/www.enerjigazetesi.ist\/en\/yildiz-ruzgar-elektrigi-toplam-uretimin-una-ulasti\/","title":{"rendered":"(Turkish) Y\u0131ld\u0131z: R\u00fczgar Elektri\u011fi Toplam \u00dcretimin %10`una Ula\u015ft\u0131"},"content":{"rendered":"<p class=\"qtranxs-available-languages-message qtranxs-available-languages-message-en\">Sorry, this entry is only available in <a href=\"https:\/\/www.enerjigazetesi.ist\/tr\/wp-json\/wp\/v2\/posts\/32185\" class=\"qtranxs-available-language-link qtranxs-available-language-link-tr\" title=\"Turkish\">Turkish<\/a>. For the sake of viewer convenience, the content is shown below in the alternative language. You may click the link to switch the active language.<\/p><p><strong>Enerji ve Tabii Kaynaklar Bakan\u0131 Taner Y\u0131ld\u0131z, r\u00fczgar enerjisinden \u00fcretilen elektri\u011fin ilk defa ge\u00e7en hafta pazar g\u00fcn\u00fc komple \u00fcretilen elektri\u011fin y\u00fczde 10\u2019una y\u00fckseldi\u011fini s\u00f6yledi.<\/strong><\/p>\n<p>Bakan Taner Y\u0131ld\u0131z, Kayseri Valili\u011finin ev sahipli\u011finde ger\u00e7ekle\u015ftirilen bayramla\u015fma program\u0131 \u00f6ncesi gazetecilerin sorular\u0131n\u0131 yan\u0131tlayarak, r\u00fczgar enerjisinden \u00fcretilen elektri\u011fin ilk defa ge\u00e7en hafta pazar g\u00fcn\u00fc komple \u00fcretilen elektri\u011fin y\u00fczde 10\u2019una y\u00fckseldi\u011fini s\u00f6yledi.<\/p>\n<p><strong>R\u00dcZGAR \u0130LE 1 M\u0130LYAR DOLAR<a href=\"https:\/\/www.enerjigazetesi.ist\/wp-content\/uploads\/2014\/02\/bakan-yildiz-dogalgaz-fiyatlariyla-ilgili-karar-subat-ayi-sonunda.jpg\"><img loading=\"lazy\" class=\"alignleft size-medium wp-image-22227\" src=\"https:\/\/www.enerjigazetesi.ist\/wp-content\/uploads\/2014\/02\/bakan-yildiz-dogalgaz-fiyatlariyla-ilgili-karar-subat-ayi-sonunda-300x224.jpg\" alt=\"bakan-yildiz\" width=\"300\" height=\"224\" srcset=\"https:\/\/www.enerjigazetesi.ist\/wp-content\/uploads\/2014\/02\/bakan-yildiz-dogalgaz-fiyatlariyla-ilgili-karar-subat-ayi-sonunda-300x224.jpg 300w, https:\/\/www.enerjigazetesi.ist\/wp-content\/uploads\/2014\/02\/bakan-yildiz-dogalgaz-fiyatlariyla-ilgili-karar-subat-ayi-sonunda-66x50.jpg 66w, https:\/\/www.enerjigazetesi.ist\/wp-content\/uploads\/2014\/02\/bakan-yildiz-dogalgaz-fiyatlariyla-ilgili-karar-subat-ayi-sonunda.jpg 454w\" sizes=\"(max-width: 300px) 100vw, 300px\" \/><\/a> KARDAYIZ<\/strong><\/p>\n<p>Bakan Y\u0131ld\u0131z, \u201cGe\u00e7ti\u011fimiz hafta pazar g\u00fcn\u00fc ilk defa T\u00fcrkiye`de r\u00fczgar enerjisinden elde edilen elektrik o g\u00fcn komple \u00fcretilen elektri\u011fin y\u00fczde 10`una tekab\u00fcl etti. \u0130n\u015fallah 2014 y\u0131l\u0131n\u0131n sonuna kadar r\u00fczgar santrallerinden elde edilen elektrik yaln\u0131zca bu y\u0131l i\u00e7erisinde 1 milyar dolar daha az do\u011falgaz ithal etmemize sebep olacak. O y\u00fczden yerli kaynaklar\u0131m\u0131za, yenilenebilir kaynaklar\u0131m\u0131za \u00e7ok fazla dikkat etmemiz ve \u00fczerinde yo\u011funla\u015fmam\u0131z gerekiyor. Su kaynaklar\u0131m\u0131z\u0131n, r\u00fczgar, g\u00fcne\u015f, jeotermal kaynaklar gibi kaynaklar\u0131n g\u00fcnbeg\u00fcn artt\u0131\u011f\u0131n\u0131 hep beraber g\u00f6rece\u011fiz.\u201d dedi.<\/p>\n<p><strong>EYL\u00dcL\u2019DE 350 M\u0130LYON DOLARLIK ENERJ\u0130 YATIRIMI<\/strong><\/p>\n<p>Yaln\u0131zca Eyl\u00fcl ay\u0131nda enerji alan\u0131nda 350 milyon dolarl\u0131k yat\u0131r\u0131m yap\u0131ld\u0131\u011f\u0131n\u0131 belirten Bakan Y\u0131ld\u0131z, enerji sekt\u00f6r\u00fcnde irili ufakl\u0131 bin 64 santrale ula\u015f\u0131ld\u0131\u011f\u0131n\u0131 ifade etti. Bu nedenle k\u0131\u015f\u0131n harcanacak enerji sarfiyat\u0131nda s\u0131k\u0131nt\u0131 \u00f6ng\u00f6rmediklerini anlatan Y\u0131ld\u0131z, \u201cUkrayna krizinin \u00e7\u00f6z\u00fclm\u00fc\u015f olmas\u0131yla birlikte bu bizi daha da iyi bir neticeye ula\u015ft\u0131rm\u0131\u015f olacak. Ukrayna`daki herhangi bir do\u011falgaz kesilmesinin her birimizde olu\u015fturaca\u011f\u0131 s\u0131k\u0131nt\u0131 malum. Romanya ve Bulgaristan \u00fczerinden gelecek do\u011falgaz bizim i\u00e7in son derece \u00f6nemli\u201d dedi.<\/p>\n<p><strong>KAYIP KA\u00c7AK HAVUZDA B\u0130R\u0130K\u0130YOR<\/strong><\/p>\n<p>Y\u0131ld\u0131z, \u201cKay\u0131p ka\u00e7aklar\u0131n, \u00fcretilen elektri\u011fin her birisi bir havuzda de\u011ferlendiriliyor. Yine bu havuzdan 77 milyonumuza payla\u015ft\u0131r\u0131yoruz. Her \u00fcretilen yerli kayna\u011f\u0131n olumlu yans\u0131malar\u0131n\u0131 in\u015fallah \u00f6n\u00fcm\u00fczdeki s\u00fcre\u00e7te g\u00f6rm\u00fc\u015f olaca\u011f\u0131z.\u201d diye konu\u015ftu.<\/p>\n<p><strong>RUSYA, UKRAYNA VE AB TOPLANTI SONU\u00c7LARINI \u0130ZL\u0130YORUZ<\/strong><\/p>\n<p>K\u0131\u015f \u00f6ncesi enerji \u00fcretimi ve t\u00fcketimiyle ilgili haz\u0131rl\u0131klar\u0131 yapt\u0131klar\u0131n\u0131 belirten Y\u0131ld\u0131z, Ukrayna ile Rusya aras\u0131ndaki s\u0131k\u0131nt\u0131n\u0131n T\u00fcrkiye\u2019ye olumsuz \u015fekilde yans\u0131mamas\u0131 i\u00e7in sorunun \u00e7\u00f6z\u00fclmesi noktas\u0131nda bug\u00fcn AB ile Ukrayna ve Rusya`n\u0131n yapaca\u011f\u0131 toplant\u0131 sonu\u00e7lar\u0131n\u0131 izlediklerini ifade etti.<\/p>\n<p>Kaynak: <a href=\"http:\/\/enerjigunlugu.net\/yildiz:-ruzgar-elektrigi-toplam-uretimin-10una-ula_10340.html\" target=\"_blank\" rel=\"nofollow\">Enerji G\u00fcnl\u00fc\u011f\u00fc<\/a><\/p>","protected":false},"excerpt":{"rendered":"<p>Sorry, this entry is only available in Turkish. For the sake of viewer convenience, the content is shown below in the alternative language. You may click the link to switch the active language.Enerji ve Tabii Kaynaklar Bakan\u0131 Taner Y\u0131ld\u0131z, r\u00fczgar enerjisinden \u00fcretilen elektri\u011fin ilk defa ge\u00e7en hafta pazar g\u00fcn\u00fc komple \u00fcretilen elektri\u011fin y\u00fczde 10\u2019una y\u00fckseldi\u011fini [&hellip;]<\/p>\n","protected":false},"author":1,"featured_media":22227,"comment_status":"open","ping_status":"open","sticky":false,"template":"","format":"standard","meta":[],"categories":[51,53,50],"tags":[68,19,63,67,1009,165,69,16,667,1286],"views":699,"_links":{"self":[{"href":"https:\/\/www.enerjigazetesi.ist\/en\/wp-json\/wp\/v2\/posts\/32185"}],"collection":[{"href":"https:\/\/www.enerjigazetesi.ist\/en\/wp-json\/wp\/v2\/posts"}],"about":[{"href":"https:\/\/www.enerjigazetesi.ist\/en\/wp-json\/wp\/v2\/types\/post"}],"author":[{"embeddable":true,"href":"https:\/\/www.enerjigazetesi.ist\/en\/wp-json\/wp\/v2\/users\/1"}],"replies":[{"embeddable":true,"href":"https:\/\/www.enerjigazetesi.ist\/en\/wp-json\/wp\/v2\/comments?post=32185"}],"version-history":[{"count":1,"href":"https:\/\/www.enerjigazetesi.ist\/en\/wp-json\/wp\/v2\/posts\/32185\/revisions"}],"predecessor-version":[{"id":32186,"href":"https:\/\/www.enerjigazetesi.ist\/en\/wp-json\/wp\/v2\/posts\/32185\/revisions\/32186"}],"wp:featuredmedia":[{"embeddable":true,"href":"https:\/\/www.enerjigazetesi.ist\/en\/wp-json\/wp\/v2\/media\/22227"}],"wp:attachment":[{"href":"https:\/\/www.enerjigazetesi.ist\/en\/wp-json\/wp\/v2\/media?parent=32185"}],"wp:term":[{"taxonomy":"category","embeddable":true,"href":"https:\/\/www.enerjigazetesi.ist\/en\/wp-json\/wp\/v2\/categories?post=32185"},{"taxonomy":"post_tag","embeddable":true,"href":"https:\/\/www.enerjigazetesi.ist\/en\/wp-json\/wp\/v2\/tags?post=32185"}],"curies":[{"name":"wp","href":"https:\/\/api.w.org\/{rel}","templated":true}]}}