{"id":3217,"date":"2012-11-06T08:35:38","date_gmt":"2012-11-06T05:35:38","guid":{"rendered":"https:\/\/www.enerjigazetesi.ist\/?p=3217"},"modified":"2012-11-06T11:53:37","modified_gmt":"2012-11-06T08:53:37","slug":"neden-enerji-verimliligi","status":"publish","type":"post","link":"https:\/\/www.enerjigazetesi.ist\/en\/neden-enerji-verimliligi\/","title":{"rendered":"(Turkish) Yeni Trend Neden Enerji Verimlili\u011fi?"},"content":{"rendered":"<p class=\"qtranxs-available-languages-message qtranxs-available-languages-message-en\">Sorry, this entry is only available in <a href=\"https:\/\/www.enerjigazetesi.ist\/tr\/wp-json\/wp\/v2\/posts\/3217\" class=\"qtranxs-available-language-link qtranxs-available-language-link-tr\" title=\"Turkish\">Turkish<\/a>. For the sake of viewer convenience, the content is shown below in the alternative language. You may click the link to switch the active language.<\/p><p><\/p>\n<div align=\"justify\"><span style=\"color: #000000;\">Enerji, hayat\u0131m\u0131z\u0131n her y\u00f6n\u00fcn\u00fc etkilemektedir: bize \u0131\u015f\u0131k, \u0131s\u0131, ula\u015f\u0131m ve di\u011fer ara\u00e7lar i\u00e7in yak\u0131t sa\u011flar. Ancak, bug\u00fcn, enerji tedarikimizin g\u00fcvenli\u011fi ve fosil yak\u0131tlardan elde edilen enerjinin, \u00e7evre \u00fczerindeki etkisi konular\u0131n\u0131 her zaman oldu\u011fundan daha fazla d\u00fc\u015f\u00fcnmemiz gereken bir d\u00f6nemdeyiz.<\/span><\/div>\n<div align=\"justify\"><span style=\"color: #000000;\">Art\u0131k hepimiz enerjinin \u00fcretim ve t\u00fcketim \u015feklini de\u011fi\u015ftirmeye ba\u015flamad\u0131\u011f\u0131m\u0131z takdirde geri d\u00f6n\u00fc\u015f\u00fc olmayan bir \u00e7evre kriziyle kar\u015f\u0131 kar\u015f\u0131ya oldu\u011fumuzu anlam\u0131\u015f bulunmaktay\u0131z; bunun anlam\u0131, gelecekte yenilenebilir enerji kaynaklar\u0131n\u0131 \u00e7ok daha fazla kullanmam\u0131z ve enerji verimlili\u011fine daha fazla odaklanmam\u0131z gerekti\u011fidir.<\/span><\/div>\n<div align=\"justify\"><span style=\"color: #000000;\">Ancak, enerjinin ak\u0131ll\u0131ca kullan\u0131lmas\u0131 konusunda mesaj\u0131n yay\u0131lmas\u0131 i\u00e7in daha i\u015fin ba\u015f\u0131nday\u0131z ve yapacak \u00e7ok i\u015fimiz var. Hem t\u00fcketicilerin hem de sosyal alanda s\u00f6z sahibi olan ki\u015filerin, s\u00fcrd\u00fcr\u00fclebilir enerji \u00fcretimi ve kullan\u0131m\u0131 konusunda ikna edilmeleri gerekmektedir.<\/span><\/div>\n<div align=\"justify\"><span style=\"color: #000000;\">Hedeflerimize varmak i\u00e7in birey, toplum, sanayi temsilcileri veya yetkili kamu kurulu\u015flar\u0131 olarak hepimizin bu \u00e7abaya kat\u0131lmas\u0131 gerekmektedir. Enerjinin kapsam\u0131n\u0131 de\u011fi\u015ftirme yolunda yap\u0131lacak olan en k\u00fc\u00e7\u00fck katk\u0131 dahi \u00f6nemsiz olmayacakt\u0131r.<\/span><\/div>\n<div align=\"center\"><span style=\"color: #000000;\"><strong><img src=\"http:\/\/www.ibb.gov.tr\/sites\/aydinlatmaenerji\/PublishingImages\/pages_imj\/enerji_verimliligi.jpg\" alt=\"\" align=\"left\" border=\"0\" \/><\/strong><\/span><\/div>\n<div align=\"justify\"><span style=\"color: #000000;\">Enerjide Genel Durum<\/span><\/div>\n<div align=\"justify\"><span style=\"color: #000000;\">Halen h\u0131zl\u0131 kalk\u0131nma a\u015famas\u0131nda olan \u00fclkemizde sanayile\u015fme faaliyetleri, yeni teknolojilere y\u00f6nelim, hayat standartlar\u0131n\u0131n y\u00fckselmesi ve artan n\u00fcfus, her y\u0131l daha fazla enerji t\u00fcketimine neden olmaktad\u0131r. 2003 y\u0131l\u0131 itibar\u0131 ile birincil enerji t\u00fcketimimiz 83.3 milyon ton petrol e\u015fde\u011ferine ula\u015fm\u0131\u015f ve toplam enerji arz\u0131m\u0131z\u0131n % 70\u2019i ithalat yoluyla kar\u015f\u0131lanm\u0131\u015ft\u0131r. H\u0131zl\u0131 talep art\u0131\u015f\u0131 nedeniyle, 2020 y\u0131l\u0131nda toplam enerji arz\u0131n\u0131n ancak %22\u2019sinin yerli \u00fcretimle kar\u015f\u0131lanabilece\u011fi beklenmektedir. Enerji kaynaklar\u0131 a\u00e7\u0131s\u0131ndan k\u0131s\u0131tl\u0131 kaynaklara sahip ve d\u0131\u015fa ba\u011f\u0131ml\u0131 konumda olan \u00fclkemizde, enerji ihtiyac\u0131n\u0131n yeterli, g\u00fcvenilir ve ekonomik olarak sa\u011flanmas\u0131 temel hedeftir. Enerjinin verimli kullan\u0131m\u0131 bu hedefin ger\u00e7ekle\u015ftirilmesinde kullan\u0131lacak en \u00f6nemli ara\u00e7lardan birisidir. <\/span><\/div>\n<div align=\"justify\"><span style=\"color: #000000;\">Enerji Yo\u011funlu\u011fu kavram\u0131 geli\u015fmi\u015flik tan\u0131mlamas\u0131nda en sa\u011fl\u0131kl\u0131 ve do\u011fru parametre olup, birim enerjiden \u00fcretilen birim ekonomik de\u011fer aras\u0131ndaki ili\u015fkidir. Gayri safi yurti\u00e7i h\u00e2s\u0131la ba\u015f\u0131na t\u00fcketilen birincil enerji miktar\u0131n\u0131 temsil eden ve t\u00fcm d\u00fcnyada enerji verimlili\u011finin takip ve kar\u015f\u0131la\u015ft\u0131r\u0131lmas\u0131nda yayg\u0131n olarak kullan\u0131lan bir ara\u00e7t\u0131r. Geli\u015fmi\u015flik, az enerji kullanarak \u00e7ok ekonomik de\u011fer yaratabilmekle \u00f6l\u00e7\u00fcmlenebilir.<\/span><\/div>\n<div align=\"justify\"><span style=\"color: #000000;\">Enerjinin verimli kullan\u0131m\u0131n\u0131n sa\u011flanmas\u0131nda en temel g\u00f6sterge enerji yo\u011funlu\u011funun d\u00fc\u015f\u00fcr\u00fclmesidir. \u00dclkemizde ki\u015fi ba\u015f\u0131na enerji t\u00fcketimi OECD \u00fclkeleri ortalamas\u0131n\u0131n yakla\u015f\u0131k 1\/5 \u2018i oran\u0131nda, enerji yo\u011funlu\u011fu ise OECD ortalamas\u0131n\u0131n iki kat\u0131 kadard\u0131r. Bug\u00fcne kadar y\u00fcr\u00fct\u00fclen \u00e7al\u0131\u015fmalara ra\u011fmen enerji yo\u011funlu\u011fu, d\u00fc\u015fme e\u011filimine girmemi\u015ftir. Uluslararas\u0131 Enerji Ajans\u0131 verilerine g\u00f6re geli\u015fmi\u015f \u00fclkelerde enerji yo\u011funlu\u011fu 0.09-0.19 aras\u0131nda iken, \u00fclkemizde 0.38 olmas\u0131 ve azalma e\u011filimi g\u00f6stermemesi bu konunun ciddi olarak ele al\u0131nmas\u0131 gere\u011fini ortaya koymaktad\u0131r. Sadece bu rakam bile, T\u00fcrkiye\u2019nin enerji verimlili\u011finin art\u0131r\u0131lmas\u0131 konusunda yap\u0131labilecek \u00e7ok \u015fey oldu\u011funu g\u00f6stermektedir. <\/span><\/div>\n<table border=\"1\" cellspacing=\"0\" cellpadding=\"0\">\n<tbody>\n<tr>\n<td bgcolor=\"#cccccc\">\n<div><span style=\"color: #000000;\">\u00dclke<\/span><\/div>\n<\/td>\n<td bgcolor=\"#cccccc\">\n<div><span style=\"color: #000000;\">GDP (milyar $)<\/span><\/div>\n<\/td>\n<td bgcolor=\"#cccccc\">\n<div><span style=\"color: #000000;\">T\u00fcketim (milyon TEP)<\/span><\/div>\n<\/td>\n<td bgcolor=\"#cccccc\">\n<div><span style=\"color: #000000;\">Enerji yo\u011funlu\u011fu<\/span><\/div>\n<\/td>\n<td bgcolor=\"#cccccc\">\n<div><span style=\"color: #000000;\">Ki\u015fi ba\u015f\u0131na t\u00fcketim (TEP\/n\u00fcfus)<\/span><\/div>\n<\/td>\n<\/tr>\n<tr>\n<td>\n<div><span style=\"color: #000000;\">T\u00fcrkiye<\/span><\/div>\n<\/td>\n<td>\n<div><span style=\"color: #000000;\">190,3<\/span><\/div>\n<\/td>\n<td>\n<div><span style=\"color: #000000;\">72,5<\/span><\/div>\n<\/td>\n<td>\n<div><span style=\"color: #000000;\">0,38<\/span><\/div>\n<\/td>\n<td>\n<div><span style=\"color: #000000;\">1,06<\/span><\/div>\n<\/td>\n<\/tr>\n<tr>\n<td bgcolor=\"#f0f0f0\">\n<div><span style=\"color: #000000;\">Japonya<\/span><\/div>\n<\/td>\n<td bgcolor=\"#f0f0f0\">\n<div><span style=\"color: #000000;\">5 648<\/span><\/div>\n<\/td>\n<td bgcolor=\"#f0f0f0\">\n<div><span style=\"color: #000000;\">520,7<\/span><\/div>\n<\/td>\n<td bgcolor=\"#f0f0f0\">\n<div><span style=\"color: #000000;\">0,09<\/span><\/div>\n<\/td>\n<td bgcolor=\"#f0f0f0\">\n<div><span style=\"color: #000000;\">4,09<\/span><\/div>\n<\/td>\n<\/tr>\n<tr>\n<td>\n<div><span style=\"color: #000000;\">ABD<\/span><\/div>\n<\/td>\n<td>\n<div><span style=\"color: #000000;\">8977,9<\/span><\/div>\n<\/td>\n<td>\n<div><span style=\"color: #000000;\">2281,5<\/span><\/div>\n<\/td>\n<td>\n<div><span style=\"color: #000000;\">0,25<\/span><\/div>\n<\/td>\n<td>\n<div><span style=\"color: #000000;\">7,98<\/span><\/div>\n<\/td>\n<\/tr>\n<tr>\n<td bgcolor=\"#f0f0f0\">\n<div><span style=\"color: #000000;\">Yunanistan<\/span><\/div>\n<\/td>\n<td bgcolor=\"#f0f0f0\">\n<div><span style=\"color: #000000;\">144,8<\/span><\/div>\n<\/td>\n<td bgcolor=\"#f0f0f0\">\n<div><span style=\"color: #000000;\">28,7<\/span><\/div>\n<\/td>\n<td bgcolor=\"#f0f0f0\">\n<div><span style=\"color: #000000;\">0,20<\/span><\/div>\n<\/td>\n<td bgcolor=\"#f0f0f0\">\n<div><span style=\"color: #000000;\">2,62<\/span><\/div>\n<\/td>\n<\/tr>\n<tr>\n<td>\n<div><span style=\"color: #000000;\">OECD<\/span><\/div>\n<\/td>\n<td>\n<div><span style=\"color: #000000;\">27880,9<\/span><\/div>\n<\/td>\n<td>\n<div><span style=\"color: #000000;\">8970<\/span><\/div>\n<\/td>\n<td>\n<div><span style=\"color: #000000;\">0,19<\/span><\/div>\n<\/td>\n<td>\n<div><span style=\"color: #000000;\">4,68<\/span><\/div>\n<\/td>\n<\/tr>\n<tr>\n<td bgcolor=\"#f0f0f0\">\n<div><span style=\"color: #000000;\">D\u00fcnya<\/span><\/div>\n<\/td>\n<td bgcolor=\"#f0f0f0\">\n<div><span style=\"color: #000000;\">34399,8<\/span><\/div>\n<\/td>\n<td bgcolor=\"#f0f0f0\">\n<div><span style=\"color: #000000;\">10029<\/span><\/div>\n<\/td>\n<td bgcolor=\"#f0f0f0\">\n<div><span style=\"color: #000000;\">0,29<\/span><\/div>\n<\/td>\n<td bgcolor=\"#f0f0f0\">\n<div><span style=\"color: #000000;\">1,64<\/span><\/div>\n<\/td>\n<\/tr>\n<\/tbody>\n<\/table>\n<div><span style=\"color: #000000;\">\u00dclkemizin AB uyum s\u00fcrecindeki y\u00fck\u00fcml\u00fcl\u00fckleri a\u00e7\u0131s\u0131ndan bak\u0131ld\u0131\u011f\u0131nda bu konu ayr\u0131 bir \u00f6nem arz etmektedir. 2003 y\u0131l\u0131nda haz\u0131rlanan Kat\u0131l\u0131m Ortakl\u0131\u011f\u0131 Belgesi\u2019nde, enerji verimlili\u011fi konusunda mevzuat uyumunun sa\u011flanmas\u0131 ve enerji tasarrufuna y\u00f6nelik uygulamalar\u0131n geli\u015ftirilmesi k\u0131sa vadeli \u00f6ncelikler aras\u0131nda yer alm\u0131\u015ft\u0131r. <\/span><\/div>\n<div><span style=\"color: #000000;\">Enerjinin verimli kullan\u0131lmas\u0131n\u0131n sa\u011flanmas\u0131 ve etkin bir enerji verimlili\u011fi program\u0131n\u0131n uygulanmas\u0131, enerji maliyetlerinin ekonomi \u00fczerindeki y\u00fck\u00fcn\u00fcn hafifletilmesi, enerji verimlili\u011fi konusunda bir bilin\u00e7 olu\u015fturulmas\u0131 ile uluslararas\u0131 y\u00fck\u00fcml\u00fcl\u00fcklerin yerine getirilmesi i\u00e7in gerekli kanuni d\u00fczenlemelerin yap\u0131lmas\u0131 zorunluluk arz etmi\u015ftir. Bu ba\u011flamda, 5627 say\u0131l\u0131 Enerji Verimlili\u011fi Kanunu, 02 May\u0131s 2007 tarih ve 26510 say\u0131l\u0131 Resmi Gazete\u2019de yay\u0131nlanarak y\u00fcr\u00fcrl\u00fc\u011fe girmi\u015ftir. Yasal d\u00fczenlemeler ve y\u00f6netmeliklerin y\u00fcr\u00fcrl\u00fc\u011fe girmesiyle birlikte a\u015fa\u011f\u0131da belirtilen \u00f6nemli de\u011fi\u015fiklikler g\u00f6zlenecektir:<\/span><\/div>\n<div><span style=\"color: #000000;\">&#8211; Binalar\u0131n y\u0131ll\u0131k maksimum enerji t\u00fcketim miktarlar\u0131 (kWh\/m2) belirlenecek.<br \/>\n&#8211; Yap\u0131 tesisatlar\u0131 d\u00fczenli olarak denetlenecek.<br \/>\n&#8211; Yap\u0131larda \u0131s\u0131 yal\u0131t\u0131m\u0131 standartlar\u0131 yasaya g\u00f6re de\u011fi\u015fecek.<br \/>\n&#8211; Her binan\u0131n bir enerji pasaportu olacak.<br \/>\n&#8211; Binalarda enerji izleme y\u00f6ntem ve sistemleri kullan\u0131lmaya ba\u015flanacak.<br \/>\n&#8211; Kanun kapsam\u0131na giren end\u00fcstriyel i\u015fletmelerde ve binalarda enerji y\u00f6netimi ile ilgili faaliyetleri yerine getiren enerji y\u00f6neticileri bulundurulacak. <\/span><\/div>\n<div align=\"justify\"><span style=\"color: #000000;\">Tasarruf Potansiyeli<\/span><\/div>\n<div align=\"justify\"><span style=\"color: #000000;\">\u00dclkemizde, enerjinin yo\u011fun kullan\u0131ld\u0131\u011f\u0131 sekt\u00f6rlerde %20-30 dolay\u0131nda enerji tasarruf potansiyeli oldu\u011fu bilinmektedir. (Sanayi \u2265 %20, Bina ve Hizmet \u2265 %30, Ula\u015f\u0131m \u2265 %20) % 15\u2019lik elektrik tasarruf potansiyeli geri kazan\u0131ld\u0131\u011f\u0131nda 6,5 milyar YTL\u2019lik do\u011fal gazl\u0131 santral yat\u0131r\u0131m\u0131 \u00f6nlenebilir. Y\u0131lda 3,0 milyar USD\u2019l\u0131k do\u011fal gaz ithal edilmeyebilir.<\/span><\/div>\n<div align=\"justify\"><span style=\"color: #000000;\">Binalar\u0131n ve i\u015fletmelerin \u0131s\u0131tma ve so\u011futmas\u0131nda % 35 ve ula\u015f\u0131mda % 15 tasarruf sa\u011fland\u0131\u011f\u0131nda y\u0131lda 1,4 milyar USD\u2019l\u0131k petrol ve do\u011fal gaz ithal edilmeyebilir.<\/span><\/div>\n<div align=\"justify\"><span style=\"color: #000000;\">Hedef<\/span><\/div>\n<div align=\"justify\"><span style=\"color: #000000;\">Enerji Verimlili\u011fi Kanunu ile Enerji ve Tabii Kaynaklar Bakanl\u0131\u011f\u0131 taraf\u0131ndan belirlenen hedef, T\u00fcrkiye\u2019nin enerji yo\u011funlu\u011funu 2020 y\u0131l\u0131na kadar %15 azaltmakt\u0131r. Bu hedef, ayn\u0131 enerji ile daha fazla \u00fcretimin \u00f6n\u00fcn\u00fc a\u00e7acak, enerji yat\u0131r\u0131m ihtiya\u00e7lar\u0131m\u0131z\u0131 ve ithalat ba\u011f\u0131ml\u0131l\u0131\u011f\u0131m\u0131z\u0131 azaltacak, ayr\u0131ca temiz \u00e7evrenin korunmas\u0131na \u00f6nemli katk\u0131larda bulunacakt\u0131r.<\/span><\/div>\n<div align=\"justify\"><span style=\"color: #000000;\">Enerji Verimlili\u011fini Artt\u0131rmaya Y\u00f6nelik \u00c7al\u0131\u015fmalar<\/span><\/div>\n<div align=\"justify\"><span style=\"color: #000000;\">Bir\u00e7ok cihaz, ekipman, bina ve enerji hizmeti i\u00e7in m\u00fcmk\u00fcn en az enerji t\u00fcketimi, verimli olmayan \u00fcr\u00fcnlerin piyasadan \u00e7ekilmesi amac\u0131 ile performans derecelendirmesi ve etiketleme, daha fazla enerji verimlili\u011fi sa\u011flayan \u00fcr\u00fcnler i\u00e7in finans mekanizmalar\u0131 olu\u015fturulmas\u0131 ve t\u00fcketicinin en verimli \u00fcr\u00fcnler hakk\u0131nda bilgilendirilmesi \u00f6nerilen \u00f6ncelikler aras\u0131nda yer al\u0131yor.<br \/>\nAyr\u0131ca elektrik \u00fcretimi, iletimi ve da\u011f\u0131t\u0131m\u0131ndaki kay\u0131plar ile ilgili olarak, yeni ve mevcut elektrik \u00fcretim kapasitesindeki verimlili\u011fi artt\u0131rmak ve iletim ve da\u011f\u0131t\u0131mdaki kay\u0131plar\u0131 azaltmak i\u00e7in yeni yollar \u00fczerinde yo\u011funla\u015fmak \u00f6neriliyor.<\/span><\/div>\n<div align=\"center\"><span style=\"color: #000000;\"><img loading=\"lazy\" src=\"http:\/\/www.ibb.gov.tr\/sites\/aydinlatmaenerji\/PublishingImages\/grafik\/graphic1.gif\" alt=\"\" width=\"350\" height=\"289\" border=\"0\" \/><\/span><\/div>\n<div align=\"justify\"><span style=\"color: #000000;\">Binalarda ve Is\u0131tma &amp; So\u011futma Sistemlerinde Enerji Verimlili\u011fi<\/span><\/div>\n<div align=\"justify\"><span style=\"color: #000000;\">Evlerdeki enerji t\u00fcketiminin en b\u00fcy\u00fck k\u0131sm\u0131 mek\u00e2n \u0131s\u0131t\u0131lmas\u0131 i\u00e7in harcanmaktad\u0131r. Tipik bir evin toplam faturas\u0131n\u0131n %45\u2019i \u0131s\u0131tma-so\u011futma i\u00e7in \u00f6denmektedir. Evlerin (veya ofislerin) \u0131s\u0131t\u0131lmas\u0131na harcanan enerjiden tasarruf etmek i\u00e7in i\u00e7 ortam \u0131s\u0131s\u0131n\u0131n ortamda muhafaza edilmesi gereklidir. \u0130\u00e7 ortam \u0131s\u0131s\u0131n\u0131n i\u00e7erde muhafaza edilebilmesi i\u00e7in, binan\u0131n \u00e7ok iyi yal\u0131t\u0131lm\u0131\u015f olmas\u0131 gerekmektedir. Binalarda \u00e7at\u0131lardan %7, d\u0131\u015f duvarlardan %40, d\u00f6\u015femelerden %6 ve kap\u0131lardan %17 oranlar\u0131nda \u0131s\u0131 kay\u0131plar\u0131 olmaktad\u0131r. Binan\u0131n yal\u0131t\u0131lmas\u0131 ile %50\u2019ye varan oranlarda enerji tasarrufu yapmak m\u00fcmk\u00fcnd\u00fcr. <\/span><\/div>\n<div align=\"center\"><span style=\"color: #000000;\"><img loading=\"lazy\" src=\"http:\/\/www.ibb.gov.tr\/sites\/aydinlatmaenerji\/PublishingImages\/pages_imj\/bina.bmp\" alt=\"\" width=\"436\" height=\"195\" border=\"0\" \/><\/span><\/div>\n<div align=\"justify\"><span style=\"color: #000000;\">Evlerde \u0131s\u0131nmak veya so\u011fumak amac\u0131yla t\u00fcketilen enerjiyi etkin, verimli kullanabilmek i\u00e7in bir dizi bedava veya \u00e7ok az bir maliyetle al\u0131nacak tedbirler \u015funlard\u0131r:<\/span><\/div>\n<blockquote>\n<div align=\"justify\"><span style=\"color: #000000;\">\u2022 Duvar ile radyat\u00f6r aras\u0131na al\u00fcminyum folyo kapl\u0131 yal\u0131t\u0131m levhas\u0131 koyun. Bu panelleri strafor levha \u00fcst\u00fcn\u00fc al\u00fcminyum folyo kaplayarak evde kendiniz de haz\u0131rlayabilirsiniz.<br \/>\n\u2022 Radyat\u00f6r s\u0131cakl\u0131\u011f\u0131n\u0131 ayarlayan termostatik radyat\u00f6r vanalar\u0131 y\u0131lda %15-20 oran\u0131nda enerji tasarrufu sa\u011flar.<br \/>\n\u2022 Radyat\u00f6rlerin \u00f6n\u00fcn\u00fc uzun perdelerle kapatmay\u0131n. Mobilya koymay\u0131n. S\u0131cak hava hareketine engel olmay\u0131n.<br \/>\n\u2022 K\u0131\u015f\u0131n kuzeye bakan pencere perdelerini ve varsa, panjurlar\u0131 kapal\u0131 tutun.<br \/>\n\u2022 Is\u0131 kay\u0131plar\u0131n \u00f6nlemek i\u00e7in su \u0131s\u0131t\u0131c\u0131n\u0131z\u0131 ve s\u0131cak su borular\u0131n\u0131 yal\u0131t\u0131n.<br \/>\n\u2022 Kat kaloriferiniz \u0131s\u0131t\u0131lmayan bir mek\u00e2nda bulunuyorsa, boru ve tank\u0131 yal\u0131tarak \u0131s\u0131 kay\u0131plar\u0131n\u0131 \u00f6nleyin.<br \/>\n\u2022 Kalorifer kazan\u0131 veya kat kaloriferinizi yo\u011fu\u015fmal\u0131, y\u00fcksek verimli olanlar ile de\u011fi\u015ftirin.<br \/>\n\u2022 Merkezi sistemle \u0131s\u0131t\u0131lan konutlarda s\u0131cakl\u0131k fazla geldi\u011finde camlar\u0131 a\u00e7mak yerine, termostatik vanalarla s\u0131cakl\u0131\u011f\u0131 d\u00fc\u015f\u00fcr\u00fcn.<br \/>\n\u2022 Ortam s\u0131cakl\u0131\u011f\u0131n\u0131 1 derece azaltarak enerji t\u00fcketimini %6 azaltabilirsiniz. K\u0131\u015f\u0131n ortam s\u0131cakl\u0131\u011f\u0131n\u0131 gere\u011finden fazla y\u00fckseltmeyin. Oturma odalar\u0131 19 ile 21 oC ve yatak odalar\u0131n\u0131 16-18 <span style=\"font-size: xx-small;\">o<\/span>C aras\u0131nda \u0131s\u0131tmak uygundur.<br \/>\n\u2022 Apartman giri\u015f kap\u0131lar\u0131n\u0131 kapal\u0131 tutun. \u00c7ift kap\u0131 veya otomatik kapama \u0131s\u0131 korunumuna yard\u0131mc\u0131 olur.<br \/>\n\u2022 G\u00fcne\u015fli k\u0131\u015f g\u00fcnlerinde \u0131s\u0131t\u0131c\u0131n\u0131z\u0131 kapat\u0131n, perdelerinizi a\u00e7\u0131n. G\u00fcne\u015f evinizi bedavaya \u0131s\u0131tacakt\u0131r.<br \/>\n\u2022 Kap\u0131 ve pencere bo\u015fluklar\u0131n kontrol ederek s\u0131z\u0131nt\u0131lar\u0131 \u00f6nleyin. Bunun i\u00e7in pencere yal\u0131t\u0131m bantlar\u0131 kullan\u0131n.<br \/>\n\u2022 Yal\u0131t\u0131ml\u0131 camlar\u0131 kullan\u0131n. Standart camlardan daha pahal\u0131d\u0131r ama konfor ve enerji tasarrufu sa\u011flarlar. 12 mm \u00e7ift cam kullan\u0131lmas\u0131 durumunda camlardan kaybedilecek \u0131s\u0131 %50 oran\u0131nda azal\u0131r. Low-e camlar kullan\u0131lmas\u0131 \u0131s\u0131 kay\u0131plar\u0131n\u0131 daha da d\u00fc\u015f\u00fcrecektir.<br \/>\n\u2022 Binan\u0131z\u0131 yal\u0131t\u0131n.<br \/>\n\u2022 Bir enerji y\u00f6neticisinden yard\u0131m al\u0131n.<br \/>\n\u2022 Ev sat\u0131n al\u0131rken enerji etkin bir ev olmas\u0131na dikkat edin. Ba\u015flang\u0131\u00e7ta daha fazla para \u00f6dersiniz. Ama \u00f6m\u00fcr boyu hem para, hem enerji tasarrufu sa\u011flam\u0131\u015f olursunuz.<\/span><\/div>\n<div align=\"justify\"><span style=\"color: #000000;\">Kaynak: <a href=\"http:\/\/osman.midilli.com\/2008\/10\/12\/enerji-verimliligi-nedir\" target=\"_blank\">\u0130bb<\/a><\/span><\/div>\n<\/blockquote>\n<p><\/p>","protected":false},"excerpt":{"rendered":"<p>Sorry, this entry is only available in Turkish. For the sake of viewer convenience, the content is shown below in the alternative language. You may click the link to switch the active language. Enerji, hayat\u0131m\u0131z\u0131n her y\u00f6n\u00fcn\u00fc etkilemektedir: bize \u0131\u015f\u0131k, \u0131s\u0131, ula\u015f\u0131m ve di\u011fer ara\u00e7lar i\u00e7in yak\u0131t sa\u011flar. Ancak, bug\u00fcn, enerji tedarikimizin g\u00fcvenli\u011fi ve fosil [&hellip;]<\/p>\n","protected":false},"author":1,"featured_media":3221,"comment_status":"open","ping_status":"open","sticky":false,"template":"","format":"standard","meta":[],"categories":[53,52],"tags":[63,67,12],"views":729,"_links":{"self":[{"href":"https:\/\/www.enerjigazetesi.ist\/en\/wp-json\/wp\/v2\/posts\/3217"}],"collection":[{"href":"https:\/\/www.enerjigazetesi.ist\/en\/wp-json\/wp\/v2\/posts"}],"about":[{"href":"https:\/\/www.enerjigazetesi.ist\/en\/wp-json\/wp\/v2\/types\/post"}],"author":[{"embeddable":true,"href":"https:\/\/www.enerjigazetesi.ist\/en\/wp-json\/wp\/v2\/users\/1"}],"replies":[{"embeddable":true,"href":"https:\/\/www.enerjigazetesi.ist\/en\/wp-json\/wp\/v2\/comments?post=3217"}],"version-history":[{"count":4,"href":"https:\/\/www.enerjigazetesi.ist\/en\/wp-json\/wp\/v2\/posts\/3217\/revisions"}],"predecessor-version":[{"id":3225,"href":"https:\/\/www.enerjigazetesi.ist\/en\/wp-json\/wp\/v2\/posts\/3217\/revisions\/3225"}],"wp:featuredmedia":[{"embeddable":true,"href":"https:\/\/www.enerjigazetesi.ist\/en\/wp-json\/wp\/v2\/media\/3221"}],"wp:attachment":[{"href":"https:\/\/www.enerjigazetesi.ist\/en\/wp-json\/wp\/v2\/media?parent=3217"}],"wp:term":[{"taxonomy":"category","embeddable":true,"href":"https:\/\/www.enerjigazetesi.ist\/en\/wp-json\/wp\/v2\/categories?post=3217"},{"taxonomy":"post_tag","embeddable":true,"href":"https:\/\/www.enerjigazetesi.ist\/en\/wp-json\/wp\/v2\/tags?post=3217"}],"curies":[{"name":"wp","href":"https:\/\/api.w.org\/{rel}","templated":true}]}}