{"id":32160,"date":"2014-10-06T18:15:38","date_gmt":"2014-10-06T15:15:38","guid":{"rendered":"https:\/\/www.enerjigazetesi.ist\/?p=32160"},"modified":"2014-10-06T18:15:51","modified_gmt":"2014-10-06T15:15:51","slug":"kurakligin-elektrik-uretimine-olumsuz-etkisi","status":"publish","type":"post","link":"https:\/\/www.enerjigazetesi.ist\/en\/kurakligin-elektrik-uretimine-olumsuz-etkisi\/","title":{"rendered":"(Turkish) K\u00f6\u015fe Yaz\u0131s\u0131: Kurakl\u0131\u011f\u0131n Elektrik \u00dcretimine Olumsuz Etkisi!"},"content":{"rendered":"<p class=\"qtranxs-available-languages-message qtranxs-available-languages-message-en\">Sorry, this entry is only available in <a href=\"https:\/\/www.enerjigazetesi.ist\/tr\/wp-json\/wp\/v2\/posts\/32160\" class=\"qtranxs-available-language-link qtranxs-available-language-link-tr\" title=\"Turkish\">Turkish<\/a>. For the sake of viewer convenience, the content is shown below in the alternative language. You may click the link to switch the active language.<\/p><p><strong>Son y\u0131llarda s\u0131k\u00e7a g\u00fcndeme gelen \u201cKurakl\u0131k\u201d konusu do\u011fan\u0131n tamam\u0131n\u0131 olumsuz etkiledi\u011fi gibi bunun enerji sekt\u00f6r\u00fcne verdi\u011fi zarar da b\u00fcy\u00fck. G\u00fcndemin pop\u00fcler konusu olan yenilenebilir enerji kaynaklar\u0131n\u0131n daha \u00e7ok kullan\u0131lmas\u0131 i\u00e7in yap\u0131lan iyile\u015ftirmeler bir yandan devam ederken, ya\u015fanan kurakl\u0131k sorunu hidroelektrik santralleri olumsuz etkilemi\u015ftir. Yenilenebilir enerji kaynaklar\u0131n\u0131n daha \u00e7ok kullan\u0131larak enerjide d\u0131\u015fa ba\u011f\u0131ml\u0131l\u0131\u011f\u0131n azalt\u0131lmas\u0131 i\u00e7in \u00e7abalar s\u00fcrerken, barajlar ve akarsulardaki su miktarlar\u0131n\u0131n azalmas\u0131 kurulu g\u00fcc\u00fc artmas\u0131na ra\u011fmen HES\u2019lerin \u00fcrettikleri enerji miktarlar\u0131n\u0131 d\u00fc\u015f\u00fcrm\u00fc\u015ft\u00fcr.<\/strong><\/p>\n<p style=\"text-align: center;\"><img loading=\"lazy\" class=\"aligncenter  wp-image-32161\" src=\"https:\/\/www.enerjigazetesi.ist\/wp-content\/uploads\/2014\/10\/1.png\" alt=\"1\" width=\"498\" height=\"129\" srcset=\"https:\/\/www.enerjigazetesi.ist\/wp-content\/uploads\/2014\/10\/1.png 610w, https:\/\/www.enerjigazetesi.ist\/wp-content\/uploads\/2014\/10\/1-300x77.png 300w, https:\/\/www.enerjigazetesi.ist\/wp-content\/uploads\/2014\/10\/1-500x129.png 500w, https:\/\/www.enerjigazetesi.ist\/wp-content\/uploads\/2014\/10\/1-80x20.png 80w\" sizes=\"(max-width: 498px) 100vw, 498px\" \/><\/p>\n<p>TE\u0130A\u015e Raporlar\u0131ndan al\u0131nan verilere bak\u0131ld\u0131\u011f\u0131 zaman, 2013 y\u0131l\u0131 sonunda sahip oldu\u011fumuz toplam 467 adet baraj tipi ve akarsu tipi hidroelektrik santral say\u0131m\u0131z 31 A\u011fustos 2014 tarihi itibariyle 2 tane barajl\u0131, 33 tane de akarsu tipi santralin devreye al\u0131nmas\u0131yla 502\u2019ye ula\u015fm\u0131\u015ft\u0131r. Kurulu g\u00fc\u00e7 olarak d\u00fc\u015f\u00fcn\u00fcld\u00fc\u011f\u00fcnde ayn\u0131 d\u00f6nem i\u00e7erisinde eklenen santrallerle 22.289 MW olan kurulu g\u00fc\u00e7 yakla\u015f\u0131k 23.323 MW\u2019a ula\u015fm\u0131\u015ft\u0131r. Artan santral say\u0131s\u0131 ve kurulu g\u00fcce bak\u0131l\u0131rsa sistemimize HES\u2019lerden sa\u011flanan enerjinin artmas\u0131 tahmin edilirken bu de\u011ferlerde b\u00fcy\u00fck d\u00fc\u015f\u00fc\u015fler ya\u015fanm\u0131\u015ft\u0131r.<\/p>\n<p style=\"text-align: center;\"><a href=\"https:\/\/www.enerjigazetesi.ist\/wp-content\/uploads\/2014\/10\/2.png\"><img loading=\"lazy\" class=\"aligncenter  wp-image-32162\" src=\"https:\/\/www.enerjigazetesi.ist\/wp-content\/uploads\/2014\/10\/2.png\" alt=\"2\" width=\"548\" height=\"547\" srcset=\"https:\/\/www.enerjigazetesi.ist\/wp-content\/uploads\/2014\/10\/2.png 710w, https:\/\/www.enerjigazetesi.ist\/wp-content\/uploads\/2014\/10\/2-150x150.png 150w, https:\/\/www.enerjigazetesi.ist\/wp-content\/uploads\/2014\/10\/2-300x300.png 300w, https:\/\/www.enerjigazetesi.ist\/wp-content\/uploads\/2014\/10\/2-400x400.png 400w, https:\/\/www.enerjigazetesi.ist\/wp-content\/uploads\/2014\/10\/2-50x50.png 50w\" sizes=\"(max-width: 548px) 100vw, 548px\" \/><\/a><\/p>\n<p>Kurakl\u0131\u011f\u0131n s\u0131k\u00e7a g\u00fcndeme geldi\u011fi yaz aylar\u0131nda sistemimize HES\u2019lerden sa\u011flanan enerji miktarlar\u0131 yine TE\u0130A\u015e\u2019\u0131n yay\u0131nlad\u0131\u011f\u0131 g\u00fcnl\u00fck raporlardan da anla\u015f\u0131laca\u011f\u0131 gibi b\u00fcy\u00fck bir d\u00fc\u015f\u00fc\u015f g\u00f6stermi\u015ftir. Bu raporlar incelendi\u011fi zaman Temmuz, A\u011fustos, Eyl\u00fcl aylar\u0131 i\u00e7in 2013 ve 2014 verileri kar\u015f\u0131la\u015ft\u0131r\u0131ld\u0131\u011f\u0131nda her ay i\u00e7in yakla\u015f\u0131k 1.000.000 MWh \u00fcretim kayb\u0131 oldu\u011fu rahatl\u0131kla g\u00f6zlenebilir, bu veriler bir \u00f6nceki seneye g\u00f6re yakla\u015f\u0131k %20 kay\u0131p anlam\u0131na gelir.<\/p>\n<p>Temmuz, A\u011fustos, Eyl\u00fcl 2014 kay\u0131plar\u0131n\u0131n toplamda yakla\u015f\u0131k 3 milyon MWh&#8217;i bulmas\u0131n\u0131n, ekonomimize zarar\u0131 da k\u00fc\u00e7\u00fcmsenemez. HES&#8217;lerdeki bu kay\u0131p, \u00fcretimde a\u00e7\u0131\u011f\u0131n olu\u015fmas\u0131 anlam\u0131na gelir ve bu a\u00e7\u0131\u011fa k\u0131\u015f aylar\u0131nda ya\u015fanacak do\u011falgaz s\u0131k\u0131nt\u0131s\u0131 da eklenirse daha b\u00fcy\u00fck problemlerle kar\u015f\u0131la\u015fabiliriz.<\/p>\n<p>Yazan: C. Can TUTA\u015eI<\/p>\n<p>Yay\u0131nc\u0131: <a href=\"https:\/\/www.enerjigazetesi.ist\" target=\"_blank\">Enerji Gazetesi<\/a><\/p>","protected":false},"excerpt":{"rendered":"<p>Sorry, this entry is only available in Turkish. For the sake of viewer convenience, the content is shown below in the alternative language. You may click the link to switch the active language.Son y\u0131llarda s\u0131k\u00e7a g\u00fcndeme gelen \u201cKurakl\u0131k\u201d konusu do\u011fan\u0131n tamam\u0131n\u0131 olumsuz etkiledi\u011fi gibi bunun enerji sekt\u00f6r\u00fcne verdi\u011fi zarar da b\u00fcy\u00fck. G\u00fcndemin pop\u00fcler konusu olan [&hellip;]<\/p>\n","protected":false},"author":1,"featured_media":31706,"comment_status":"open","ping_status":"open","sticky":false,"template":"","format":"standard","meta":[],"categories":[51,53],"tags":[68,61,19,63,67,1009,165,12313,1221,1582],"views":1301,"_links":{"self":[{"href":"https:\/\/www.enerjigazetesi.ist\/en\/wp-json\/wp\/v2\/posts\/32160"}],"collection":[{"href":"https:\/\/www.enerjigazetesi.ist\/en\/wp-json\/wp\/v2\/posts"}],"about":[{"href":"https:\/\/www.enerjigazetesi.ist\/en\/wp-json\/wp\/v2\/types\/post"}],"author":[{"embeddable":true,"href":"https:\/\/www.enerjigazetesi.ist\/en\/wp-json\/wp\/v2\/users\/1"}],"replies":[{"embeddable":true,"href":"https:\/\/www.enerjigazetesi.ist\/en\/wp-json\/wp\/v2\/comments?post=32160"}],"version-history":[{"count":2,"href":"https:\/\/www.enerjigazetesi.ist\/en\/wp-json\/wp\/v2\/posts\/32160\/revisions"}],"predecessor-version":[{"id":32164,"href":"https:\/\/www.enerjigazetesi.ist\/en\/wp-json\/wp\/v2\/posts\/32160\/revisions\/32164"}],"wp:featuredmedia":[{"embeddable":true,"href":"https:\/\/www.enerjigazetesi.ist\/en\/wp-json\/wp\/v2\/media\/31706"}],"wp:attachment":[{"href":"https:\/\/www.enerjigazetesi.ist\/en\/wp-json\/wp\/v2\/media?parent=32160"}],"wp:term":[{"taxonomy":"category","embeddable":true,"href":"https:\/\/www.enerjigazetesi.ist\/en\/wp-json\/wp\/v2\/categories?post=32160"},{"taxonomy":"post_tag","embeddable":true,"href":"https:\/\/www.enerjigazetesi.ist\/en\/wp-json\/wp\/v2\/tags?post=32160"}],"curies":[{"name":"wp","href":"https:\/\/api.w.org\/{rel}","templated":true}]}}