{"id":32151,"date":"2014-10-05T21:18:25","date_gmt":"2014-10-05T18:18:25","guid":{"rendered":"https:\/\/www.enerjigazetesi.ist\/?p=32151"},"modified":"2014-10-05T21:18:25","modified_gmt":"2014-10-05T18:18:25","slug":"petrol-fiyatlari-iki-yilin-en-dusuk-seviyesinde","status":"publish","type":"post","link":"https:\/\/www.enerjigazetesi.ist\/en\/petrol-fiyatlari-iki-yilin-en-dusuk-seviyesinde\/","title":{"rendered":"(Turkish) Petrol Fiyatlar\u0131 \u0130ki Y\u0131l\u0131n En D\u00fc\u015f\u00fck Seviyesinde!"},"content":{"rendered":"<p class=\"qtranxs-available-languages-message qtranxs-available-languages-message-en\">Sorry, this entry is only available in <a href=\"https:\/\/www.enerjigazetesi.ist\/tr\/wp-json\/wp\/v2\/posts\/32151\" class=\"qtranxs-available-language-link qtranxs-available-language-link-tr\" title=\"Turkish\">Turkish<\/a>. For the sake of viewer convenience, the content is shown below in the alternative language. You may click the link to switch the active language.<\/p><p><strong>Ortado\u011fu\u2019da y\u00fckselen jeopolitik risklere kar\u015f\u0131n, k\u00fcresel ekonomideki zay\u0131f g\u00f6r\u00fcn\u00fcm ve arz fazlas\u0131na ba\u011fl\u0131 olarak petrol fiyatlar\u0131 son iki y\u0131l\u0131n en d\u00fc\u015f\u00fck d\u00fczeylerine indi.ekonomideki zay\u0131f g\u00f6r\u00fcn\u00fcm<\/strong><a href=\"https:\/\/www.enerjigazetesi.ist\/wp-content\/uploads\/2014\/10\/petrol-fiyatlari-iki-yilin-en-dusuk-seviyesinde.jpg\"><img loading=\"lazy\" class=\"alignleft wp-image-32152 size-medium\" src=\"https:\/\/www.enerjigazetesi.ist\/wp-content\/uploads\/2014\/10\/petrol-fiyatlari-iki-yilin-en-dusuk-seviyesinde-300x212.jpg\" alt=\"petrol-fiyatlari-iki-yilin-en-dusuk-seviyesinde\" width=\"300\" height=\"212\" srcset=\"https:\/\/www.enerjigazetesi.ist\/wp-content\/uploads\/2014\/10\/petrol-fiyatlari-iki-yilin-en-dusuk-seviyesinde-300x212.jpg 300w, https:\/\/www.enerjigazetesi.ist\/wp-content\/uploads\/2014\/10\/petrol-fiyatlari-iki-yilin-en-dusuk-seviyesinde-500x353.jpg 500w, https:\/\/www.enerjigazetesi.ist\/wp-content\/uploads\/2014\/10\/petrol-fiyatlari-iki-yilin-en-dusuk-seviyesinde-70x50.jpg 70w, https:\/\/www.enerjigazetesi.ist\/wp-content\/uploads\/2014\/10\/petrol-fiyatlari-iki-yilin-en-dusuk-seviyesinde.jpg 547w\" sizes=\"(max-width: 300px) 100vw, 300px\" \/><\/a><span id=\"more-67386\"><\/span><\/p>\n<p>T\u00fcrkiye\u2019nin de fiyatlamada temel ald\u0131\u011f\u0131 Brent ham petrol\u00fcn\u00fcn varil fiyat\u0131 95 dolar\u0131n da alt\u0131na indi.<\/p>\n<p>Brent petrol\u00fc 94.04 dolar ile iki y\u0131ldan uzun s\u00fcrenin en d\u00fc\u015f\u00fc\u011f\u00fcne yak\u0131n d\u00fczeylere geriledi.<\/p>\n<p>Brent petrol\u00fcn\u00fcn varil fiyat\u0131 27 Haziran 2012 tarihinde 92.06 dolara kadar inmi\u015fti.<\/p>\n<p>Analistler, k\u00fcresel petrol arz\u0131n\u0131n bol miktarda olmas\u0131 Brent petrol\u00fc fiyatlar\u0131 \u00fczerinde bask\u0131 olu\u015fturmaya devam etti\u011fini, bu geli\u015fmelerde Avrupa ve \u00c7in\u2019deki zay\u0131f talebin etkili oldu\u011funa i\u015faret ediyor.<\/p>\n<p>Kaynak: <a href=\"http:\/\/enerjienstitusu.com\/2014\/10\/03\/petrol-fiyatlari-iki-yilin-en-dusuk-seviyesinde\/\" target=\"_blank\" rel=\"nofollow\">Enerji Enstit\u00fcs\u00fc<\/a><\/p>","protected":false},"excerpt":{"rendered":"<p>Sorry, this entry is only available in Turkish. For the sake of viewer convenience, the content is shown below in the alternative language. You may click the link to switch the active language.Ortado\u011fu\u2019da y\u00fckselen jeopolitik risklere kar\u015f\u0131n, k\u00fcresel ekonomideki zay\u0131f g\u00f6r\u00fcn\u00fcm ve arz fazlas\u0131na ba\u011fl\u0131 olarak petrol fiyatlar\u0131 son iki y\u0131l\u0131n en d\u00fc\u015f\u00fck d\u00fczeylerine indi.ekonomideki [&hellip;]<\/p>\n","protected":false},"author":1,"featured_media":32152,"comment_status":"open","ping_status":"open","sticky":false,"template":"","format":"standard","meta":[],"categories":[53,44],"tags":[18608,8033,18609,63,67,1009,165,8096,17307,1918,59,347,18610],"views":723,"_links":{"self":[{"href":"https:\/\/www.enerjigazetesi.ist\/en\/wp-json\/wp\/v2\/posts\/32151"}],"collection":[{"href":"https:\/\/www.enerjigazetesi.ist\/en\/wp-json\/wp\/v2\/posts"}],"about":[{"href":"https:\/\/www.enerjigazetesi.ist\/en\/wp-json\/wp\/v2\/types\/post"}],"author":[{"embeddable":true,"href":"https:\/\/www.enerjigazetesi.ist\/en\/wp-json\/wp\/v2\/users\/1"}],"replies":[{"embeddable":true,"href":"https:\/\/www.enerjigazetesi.ist\/en\/wp-json\/wp\/v2\/comments?post=32151"}],"version-history":[{"count":1,"href":"https:\/\/www.enerjigazetesi.ist\/en\/wp-json\/wp\/v2\/posts\/32151\/revisions"}],"predecessor-version":[{"id":32153,"href":"https:\/\/www.enerjigazetesi.ist\/en\/wp-json\/wp\/v2\/posts\/32151\/revisions\/32153"}],"wp:featuredmedia":[{"embeddable":true,"href":"https:\/\/www.enerjigazetesi.ist\/en\/wp-json\/wp\/v2\/media\/32152"}],"wp:attachment":[{"href":"https:\/\/www.enerjigazetesi.ist\/en\/wp-json\/wp\/v2\/media?parent=32151"}],"wp:term":[{"taxonomy":"category","embeddable":true,"href":"https:\/\/www.enerjigazetesi.ist\/en\/wp-json\/wp\/v2\/categories?post=32151"},{"taxonomy":"post_tag","embeddable":true,"href":"https:\/\/www.enerjigazetesi.ist\/en\/wp-json\/wp\/v2\/tags?post=32151"}],"curies":[{"name":"wp","href":"https:\/\/api.w.org\/{rel}","templated":true}]}}