{"id":32119,"date":"2014-10-03T08:46:27","date_gmt":"2014-10-03T05:46:27","guid":{"rendered":"https:\/\/www.enerjigazetesi.ist\/?p=32119"},"modified":"2014-10-03T08:46:27","modified_gmt":"2014-10-03T05:46:27","slug":"nordex-turkiye-1-gw-sinirini-asti","status":"publish","type":"post","link":"https:\/\/www.enerjigazetesi.ist\/en\/nordex-turkiye-1-gw-sinirini-asti\/","title":{"rendered":"(Turkish) Nordex T\u00fcrkiye 1 GW S\u0131n\u0131r\u0131n\u0131 A\u015ft\u0131!"},"content":{"rendered":"<p class=\"qtranxs-available-languages-message qtranxs-available-languages-message-en\">Sorry, this entry is only available in <a href=\"https:\/\/www.enerjigazetesi.ist\/tr\/wp-json\/wp\/v2\/posts\/32119\" class=\"qtranxs-available-language-link qtranxs-available-language-link-tr\" title=\"Turkish\">Turkish<\/a>. For the sake of viewer convenience, the content is shown below in the alternative language. You may click the link to switch the active language.<\/p><p><strong>Nordex T\u00fcrkiye\u2019nin d\u00f6rt r\u00fczg\u00e2r enerjisi projesi i\u00e7in toplamda 112,2 MW\u2019l\u0131k t\u00fcrbin sipari\u015fi ald\u0131\u011f\u0131 a\u00e7\u0131kland\u0131. Nordex T\u00fcrkiye\u2019den konu ile ilgili yap\u0131lan a\u00e7\u0131klamada t\u00fcrbinlerin yeni in\u015fa edilecek olan \u00d6demi\u015f ve Ba\u011faras\u0131 r\u00fczg\u00e2r enerjisi santrali (RES) projeleri ile kapasite art\u0131r\u0131m\u0131 sa\u011flanacak olan Edincik ve Band\u0131rma-3 RES projeleri i\u00e7in tedarik edilece\u011fi bildirildi.<\/strong><\/p>\n<p>A\u00e7\u0131klamaya g\u00f6re \u00d6demi\u015f ve Ba\u011faras\u0131 projeleri Erdem Holding taraf\u0131ndan hayata ge\u00e7irilecek iken, santraller \u015firketin ilk yenilenebilir enerji yat\u0131r\u0131mlar\u0131 o<a href=\"https:\/\/www.enerjigazetesi.ist\/wp-content\/uploads\/2014\/10\/nordex-turkiye-1-gw-sinirini-asti.jpg\"><img loading=\"lazy\" class=\"alignleft size-medium wp-image-32120\" src=\"https:\/\/www.enerjigazetesi.ist\/wp-content\/uploads\/2014\/10\/nordex-turkiye-1-gw-sinirini-asti-300x189.jpg\" alt=\"nordex-turkiye-1-gw-sinirini-asti\" width=\"300\" height=\"189\" srcset=\"https:\/\/www.enerjigazetesi.ist\/wp-content\/uploads\/2014\/10\/nordex-turkiye-1-gw-sinirini-asti-300x189.jpg 300w, https:\/\/www.enerjigazetesi.ist\/wp-content\/uploads\/2014\/10\/nordex-turkiye-1-gw-sinirini-asti-80x50.jpg 80w, https:\/\/www.enerjigazetesi.ist\/wp-content\/uploads\/2014\/10\/nordex-turkiye-1-gw-sinirini-asti.jpg 392w\" sizes=\"(max-width: 300px) 100vw, 300px\" \/><\/a>lacak.<\/p>\n<p>\u0130zmir\u2019in \u00d6demi\u015f il\u00e7esinde in\u015fa edilecek olan \u00d6demi\u015f RES 7 adet Nordex N117\/3000 t\u00fcrbininden olu\u015facak ve 21 MW\u2019l\u0131k kurulu g\u00fcce sahip olacak.<\/p>\n<p>Ayd\u0131n\u2019da 6.6m\/s ortalama r\u00fczgar h\u0131z\u0131na sahip, 800 metre rak\u0131ml\u0131k bir alanda in\u015fa edilecek olan Ba\u011faras\u0131 RES ise 20 adet N117\/2400 t\u00fcrbinden olu\u015facak ve 48 MW\u2019l\u0131k kurulu g\u00fcce sahip olacak. Santralin tam g\u00fc\u00e7 ile devreye girdi\u011finde y\u0131ll\u0131k 130.000 Megavat-Saatlik elektrik \u00fcretimi ger\u00e7ekle\u015ftirmesi \u00f6ng\u00f6r\u00fcl\u00fcyor.<\/p>\n<p>Nordex her iki santral i\u00e7in de be\u015f y\u0131l boyunca servis ve bak\u0131m hizmeti verecek.<\/p>\n<p><strong>Edincik ve Band\u0131rma-3 santralleri Nordex t\u00fcrbinleri kullanmaya devam edecek<\/strong><\/p>\n<p>Daha \u00f6nce yine Nordex t\u00fcrbinleri kullan\u0131larak in\u015fa edilen Edincik ve Band\u0131rma-3 RES projelerinde ger\u00e7ekle\u015ftirilecek kapasite art\u0131\u015f\u0131nda Nordex taraf\u0131ndan sa\u011flanacak N117\/2400 t\u00fcrbinleri kullan\u0131lacak.<\/p>\n<p>A\u011fao\u011flu Enerji portf\u00f6y\u00fcnde bulunan Edincik RES projesinin kurulu g\u00fcc\u00fc 30 MW\u2019dan 56,4 MW\u2019a, Bursa Temiz Enerji\u2019ye ait olan 25 MW kapasiteli 41,8 MW\u2019l\u0131k kurulu g\u00fcce ula\u015facak.<\/p>\n<p>Projelerin devreye girmesi Nordex t\u00fcrbinlerinin T\u00fcrkiye\u2019nin toplam r\u00fczg\u00e2r enerjisi g\u00fcc\u00fc i\u00e7indeki pay\u0131n\u0131 1,050 MW seviyesine \u00e7\u0131karm\u0131\u015f olacak.<\/p>\n<p>Kaynak: <a href=\"http:\/\/www.yesilekonomi.com\/yenilenebilir-enerji\/nordex-1-gw-sinirini-asti\" target=\"_blank\" rel=\"nofollow\">Ye\u015fil Ekonomi<\/a><\/p>","protected":false},"excerpt":{"rendered":"<p>Sorry, this entry is only available in Turkish. For the sake of viewer convenience, the content is shown below in the alternative language. You may click the link to switch the active language.Nordex T\u00fcrkiye\u2019nin d\u00f6rt r\u00fczg\u00e2r enerjisi projesi i\u00e7in toplamda 112,2 MW\u2019l\u0131k t\u00fcrbin sipari\u015fi ald\u0131\u011f\u0131 a\u00e7\u0131kland\u0131. Nordex T\u00fcrkiye\u2019den konu ile ilgili yap\u0131lan a\u00e7\u0131klamada t\u00fcrbinlerin yeni [&hellip;]<\/p>\n","protected":false},"author":1,"featured_media":32120,"comment_status":"open","ping_status":"open","sticky":false,"template":"","format":"standard","meta":[],"categories":[53,50],"tags":[63,67,1009,165,18571,4825,474,69,16,231],"views":990,"_links":{"self":[{"href":"https:\/\/www.enerjigazetesi.ist\/en\/wp-json\/wp\/v2\/posts\/32119"}],"collection":[{"href":"https:\/\/www.enerjigazetesi.ist\/en\/wp-json\/wp\/v2\/posts"}],"about":[{"href":"https:\/\/www.enerjigazetesi.ist\/en\/wp-json\/wp\/v2\/types\/post"}],"author":[{"embeddable":true,"href":"https:\/\/www.enerjigazetesi.ist\/en\/wp-json\/wp\/v2\/users\/1"}],"replies":[{"embeddable":true,"href":"https:\/\/www.enerjigazetesi.ist\/en\/wp-json\/wp\/v2\/comments?post=32119"}],"version-history":[{"count":1,"href":"https:\/\/www.enerjigazetesi.ist\/en\/wp-json\/wp\/v2\/posts\/32119\/revisions"}],"predecessor-version":[{"id":32121,"href":"https:\/\/www.enerjigazetesi.ist\/en\/wp-json\/wp\/v2\/posts\/32119\/revisions\/32121"}],"wp:featuredmedia":[{"embeddable":true,"href":"https:\/\/www.enerjigazetesi.ist\/en\/wp-json\/wp\/v2\/media\/32120"}],"wp:attachment":[{"href":"https:\/\/www.enerjigazetesi.ist\/en\/wp-json\/wp\/v2\/media?parent=32119"}],"wp:term":[{"taxonomy":"category","embeddable":true,"href":"https:\/\/www.enerjigazetesi.ist\/en\/wp-json\/wp\/v2\/categories?post=32119"},{"taxonomy":"post_tag","embeddable":true,"href":"https:\/\/www.enerjigazetesi.ist\/en\/wp-json\/wp\/v2\/tags?post=32119"}],"curies":[{"name":"wp","href":"https:\/\/api.w.org\/{rel}","templated":true}]}}