{"id":32103,"date":"2014-10-02T18:08:25","date_gmt":"2014-10-02T15:08:25","guid":{"rendered":"https:\/\/www.enerjigazetesi.ist\/?p=32103"},"modified":"2014-10-02T18:08:25","modified_gmt":"2014-10-02T15:08:25","slug":"enerji-bakani-yildiz-pazarlik-icin-rusyada","status":"publish","type":"post","link":"https:\/\/www.enerjigazetesi.ist\/en\/enerji-bakani-yildiz-pazarlik-icin-rusyada\/","title":{"rendered":"(Turkish) Enerji Bakan\u0131 Y\u0131ld\u0131z, Pazarl\u0131k \u0130\u00e7in Rusya\u2019da&#8230;"},"content":{"rendered":"<p class=\"qtranxs-available-languages-message qtranxs-available-languages-message-en\">Sorry, this entry is only available in <a href=\"https:\/\/www.enerjigazetesi.ist\/tr\/wp-json\/wp\/v2\/posts\/32103\" class=\"qtranxs-available-language-link qtranxs-available-language-link-tr\" title=\"Turkish\">Turkish<\/a>. For the sake of viewer convenience, the content is shown below in the alternative language. You may click the link to switch the active language.<\/p><p><strong>Enerji ve Tabii Kaynaklar Bakan\u0131 Y\u0131ld\u0131z, T\u00fcrkiye ile Rusya Federasyonu aras\u0131ndaki gaz ticaretinde \u00f6nemli bir noktaya gelindi\u011fini belirterek, do\u011falgaz al\u0131m\u0131n\u0131 30 milyar metrek\u00fcplere ta\u015f\u0131nmas\u0131n\u0131n hedeflendi\u011fini belirtti. Bakan Y\u0131ld\u0131z, Moskova\u2019da Gazpromexport Ba\u015fkan\u0131 Elena Burmistrova, Gazprom Ba\u015fkan Yard\u0131mc\u0131s\u0131 Alexsand\u0131r Medvedev ve Gazprom Y\u00f6netim Kurulu Ba\u015fkan\u0131 Alexey Miller ile yapt\u0131\u011f\u0131 g\u00f6r\u00fc\u015fmelerin ard\u0131ndan gazetecilerin sorular\u0131n\u0131 yan\u0131tlad\u0131.<\/strong><\/p>\n<p>T\u00fcrkiye ile Rusya Federasyonu aras\u0131ndaki gaz ticaretinde \u00f6nemli bir noktaya gelindi\u011fini dile getiren Y\u0131ld\u0131z, \u201cGe\u00e7ti\u011fimiz y\u0131l 26,5 milyar metrek\u00fcp civar\u0131nda do\u011falgaz alm\u0131\u015ft\u0131k, bu y\u0131lki hedefimiz tabiki bunun kontrat de\u011feri olan 30 milyar metrek\u00fcplere ta\u015f\u0131nmas\u0131yla alakal\u0131 bir husustu. \u0130yi, verimli bir g\u00f6r\u00fc\u015fme oldu\u201d dedi.<a href=\"https:\/\/www.enerjigazetesi.ist\/wp-content\/uploads\/2014\/10\/enerji-bakani-yildiz-pazarlik-icin-rusyada.jpg\"><img loading=\"lazy\" class=\"alignright size-medium wp-image-32104\" src=\"https:\/\/www.enerjigazetesi.ist\/wp-content\/uploads\/2014\/10\/enerji-bakani-yildiz-pazarlik-icin-rusyada-300x207.jpg\" alt=\"enerji-bakani-yildiz-pazarlik-icin-rusyada\" width=\"300\" height=\"207\" srcset=\"https:\/\/www.enerjigazetesi.ist\/wp-content\/uploads\/2014\/10\/enerji-bakani-yildiz-pazarlik-icin-rusyada-300x207.jpg 300w, https:\/\/www.enerjigazetesi.ist\/wp-content\/uploads\/2014\/10\/enerji-bakani-yildiz-pazarlik-icin-rusyada-500x345.jpg 500w, https:\/\/www.enerjigazetesi.ist\/wp-content\/uploads\/2014\/10\/enerji-bakani-yildiz-pazarlik-icin-rusyada-72x50.jpg 72w, https:\/\/www.enerjigazetesi.ist\/wp-content\/uploads\/2014\/10\/enerji-bakani-yildiz-pazarlik-icin-rusyada.jpg 626w\" sizes=\"(max-width: 300px) 100vw, 300px\" \/><\/a><\/p>\n<p>Bir gazetecinin \u201cBu miktar i\u00e7erisinde \u00f6zel sekt\u00f6r\u00fcn pay\u0131 nedir, indirim konusunda talep oldu mu? sorusuna Y\u0131ld\u0131z, gaz miktar\u0131n\u0131 \u00f6zellikle Ukrayna kriziyle de\u011ferlendirdiklerini s\u00f6yledi. T\u00fcrkiye\u2019nin 10 milyar metrek\u00fcpl\u00fck do\u011falgaz\u0131 \u00f6zel sekt\u00f6r marifetiyle ald\u0131\u011f\u0131na i\u015faret eden Y\u0131ld\u0131z, bu miktar\u0131n daha da art\u0131r\u0131lmas\u0131ndan yana olduklar\u0131n\u0131 kaydetti. Ancak Rusya Federasyonu\u2019nun bunu sonra de\u011ferlendirece\u011fini anlatan Y\u0131ld\u0131z, \u015f\u00f6yle konu\u015ftu:<\/p>\n<p>\u201cBunlar m\u00fczakere edilecek konular, m\u00fczakereye de devam edece\u011fiz. Ancak olas\u0131 Ukrayna krizi ile beraber az veya \u00e7ok \u00f6n\u00fcm\u00fczdeki hafta yapacaklar\u0131 toplant\u0131dan sonra netle\u015fece\u011fini belirttikleri bir krizden bahsettiler. Bunun miktar\u0131n\u0131 \u00f6n\u00fcm\u00fczdeki hafta yapacaklar\u0131 toplant\u0131dan sonra netle\u015ftireceklerini s\u00f6ylediler. Biz de kendilerine muhatab\u0131m\u0131z\u0131n kendileri oldu\u011funu, Rusya Federasyonu ile yap\u0131lan anla\u015fmalar\u0131n her iki \u00fclke i\u00e7inde de\u011ferli ve \u00f6nemli oldu\u011funu, b\u00f6yle bir krizi temenni etmedi\u011fimizi ilettik. AB, Ukrayna ve Rusya aras\u0131ndaki g\u00f6r\u00fc\u015fmelerde bu \u00e7\u00f6z\u00fcm yollar\u0131n\u0131n bulunmas\u0131 laz\u0131m geldi\u011fini kendilerine ilettik. Ukrayna civar\u0131nda olu\u015fabilecek herhangi bir boru hatt\u0131ndaki do\u011falgaz kesintisi T\u00fcrkiye\u2019yi etkiler.\u201d<\/p>\n<h2>\u201c\u0130ndirim i\u00e7in haz\u0131rl\u0131k yap\u0131yoruz\u201d<\/h2>\n<p>\u0130ndirim konusunda ise Y\u0131ld\u0131z, fiyat revizyon hakk\u0131n\u0131 kullanmak istediklerini ve bu konudaki taleplerini m\u00fczakere masas\u0131nda rahatl\u0131kla sonu\u00e7land\u0131rabileceklerini anlatt\u0131klar\u0131n\u0131 s\u00f6yledi.<\/p>\n<p>Fiyat revizyonuna ili\u015fkin y\u0131l sonunda g\u00f6r\u00fc\u015fmelere ba\u015flanaca\u011f\u0131n\u0131 ancak \u015fimdiden haz\u0131rl\u0131k yapt\u0131klar\u0131n\u0131 ifade eden Y\u0131ld\u0131z, s\u00f6zlerini \u015f\u00f6yle s\u00fcrd\u00fcrd\u00fc:<\/p>\n<p>\u201cBizim indirim almam\u0131z laz\u0131m geldi\u011fini, kendilerine net bir ifadeyle s\u00f6yledik. Bizden daha uygun fiyatlarla do\u011falgaz alan AB \u00fcyesi \u00fclkeler var, bizden daha pahal\u0131 fiyatta alan \u00fclkeler var ama T\u00fcrkiye\u2019nin \u00f6zellikle bu miktarlar\u0131n\u0131 b\u00fcy\u00fcyen, ilerleyen ve geli\u015fen y\u00fcz\u00fcn\u00fc daha iyi hissedebilece\u011fimiz bir miktar\u0131, bir fiyat\u0131 da ayn\u0131 \u015fekilde kurgulad\u0131\u011f\u0131m\u0131z\u0131 kendilerine ilettik. B\u00fct\u00fcn bunlar\u0131n her birisini bir paket olarak da tabiki de\u011ferlendirece\u011fiz.\u201d<\/p>\n<p>Mavi Ak\u0131m\u2019dan 3 milyar metrek\u00fcpl\u00fck kapasite art\u0131\u015f\u0131na ili\u015fkin de prensip karar\u0131na vard\u0131klar\u0131n\u0131 belirten Bakan Y\u0131ld\u0131z, bunu da \u00f6zel sekt\u00f6r eliyle almay\u0131 d\u00fc\u015f\u00fcnd\u00fcklerini kaydetti. Y\u0131ld\u0131z, \u201c16 milyar metrek\u00fcpl\u00fck mavi ak\u0131mdaki kapasiteyi uygun fiyat olu\u015fmas\u0131 halinde bizim \u00f6zel sekt\u00f6r marifetiyle ve uygun fiyatlarla beraber T\u00fcrkiye\u2019ye kazand\u0131rmak istedi\u011fimizi s\u00f6yledik\u201d diye konu\u015ftu.<\/p>\n<h2>\u201cDo\u011falgaz maliyetleri y\u00fcksek\u201d<\/h2>\n<p>Bakan Y\u0131ld\u0131z, bir ba\u015fka soruyu yan\u0131tlarken do\u011falgaz maliyetlerinin hala \u00e7ok y\u00fcksek oldu\u011funu ifade ederek, \u201cBOTA\u015e\u2019\u0131n 1 milyar dolar civar\u0131nda bir eksi\u011finden bahsediyoruz. Amac\u0131m\u0131z b\u00fct\u00fcn bunlar\u0131 telafi etmek y\u00f6n\u00fcnde. Biz \u015fu ana kadar gelen maliyetimizdeki art\u0131\u015flar\u0131n tamam\u0131n\u0131 zaten vatanda\u015f\u0131m\u0131za, sanayicimize aktarm\u0131\u015f de\u011filiz, b\u00fct\u00fcn bu yorumlar\u0131 hem vatanda\u015f\u0131m\u0131z\u0131n, mesken sahiplerimizin, ticarethanelerin, sanayicilerimizin lehine yorumlayarak bu noktaya geliyoruz\u201d diye konu\u015ftu.<\/p>\n<h2>\u201cBat\u0131 hatt\u0131nda gaz kesilirse T\u00fcrkiye etkilenir\u201d<\/h2>\n<p>Bir gazetecinin de bat\u0131 hatt\u0131nda gaz kesildi\u011fi takdirde T\u00fcrkiye\u2019nin C plan\u0131n\u0131n olup olmad\u0131\u011f\u0131 sorusuna Bakan Y\u0131ld\u0131z, \u015fu yan\u0131t\u0131 verdi:<br \/>\n\u201cA\u00e7\u0131k\u00e7as\u0131 tabii ki ba\u015fka alternatif kaynaklar\u0131ndan bunu telafi etmeye \u00e7al\u0131\u015f\u0131r\u0131z ama do\u011falgaz ile \u0131s\u0131nan meskenlerimizin, sanayide kullan\u0131lan yap\u0131n\u0131n \u00f6yle hemen telafi edilebilir bir yan\u0131 olmaz. O y\u00fczden Ukrayna civar\u0131nda olu\u015fabilecek herhangi bir boru hatt\u0131ndaki do\u011falgaz kesilmesi a\u00e7\u0131k\u00e7a s\u00f6yleyeyim arkada\u015flar T\u00fcrkiye\u2019yi etkiler. T\u00fcrkiye\u2019nin bundan en az etkilenebilece\u011fi yap\u0131 bu gaz\u0131n kesilmemesi \u015feklinde olacakt\u0131r. Bug\u00fcnk\u00fc yapt\u0131\u011f\u0131m\u0131z g\u00f6r\u00fc\u015fmeler de zaten bu \u00e7er\u00e7evede oldu.\u201d<\/p>\n<p>Y\u0131ld\u0131z, bir ba\u015fka soru \u00fczerine T\u00fcrkiye\u2019nin ya\u015f sebze ve meyve ihracat\u0131 konusunda haz\u0131r oldu\u011funu s\u00f6yledi.<\/p>\n<p>Bakan Y\u0131ld\u0131z, temaslar\u0131 kapsam\u0131nda Rusya Enerji Bakan\u0131 Aleksand\u0131r Novak ve Rosatom Ba\u015fkan\u0131 Sergey Kiriyenko ile g\u00f6r\u00fc\u015fecek.<\/p>\n<p>Haberin Devam\u0131 i\u00e7in <a href=\"http:\/\/turkish.ruvr.ru\/news\/2014_10_01\/Yildiz-Rusya-ile-gaz-ticareti\/\" target=\"_blank\" rel=\"nofollow\">t\u0131klay\u0131n\u0131z&gt;&gt;&gt;<\/a><\/p>\n<p>Kaynak: turkish.ruvr.ru<\/p>","protected":false},"excerpt":{"rendered":"<p>Sorry, this entry is only available in Turkish. For the sake of viewer convenience, the content is shown below in the alternative language. You may click the link to switch the active language.Enerji ve Tabii Kaynaklar Bakan\u0131 Y\u0131ld\u0131z, T\u00fcrkiye ile Rusya Federasyonu aras\u0131ndaki gaz ticaretinde \u00f6nemli bir noktaya gelindi\u011fini belirterek, do\u011falgaz al\u0131m\u0131n\u0131 30 milyar metrek\u00fcplere [&hellip;]<\/p>\n","protected":false},"author":1,"featured_media":32104,"comment_status":"open","ping_status":"open","sticky":false,"template":"","format":"standard","meta":[],"categories":[46,53],"tags":[9219,18554,92,226,1028,9351,13155,18555,63,67,1009,165,1277,18556,4221],"views":616,"_links":{"self":[{"href":"https:\/\/www.enerjigazetesi.ist\/en\/wp-json\/wp\/v2\/posts\/32103"}],"collection":[{"href":"https:\/\/www.enerjigazetesi.ist\/en\/wp-json\/wp\/v2\/posts"}],"about":[{"href":"https:\/\/www.enerjigazetesi.ist\/en\/wp-json\/wp\/v2\/types\/post"}],"author":[{"embeddable":true,"href":"https:\/\/www.enerjigazetesi.ist\/en\/wp-json\/wp\/v2\/users\/1"}],"replies":[{"embeddable":true,"href":"https:\/\/www.enerjigazetesi.ist\/en\/wp-json\/wp\/v2\/comments?post=32103"}],"version-history":[{"count":1,"href":"https:\/\/www.enerjigazetesi.ist\/en\/wp-json\/wp\/v2\/posts\/32103\/revisions"}],"predecessor-version":[{"id":32105,"href":"https:\/\/www.enerjigazetesi.ist\/en\/wp-json\/wp\/v2\/posts\/32103\/revisions\/32105"}],"wp:featuredmedia":[{"embeddable":true,"href":"https:\/\/www.enerjigazetesi.ist\/en\/wp-json\/wp\/v2\/media\/32104"}],"wp:attachment":[{"href":"https:\/\/www.enerjigazetesi.ist\/en\/wp-json\/wp\/v2\/media?parent=32103"}],"wp:term":[{"taxonomy":"category","embeddable":true,"href":"https:\/\/www.enerjigazetesi.ist\/en\/wp-json\/wp\/v2\/categories?post=32103"},{"taxonomy":"post_tag","embeddable":true,"href":"https:\/\/www.enerjigazetesi.ist\/en\/wp-json\/wp\/v2\/tags?post=32103"}],"curies":[{"name":"wp","href":"https:\/\/api.w.org\/{rel}","templated":true}]}}